{"id":17257,"date":"2020-10-08T12:30:18","date_gmt":"2020-10-08T10:30:18","guid":{"rendered":"https:\/\/www.sceltedigusto.it\/public\/?p=17257"},"modified":"2020-10-08T12:30:18","modified_gmt":"2020-10-08T10:30:18","slug":"il-webinar-conclusivo-de-il-nuovo-enoturismo-il-resoconto-dellestate-2020-e-le-prospettive-2021-per-il-turismo-enogastronomico","status":"publish","type":"post","link":"https:\/\/www.sceltedigusto.it\/public\/il-webinar-conclusivo-de-il-nuovo-enoturismo-il-resoconto-dellestate-2020-e-le-prospettive-2021-per-il-turismo-enogastronomico\/","title":{"rendered":"Il Webinar conclusivo de \u201cIl Nuovo Enoturismo\u201d . Il resoconto dell\u2019estate 2020 e le prospettive 2021 per il Turismo Enogastronomico"},"content":{"rendered":"<p>L\u2019Enoturismo \u00e8 una risorsa strategica sia per il comparto vinicolo che per il marketing territoriale della <strong>Lombardia<\/strong> dell\u2019Italia. In un Paese in cui il Turismo rappresenta il <strong>13% del PIL<\/strong> e in cui il settore Vinicolo pesa per <strong>6,2 miliardi nelle esportazioni<\/strong>, l\u2019Enoturismo intreccia questi due importanti volani dell\u2019economia italiana con un fatturato di circa 2,65 miliardi di Euro. I <strong>15 milioni stimati di enoturisti<\/strong> che hanno scelto l\u2019Italia come meta incidono cos\u00ec per il 27% del fatturato delle cantine e addirittura per il 36% per le altre attivit\u00e0 della filiera turistica territoriale. Questo Turismo sostiene inoltre le comunit\u00e0 rurali con 42 milioni di fatturato annuo. In Lombardia, una Regione con una superficie vitata di 22.090 ettari e una produzione di 1,3 milioni di ettolitri, l\u2019Enoturismo ha gi\u00e0 trovato terreno fertile, ma ha ancora ampi margini di crescita.<\/p>\n<p><a href=\"https:\/\/www.sceltedigusto.it\/public\/wp-content\/uploads\/2020\/10\/Logo-Nuovo-Enoturismo.jpg\"><img loading=\"lazy\" class=\"alignnone  wp-image-17258\" src=\"https:\/\/www.sceltedigusto.it\/public\/wp-content\/uploads\/2020\/10\/Logo-Nuovo-Enoturismo.jpg\" alt=\"\" width=\"733\" height=\"503\" srcset=\"https:\/\/www.sceltedigusto.it\/public\/wp-content\/uploads\/2020\/10\/Logo-Nuovo-Enoturismo.jpg 484w, https:\/\/www.sceltedigusto.it\/public\/wp-content\/uploads\/2020\/10\/Logo-Nuovo-Enoturismo-300x206.jpg 300w, https:\/\/www.sceltedigusto.it\/public\/wp-content\/uploads\/2020\/10\/Logo-Nuovo-Enoturismo-150x103.jpg 150w, https:\/\/www.sceltedigusto.it\/public\/wp-content\/uploads\/2020\/10\/Logo-Nuovo-Enoturismo-218x150.jpg 218w, https:\/\/www.sceltedigusto.it\/public\/wp-content\/uploads\/2020\/10\/Logo-Nuovo-Enoturismo-100x70.jpg 100w\" sizes=\"(max-width: 733px) 100vw, 733px\" \/><\/a><\/p>\n<p>Di questo si \u00e8 parlato ieri,\u00a0 mercoled\u00ec 7 ottobre, in live streaming, nel Webinar \u201c<strong>Enoturismo oggi, in Lombardia: sfide e opportunit\u00e0\u201d<\/strong>, promosso da Unioncamere Lombardia, durante il quale esperti del settore, operatori turistici, stampa specializzata e viticultori si sono confrontati per fare un primo punto su come \u00e8 andata la stagione enoturistica in Lombardia e per capire quali siano le prospettive del comparto per la Regione e per l\u2019intero Paese, proiettandosi cos\u00ec gi\u00e0 nel 2021. Il webinar ha concluso il progetto formativo \u201cIl Nuovo Enoturismo: istruzioni per l\u2019uso\u201d, un ciclo di incontri dedicati alla formazione degli operatori lombardi della filiera enoturistica, dai Produttori agli operatori dell\u2019accoglienza in albergo, B&amp;B e della ristorazione, fino alle guide turistiche, alle agenzie di viaggi e ai tour operator.<a href=\"https:\/\/www.sceltedigusto.it\/public\/wp-content\/uploads\/2019\/08\/vigneto.jpg\"><img loading=\"lazy\" class=\"alignnone  wp-image-16308\" src=\"https:\/\/www.sceltedigusto.it\/public\/wp-content\/uploads\/2019\/08\/vigneto.jpg\" alt=\"\" width=\"732\" height=\"430\" srcset=\"https:\/\/www.sceltedigusto.it\/public\/wp-content\/uploads\/2019\/08\/vigneto.jpg 400w, https:\/\/www.sceltedigusto.it\/public\/wp-content\/uploads\/2019\/08\/vigneto-300x176.jpg 300w, https:\/\/www.sceltedigusto.it\/public\/wp-content\/uploads\/2019\/08\/vigneto-150x88.jpg 150w\" sizes=\"(max-width: 732px) 100vw, 732px\" \/><\/a>La stagione 2020 del turismo italiano ha confermato che un numero crescente di viaggiatori &#8211; wine lovers, enogastronauti e turisti di varia estrazione &#8211; scelgono l\u2019esperienza enoturistica. Quest\u2019anno, viste anche le restrizioni dovute al Covid-19, l\u2019Enoturismo si \u00e8 spesso caratterizzato come \u2018turismo della ripartenza\u2019: un turismo di prossimit\u00e0, economicamente accessibile, integrato con altre esperienze culturali, gastronomiche, naturalistiche, fruibile anche a piccoli gruppi, praticabile all\u2019aperto preferendo spesso la vigna alla cantina.<a href=\"https:\/\/www.sceltedigusto.it\/public\/wp-content\/uploads\/2014\/09\/vigneto-toscano.jpg\"><img loading=\"lazy\" class=\"alignnone size-full wp-image-7847\" src=\"https:\/\/www.sceltedigusto.it\/public\/wp-content\/uploads\/2014\/09\/vigneto-toscano.jpg\" alt=\"\" width=\"1772\" height=\"1399\" srcset=\"https:\/\/www.sceltedigusto.it\/public\/wp-content\/uploads\/2014\/09\/vigneto-toscano.jpg 1772w, https:\/\/www.sceltedigusto.it\/public\/wp-content\/uploads\/2014\/09\/vigneto-toscano-300x237.jpg 300w, https:\/\/www.sceltedigusto.it\/public\/wp-content\/uploads\/2014\/09\/vigneto-toscano-1024x808.jpg 1024w, https:\/\/www.sceltedigusto.it\/public\/wp-content\/uploads\/2014\/09\/vigneto-toscano-768x606.jpg 768w, https:\/\/www.sceltedigusto.it\/public\/wp-content\/uploads\/2014\/09\/vigneto-toscano-1536x1213.jpg 1536w, https:\/\/www.sceltedigusto.it\/public\/wp-content\/uploads\/2014\/09\/vigneto-toscano-150x118.jpg 150w, https:\/\/www.sceltedigusto.it\/public\/wp-content\/uploads\/2014\/09\/vigneto-toscano-696x549.jpg 696w, https:\/\/www.sceltedigusto.it\/public\/wp-content\/uploads\/2014\/09\/vigneto-toscano-1068x843.jpg 1068w, https:\/\/www.sceltedigusto.it\/public\/wp-content\/uploads\/2014\/09\/vigneto-toscano-532x420.jpg 532w\" sizes=\"(max-width: 1772px) 100vw, 1772px\" \/><\/a>In Lombardia, ad esempio, il progetto \u2018<strong>Vigneti Aperti\u2019<\/strong> &#8211; promosso dal Movimento Turismo del Vino della Lombardia &#8211; ha coinvolto numerose cantine lombarde, le quali hanno ottenuto un riscontro positivo. Questo grazie alle nuove proposte di servizi e esperienze create appositamente per i turisti italiani, che hanno in parte sopperito al mancato apporto del turismo internazionale di quest\u2019anno.<a href=\"https:\/\/www.sceltedigusto.it\/public\/wp-content\/uploads\/2016\/08\/Vigneto-La-Fuga_ph-Fabio-Gambina.jpg\"><img loading=\"lazy\" class=\"alignnone size-full wp-image-12629\" src=\"https:\/\/www.sceltedigusto.it\/public\/wp-content\/uploads\/2016\/08\/Vigneto-La-Fuga_ph-Fabio-Gambina.jpg\" alt=\"\" width=\"1205\" height=\"802\" srcset=\"https:\/\/www.sceltedigusto.it\/public\/wp-content\/uploads\/2016\/08\/Vigneto-La-Fuga_ph-Fabio-Gambina.jpg 1205w, https:\/\/www.sceltedigusto.it\/public\/wp-content\/uploads\/2016\/08\/Vigneto-La-Fuga_ph-Fabio-Gambina-300x200.jpg 300w, https:\/\/www.sceltedigusto.it\/public\/wp-content\/uploads\/2016\/08\/Vigneto-La-Fuga_ph-Fabio-Gambina-1024x682.jpg 1024w, https:\/\/www.sceltedigusto.it\/public\/wp-content\/uploads\/2016\/08\/Vigneto-La-Fuga_ph-Fabio-Gambina-768x511.jpg 768w, https:\/\/www.sceltedigusto.it\/public\/wp-content\/uploads\/2016\/08\/Vigneto-La-Fuga_ph-Fabio-Gambina-150x100.jpg 150w, https:\/\/www.sceltedigusto.it\/public\/wp-content\/uploads\/2016\/08\/Vigneto-La-Fuga_ph-Fabio-Gambina-696x463.jpg 696w, https:\/\/www.sceltedigusto.it\/public\/wp-content\/uploads\/2016\/08\/Vigneto-La-Fuga_ph-Fabio-Gambina-1068x711.jpg 1068w, https:\/\/www.sceltedigusto.it\/public\/wp-content\/uploads\/2016\/08\/Vigneto-La-Fuga_ph-Fabio-Gambina-631x420.jpg 631w\" sizes=\"(max-width: 1205px) 100vw, 1205px\" \/><\/a><strong>Anna Zerboni<\/strong>, Responsabile Area Servizi per le Imprese &#8211; Turismo, Cultura, Territorio di Unioncamere Lombardia, ha ricordato il successo del progetto formativo \u201cIl Nuovo Enoturismo: istruzioni per l\u2019uso\u201d, organizzato nel mese di maggio in collaborazione con l\u2019agenzia The Round Table e dedicato agli Operatori del settore: \u201c<em>Abbiamo fornito informazioni utili per accogliere al meglio gli enoturisti, promuovendo l\u2019uso del web e fornendo informazioni sull\u2019accoglienza in sicurezza e sulle indicazioni che il MIPAAF ha dato con il decreto del 2019 che ha disciplinato la materia dell\u2019Enoturismo. Hanno partecipato oltre 150 tra Produttori vinicoli e Operatori dell\u2019accoglienza in Lombardia. Si tratta di un\u2019iniziativa che si inserisce in un progetto pi\u00f9 ampio di promozione &#8211; che comprende azioni a supporto delle imprese e bandi &#8211; che stiamo sviluppando in collaborazione anche con Regione Lombardia, che come noi vede nell\u2019Enoturismo una grande occasione per ripensare il settore in un contesto storico cos\u00ec particolare<\/em>\u201d.<\/p>\n<p><a href=\"https:\/\/www.sceltedigusto.it\/public\/wp-content\/uploads\/2014\/07\/vini.jpg\"><img loading=\"lazy\" class=\"alignnone  wp-image-7401\" src=\"https:\/\/www.sceltedigusto.it\/public\/wp-content\/uploads\/2014\/07\/vini.jpg\" alt=\"\" width=\"713\" height=\"412\" srcset=\"https:\/\/www.sceltedigusto.it\/public\/wp-content\/uploads\/2014\/07\/vini.jpg 640w, https:\/\/www.sceltedigusto.it\/public\/wp-content\/uploads\/2014\/07\/vini-300x173.jpg 300w\" sizes=\"(max-width: 713px) 100vw, 713px\" \/><\/a>Il contesto italiano e internazionale \u00e8 stato tracciato da <strong>Magda Antonioli,<\/strong> Vicepresidente European Travel Commission e Consigliere ENIT: <em>\u201cMediamente, l\u2019enoturista \u00e8 disposto a spendere oltre 120\u20ac per un\u2019esperienza nel mondo del vino, un valore che sta crescendo grazie anche all\u2019attenzione dei consumatori che sempre pi\u00f9 vogliono provare prodotti di qualit\u00e0. \u00c8 da riscontrare inoltre che l\u2019Enoturismo ha un impatto molto importante non solo a livello economico, ma anche socioculturale su tutto un territorio<\/em>\u201d.<a href=\"https:\/\/www.sceltedigusto.it\/public\/wp-content\/uploads\/2016\/01\/vino-passione2.jpg\"><img loading=\"lazy\" class=\"alignnone size-full wp-image-11151\" src=\"https:\/\/www.sceltedigusto.it\/public\/wp-content\/uploads\/2016\/01\/vino-passione2.jpg\" alt=\"\" width=\"1500\" height=\"1050\" srcset=\"https:\/\/www.sceltedigusto.it\/public\/wp-content\/uploads\/2016\/01\/vino-passione2.jpg 1500w, https:\/\/www.sceltedigusto.it\/public\/wp-content\/uploads\/2016\/01\/vino-passione2-300x210.jpg 300w, https:\/\/www.sceltedigusto.it\/public\/wp-content\/uploads\/2016\/01\/vino-passione2-1024x716.jpg 1024w\" sizes=\"(max-width: 1500px) 100vw, 1500px\" \/><\/a>\u201c<em>L\u2019enoturismo \u00e8 ormai una dimensione stabile e rilevante del fatturato delle imprese del settore\u201d<\/em> \u2013 ha spiegato <strong>Giulio Somma<\/strong> direttore de Il Corriere Vinicolo \u2013 \u201c<em>Rispetto per\u00f2 al mercato del vino, che pu\u00f2 essere venduto individualmente dai singoli produttori, l\u2019enoturismo coinvolge un patrimonio collettivo che costringe tutto un territorio a collaborare e fare squadra. Questo porter\u00e0 a un radicale cambio di visione da parte dei produttori, che attualmente vedono gli altri produttori del proprio territorio come concorrenti e non come possibili partner\u201d.<\/em><\/p>\n<p><strong>Carlo Pietrasanta<\/strong>, Presidente del MTV Lombardia, sintetizza cos\u00ec l\u2019estate 2020: \u201c<em>La priorit\u00e0 ora deve essere la preparazione per il ritorno degli stranieri: appena l\u2019emergenza Covid sar\u00e0 passata e si potr\u00e0 tornare a viaggiare in sicurezza, dovremo farci trovare pronti per accogliere al meglio le tante persone che hanno voglia di Enoturismo in Italia. Quest\u2019estate, pur con le limitazioni che abbiamo avuto, ci ha dimostrato quanto siano attrattive la vigna, la cantina e le esperienze a esse collegate e che bisogna continuare su questa strada\u201d.<\/em><\/p>\n<p>&nbsp;<\/p>\n<p>Credits : Foto del Vigneto notturno di <strong>Fabio Gambino<\/strong><\/p>\n","protected":false},"excerpt":{"rendered":"<p>L\u2019Enoturismo \u00e8 una risorsa strategica sia per il comparto vinicolo che per il marketing territoriale della Lombardia dell\u2019Italia. In un Paese in cui il Turismo rappresenta il 13% del PIL e in cui il settore Vinicolo pesa per 6,2 miliardi nelle esportazioni, l\u2019Enoturismo intreccia questi due importanti volani dell\u2019economia italiana con un fatturato di circa [&hellip;]<\/p>\n","protected":false},"author":18,"featured_media":17258,"comment_status":"open","ping_status":"open","sticky":false,"template":"","format":"standard","meta":[],"categories":[4,5438],"tags":[441,595,209],"jetpack_featured_media_url":"https:\/\/www.sceltedigusto.it\/public\/wp-content\/uploads\/2020\/10\/Logo-Nuovo-Enoturismo.jpg","_links":{"self":[{"href":"https:\/\/www.sceltedigusto.it\/public\/wp-json\/wp\/v2\/posts\/17257"}],"collection":[{"href":"https:\/\/www.sceltedigusto.it\/public\/wp-json\/wp\/v2\/posts"}],"about":[{"href":"https:\/\/www.sceltedigusto.it\/public\/wp-json\/wp\/v2\/types\/post"}],"author":[{"embeddable":true,"href":"https:\/\/www.sceltedigusto.it\/public\/wp-json\/wp\/v2\/users\/18"}],"replies":[{"embeddable":true,"href":"https:\/\/www.sceltedigusto.it\/public\/wp-json\/wp\/v2\/comments?post=17257"}],"version-history":[{"count":1,"href":"https:\/\/www.sceltedigusto.it\/public\/wp-json\/wp\/v2\/posts\/17257\/revisions"}],"predecessor-version":[{"id":17259,"href":"https:\/\/www.sceltedigusto.it\/public\/wp-json\/wp\/v2\/posts\/17257\/revisions\/17259"}],"wp:featuredmedia":[{"embeddable":true,"href":"https:\/\/www.sceltedigusto.it\/public\/wp-json\/wp\/v2\/media\/17258"}],"wp:attachment":[{"href":"https:\/\/www.sceltedigusto.it\/public\/wp-json\/wp\/v2\/media?parent=17257"}],"wp:term":[{"taxonomy":"category","embeddable":true,"href":"https:\/\/www.sceltedigusto.it\/public\/wp-json\/wp\/v2\/categories?post=17257"},{"taxonomy":"post_tag","embeddable":true,"href":"https:\/\/www.sceltedigusto.it\/public\/wp-json\/wp\/v2\/tags?post=17257"}],"curies":[{"name":"wp","href":"https:\/\/api.w.org\/{rel}","templated":true}]}}