{"id":17248,"date":"2020-10-07T21:29:10","date_gmt":"2020-10-07T19:29:10","guid":{"rendered":"https:\/\/www.sceltedigusto.it\/public\/?p=17248"},"modified":"2020-10-07T21:29:10","modified_gmt":"2020-10-07T19:29:10","slug":"terra-madre-salone-del-gusto-2020-da-domani-i-primi-appuntamenti","status":"publish","type":"post","link":"https:\/\/www.sceltedigusto.it\/public\/terra-madre-salone-del-gusto-2020-da-domani-i-primi-appuntamenti\/","title":{"rendered":"Terra Madre Salone del Gusto 2020, da domani i primi appuntamenti"},"content":{"rendered":"<div>\n<div class=\"block-grid \">\n<div class=\"col num12\">\n<p>Tutti collegati a partire da domani,\u00a0<strong>gioved\u00ec 8 ottobre<\/strong>\u00a0e per sei mesi, su<a href=\"http:\/\/www.terramadresalonedelgusto.com,\">\u00a0<strong>www.terramadresalonedelgusto.com<\/strong>,<\/a> la piattaforma che ospiter\u00e0 gli eventi digitali della manifestazione internazionale pi\u00f9 importante dedicata al cibo buono, pulito, giusto e sano organizzata da <strong>Slow Food, Regione Piemonte e Citt\u00e0 di Torino.<\/strong><img src=\"https:\/\/mole24.it\/wp-content\/uploads\/2020\/06\/salone-del-gusto-2020-torino.png\" alt=\"Il Salone del Gusto 2020 di Torino: arrivano le date ufficiali dell'evento\" \/>Un evento rivoluzionato per adattarsi alle nuove esigenze di sicurezza dettate dal Covid che, grazie alle nuove tecnologie, permetter\u00e0 a un\u2019ampia platea di spettatori, in Italia e nel resto del mondo, di appropriarsi delle chiavi di lettura per leggere le crisi climatica, economica, sociale, sanitaria e alimentare che stiamo vivendo e comprendere, grazie all\u2019intervento di esperti, quali strade possiamo percorrere per costruire un futuro migliore, per l\u2019umanit\u00e0 e il pianeta.<\/p>\n<\/div>\n<\/div>\n<\/div>\n<div>\n<div class=\"block-grid \">\n<div class=\"col num12\">\n<p>Terra Madre Salone del Gusto si apre\u00a0<strong>gioved\u00ec 8 ottobre a partire dalle 12\u00a0<\/strong>con gli interventi inaugurali di:<\/p>\n<p><a href=\"https:\/\/www.sceltedigusto.it\/public\/wp-content\/uploads\/2014\/02\/petrini.jpg\"><img loading=\"lazy\" class=\"alignnone size-full wp-image-6488\" src=\"https:\/\/www.sceltedigusto.it\/public\/wp-content\/uploads\/2014\/02\/petrini.jpg\" alt=\"\" width=\"2400\" height=\"1731\" srcset=\"https:\/\/www.sceltedigusto.it\/public\/wp-content\/uploads\/2014\/02\/petrini.jpg 2400w, https:\/\/www.sceltedigusto.it\/public\/wp-content\/uploads\/2014\/02\/petrini-300x216.jpg 300w, https:\/\/www.sceltedigusto.it\/public\/wp-content\/uploads\/2014\/02\/petrini-1024x739.jpg 1024w, https:\/\/www.sceltedigusto.it\/public\/wp-content\/uploads\/2014\/02\/petrini-768x554.jpg 768w, https:\/\/www.sceltedigusto.it\/public\/wp-content\/uploads\/2014\/02\/petrini-1536x1108.jpg 1536w, https:\/\/www.sceltedigusto.it\/public\/wp-content\/uploads\/2014\/02\/petrini-2048x1477.jpg 2048w, https:\/\/www.sceltedigusto.it\/public\/wp-content\/uploads\/2014\/02\/petrini-150x108.jpg 150w, https:\/\/www.sceltedigusto.it\/public\/wp-content\/uploads\/2014\/02\/petrini-696x502.jpg 696w, https:\/\/www.sceltedigusto.it\/public\/wp-content\/uploads\/2014\/02\/petrini-1068x770.jpg 1068w, https:\/\/www.sceltedigusto.it\/public\/wp-content\/uploads\/2014\/02\/petrini-1920x1385.jpg 1920w, https:\/\/www.sceltedigusto.it\/public\/wp-content\/uploads\/2014\/02\/petrini-582x420.jpg 582w, https:\/\/www.sceltedigusto.it\/public\/wp-content\/uploads\/2014\/02\/petrini-324x235.jpg 324w, https:\/\/www.sceltedigusto.it\/public\/wp-content\/uploads\/2014\/02\/petrini-326x235.jpg 326w\" sizes=\"(max-width: 2400px) 100vw, 2400px\" \/><\/a><strong>Carlo Petrini, presidente di Slow Food<\/strong>, che rivolge un saluto ai delegati di Terra Madre di tutto il mondo e li invita a essere creativi, a sviluppare idee innovative, a mettere in campo nuovi progetti, che possano essere un esempio anche per altri soggetti che in tutto il mondo lavorano in maniera sostenibile tutelando l\u2019acqua, i suoli, l\u2019aria.<img loading=\"lazy\" class=\"\" src=\"https:\/\/www.primapaginaonline.it\/wp-content\/uploads\/2019\/07\/David-Sassoli-12-07-2019-bis-e1562950034173.jpg\" alt=\"Chi \u00e8 David Sassoli, nuovo Presidente del Parlamento Europeo \u2022 Prima Pagina  Online\" width=\"718\" height=\"450\" \/><strong>David Sassoli, presidente del Parlamento europeo<\/strong>, che mette in evidenza la grande sfida che abbiamo davanti, nella possibilit\u00e0 di progettare un\u2019Europa pi\u00f9 verde, pi\u00f9 equa, pi\u00f9 digitale che implicher\u00e0 un cambiamento profondo degli stili di vita, dei consumi, della produzione, nonch\u00e9 della vita quotidiana delle persone.<\/p>\n<p><strong>Marie Haga<\/strong>,\u00a0<strong>vicepresidente del Fondo Internazionale per lo Sviluppo Agricolo (Ifad)<\/strong>, partner di Slow Food per i progetti a sostegno delle popolazioni povere delle aree rurali nel miglioramento della produzione di cibo e dell\u2019accesso al mercato, che sottolinea quanto l\u2019evento digitale rappresenti, quest\u2019anno ancor di pi\u00f9, un\u2019opportunit\u00e0 per unire i delegati di Terra Madre.<img src=\"https:\/\/www.cuneocronaca.it\/img\/articoli\/1582382433terramadre.jpg\" alt=\"Terra Madre-Salone del Gusto 2020 cresce: sempre pi\u00f9 famiglie pronte ad  ospitare i delegati- Cuneocronaca.it\" \/>Alle 17 a dare il via ai lavori sar\u00e0 la prima delle grandi Conferenze\u00a0<strong>Nuove geografie e possibili futuri: la conferenza inaugurale<\/strong>. La geografia \u00e8 la scienza che pi\u00f9 di tutte ci permette di leggere il mondo che ci circonda. Ma per leggere la realt\u00e0 con lenti nuove \u00e8 necessario abbandonare confini politici e bandiere per focalizzare l\u2019attenzione sulla terra, i suoi ecosistemi, le relazioni fra gli esseri umani e la natura.<\/p>\n<p>Intervengono nella Conferenza:<img src=\"https:\/\/www.rai.it\/dl\/img\/2017\/10\/1507298393130Foto_Bio_meraviglie_farinelli.png\" alt=\"Radio 3 Franco Farinelli\" \/><strong>Franco Farinelli<\/strong>, gi\u00e0 professore ordinario di Geografia dell\u2019Universit\u00e0 di Bologna e docente presso le Universit\u00e0 di Ginevra, Los Angeles, Berkeley, e alla Sorbona di Parigi, autore del saggio\u00a0<em>L\u2019invenzione della Terra<\/em>;<img loading=\"lazy\" class=\"\" src=\"https:\/\/chartwellspeakers.b-cdn.net\/wp-content\/uploads\/2014\/01\/paul-collier-e1509967354851.jpg\" alt=\"Paul Collier | Economics | Business | Chartwell Speakers Bureau\" width=\"714\" height=\"625\" \/><strong>Paul Collier<\/strong>, direttore dell\u2019International Growth Centre (IGC), centro di ricerca economica con sede presso la London School of Economics, e autore dei saggi\u00a0<em>Il futuro del capitalismo<\/em>\u00a0e\u00a0<em>L\u2019ultimo miliardo<\/em>.\u00a0<em>Perch\u00e9 i paesi pi\u00f9 poveri diventano sempre pi\u00f9 poveri e cosa si pu\u00f2 fare per aiutarli<\/em>;<img loading=\"lazy\" class=\"\" src=\"https:\/\/laffont.ca\/wp-content\/uploads\/auteur\/virginie-raisson.jpg\" alt=\"Auteur Virginie Raisson | Robert Laffont Canada\" width=\"742\" height=\"495\" \/><strong>Virginie Raisson<\/strong>, analista in relazioni internazionali, specializzata in geopolitica prospettiva, direttrice del centro studi francese L\u00e9pac, e autrice dell\u2019<em>Atlante dei futuri del mondo<\/em>.<\/p>\n<p>Modera: <strong>Davide Papotti<\/strong>, docente di geografia culturale presso l\u2019Universit\u00e0 degli Studi di Parma.<img src=\"https:\/\/media.gazzettadiparma.it\/images\/2019\/03\/22\/1553239642848_GN4_DAT_13428265_735x513_1553239645672.jpg\" alt=\"Geografia, caleidoscopio di saperi. Ma docenti in calo - Gazzetta di Parma\" \/>Nel giorni successivi andranno on line sulla piattaforma gli altri format dell\u2019evento digitale.I\u00a0<strong>Forum<\/strong>,\u00a0l\u2019essenza del grande incontro internazionale della rete <strong>Slow Food<\/strong>: produttori delle Comunit\u00e0 e dei Pres\u00ecdi, cuochi, attivisti ed esperti che si confrontano su tematiche legate ad agricoltura, alimentazione, sostenibilit\u00e0, biodiversit\u00e0 e modelli produttivi. Quest\u2019anno, i forum sono organizzati intorno ai quattro ecosistemi, per mostrare come essi abbiano fragilit\u00e0 simili e, quindi, simili e condivisibili siano le possibili soluzioni. I forum sono organizzati in forma di webinar e per partecipare \u00e8 necessario registrarsi.<\/p>\n<p><a href=\"https:\/\/www.sceltedigusto.it\/public\/wp-content\/uploads\/2014\/04\/slow-food.jpg\"><img loading=\"lazy\" class=\"alignnone  wp-image-6917\" src=\"https:\/\/www.sceltedigusto.it\/public\/wp-content\/uploads\/2014\/04\/slow-food.jpg\" alt=\"\" width=\"741\" height=\"603\" srcset=\"https:\/\/www.sceltedigusto.it\/public\/wp-content\/uploads\/2014\/04\/slow-food.jpg 413w, https:\/\/www.sceltedigusto.it\/public\/wp-content\/uploads\/2014\/04\/slow-food-300x244.jpg 300w\" sizes=\"(max-width: 741px) 100vw, 741px\" \/><\/a>I\u00a0<strong>Food Talk,<\/strong> sono una nuova formula di questo <strong>Terra Madre Salone del Gusto 2020<\/strong>. Dieci minuti per fare emergere pensieri e parole davanti alla telecamera. Scrittori, economisti, filosofi, antropologi, ecologisti, educatori, insieme a contadini, pastori, pescatori, cuochi offrono la propria visione su ambiente, agricoltura, alimentazione\u2026 Un quadro collettivo sul futuro che vogliamo.<\/p>\n<p>Nuovissimi a Terra Madre arrivano i\u00a0<strong>Come si fa?<\/strong> Per scoprire mestieri e tecniche e approfondirne la conoscenza o per riprodurre, da casa, le preparazioni raccontate dai nostri ospiti.<\/p>\n<p>E infine la\u00a0<strong>Staffetta<\/strong>, una vera e propria miniserie, un viaggio in cinque puntate attraverso i fusi orari e i continenti, un dialogo fra saperi intorno alle grandi questioni contemporanee a cui tutti, in tutto il mondo, possono partecipare on line sulla piattaforma.<\/p>\n<p>&nbsp;<\/p>\n<\/div>\n<\/div>\n<\/div>\n","protected":false},"excerpt":{"rendered":"<p>Tutti collegati a partire da domani,\u00a0gioved\u00ec 8 ottobre\u00a0e per sei mesi, su\u00a0www.terramadresalonedelgusto.com, la piattaforma che ospiter\u00e0 gli eventi digitali della manifestazione internazionale pi\u00f9 importante dedicata al cibo buono, pulito, giusto e sano organizzata da Slow Food, Regione Piemonte e Citt\u00e0 di Torino.Un evento rivoluzionato per adattarsi alle nuove esigenze di sicurezza dettate dal Covid che, [&hellip;]<\/p>\n","protected":false},"author":18,"featured_media":17249,"comment_status":"open","ping_status":"open","sticky":false,"template":"","format":"standard","meta":[],"categories":[29,5435],"tags":[3032,9856,5235,836,9855,232,6909,972],"jetpack_featured_media_url":"https:\/\/www.sceltedigusto.it\/public\/wp-content\/uploads\/2020\/10\/salone-del-gusto-2020-torino.png","_links":{"self":[{"href":"https:\/\/www.sceltedigusto.it\/public\/wp-json\/wp\/v2\/posts\/17248"}],"collection":[{"href":"https:\/\/www.sceltedigusto.it\/public\/wp-json\/wp\/v2\/posts"}],"about":[{"href":"https:\/\/www.sceltedigusto.it\/public\/wp-json\/wp\/v2\/types\/post"}],"author":[{"embeddable":true,"href":"https:\/\/www.sceltedigusto.it\/public\/wp-json\/wp\/v2\/users\/18"}],"replies":[{"embeddable":true,"href":"https:\/\/www.sceltedigusto.it\/public\/wp-json\/wp\/v2\/comments?post=17248"}],"version-history":[{"count":1,"href":"https:\/\/www.sceltedigusto.it\/public\/wp-json\/wp\/v2\/posts\/17248\/revisions"}],"predecessor-version":[{"id":17250,"href":"https:\/\/www.sceltedigusto.it\/public\/wp-json\/wp\/v2\/posts\/17248\/revisions\/17250"}],"wp:featuredmedia":[{"embeddable":true,"href":"https:\/\/www.sceltedigusto.it\/public\/wp-json\/wp\/v2\/media\/17249"}],"wp:attachment":[{"href":"https:\/\/www.sceltedigusto.it\/public\/wp-json\/wp\/v2\/media?parent=17248"}],"wp:term":[{"taxonomy":"category","embeddable":true,"href":"https:\/\/www.sceltedigusto.it\/public\/wp-json\/wp\/v2\/categories?post=17248"},{"taxonomy":"post_tag","embeddable":true,"href":"https:\/\/www.sceltedigusto.it\/public\/wp-json\/wp\/v2\/tags?post=17248"}],"curies":[{"name":"wp","href":"https:\/\/api.w.org\/{rel}","templated":true}]}}