{"id":16886,"date":"2019-12-08T11:29:41","date_gmt":"2019-12-08T10:29:41","guid":{"rendered":"http:\/\/www.sceltedigusto.it\/public\/?p=16886"},"modified":"2019-12-08T11:49:35","modified_gmt":"2019-12-08T10:49:35","slug":"le-cuoche-per-passione-a-san-lorenzo-mercato-firmano-una-cena-dautore","status":"publish","type":"post","link":"https:\/\/www.sceltedigusto.it\/public\/le-cuoche-per-passione-a-san-lorenzo-mercato-firmano-una-cena-dautore\/","title":{"rendered":"Le &#8221; Cuoche per passione&#8221; a San Lorenzo Mercato firmano una cena d&#8217;autore."},"content":{"rendered":"<p>Loro sono cinque, cinque donne. E sono &#8221; Cuoche per passione&#8221;.<\/p>\n<p><img loading=\"lazy\" class=\"alignnone\" src=\"https:\/\/scontent-fco1-1.xx.fbcdn.net\/v\/t1.15752-9\/78997158_989069108129774_4423515345046732800_n.jpg?_nc_cat=106&amp;_nc_eui2=AeGHNGMzt4AfOuRdx_cczX11rChkM8ebEt3oUSSPSywN7e2vAAH8r6k1OOY5kfcTATravwRtmX2oL0KYC2hacLZYVNKCq6fD_v-r7bGDeFzkaQ&amp;_nc_ohc=kqxZfAvPZq8AQkxKa3sp1tz0MUrv0F-VESGSE0CoCYshn7I_c175mM9kw&amp;_nc_ht=scontent-fco1-1.xx&amp;oh=f1ce6acdc4a523477a165de280bc4c0f&amp;oe=5E75A48F\" alt=\"\" width=\"834\" height=\"625\" \/><\/p>\n<p>Lady Chef, come si usa definirle nell&#8217;ambiente delle cucine. Ma soprattutto donne, madri, mogli, con decine di impegni ma con una passione talmente grande da allungare le giornate e da trovare spazio tra le tante incombenze delle lunghissime giornate femminili. Una passione talmente forte da portare via ogni stanchezza, sostituendola con il pi\u00f9 vigoroso entusiasmo ed il pi\u00f9 snagliante dei sorrisi. Non hanno grilli per la testa n\u00e8 fotografi al s\u00e8guito: loro si &#8220;selfano&#8221; allegramente prima di mettere mano a mestoli e\u00a0 tegami.<\/p>\n<p><img loading=\"lazy\" class=\"alignnone\" src=\"https:\/\/scontent-fco1-1.xx.fbcdn.net\/v\/t1.15752-9\/78843609_748403202307077_4516363071878332416_n.jpg?_nc_cat=101&amp;_nc_eui2=AeE23nf9VSOjt9lgHmIGi4l5aaFRr50WawxEso_U7JNC4pTlTFkGBa7c7qH069nU6Wq4UkvEM0W0aiNQ0D3J8QYs7LFfLDz-VwApHt6KlcKc4w&amp;_nc_ohc=A5v0Whfgl58AQmxgGSlHZa8O_wjC37N4HGV6HEqUQLYm2gTPKrNQgbJuw&amp;_nc_ht=scontent-fco1-1.xx&amp;oh=c492541025803852229b53edb6a1b5cf&amp;oe=5E71257D\" alt=\"\" width=\"832\" height=\"624\" \/><\/p>\n<p><strong>Loro sono Ivana Manzo, Sarah Cucchiara, Anna Scudieri, Angela Giammona ed Ivana Di Gaetano<\/strong>, e sono &#8221; <em>Cuoche per passione<\/em>&#8220;. Membri dell&#8217; <strong>Associazione Provinciale Cuochi e Pasticceri di Palermo<\/strong>, le cinque ragazze sono accomunate, oltre che dalla passione per l&#8217;ottima cucina, anche da una solida amicizia. Io le ho conosciute nell&#8217;ambito di un contest, ma loro non se ne stanno di certo con le mani in mano: organizzano serate, portano la loro idea di cucina in giro realizzando men\u00f9 interessantissimi a dieci mani.<\/p>\n<p><img loading=\"lazy\" class=\"alignnone\" src=\"https:\/\/scontent-fco1-1.xx.fbcdn.net\/v\/t1.15752-9\/78867733_1364544103714481_2328587360716980224_n.jpg?_nc_cat=108&amp;_nc_eui2=AeEgzLEfoiGOq2PgP_hJbGNRC_P-omgT9KmxCu1sBfU0Pls7KQPWgbSMQiA7b59e-mV0TSBHFhDof3zy_VE6j0fYCuByzEogKjUnYOM7HWTrNw&amp;_nc_ohc=jN-4pGvKyEoAQkhEDYEIOX-ybhtIRzT_84-gRLOu-0mtge73MfHNsPNMA&amp;_nc_ht=scontent-fco1-1.xx&amp;oh=0c6a165466d0f0764ab8e28232f46573&amp;oe=5E7998CF\" alt=\"\" width=\"834\" height=\"834\" \/><\/p>\n<p>L&#8217;ultima di queste cene, appena realizzata, \u00e8 stata presentata lo scorso 5 dicembre\u00a0all<strong>&#8216;Osteria Mulino Sansone<\/strong> del <strong>San Lorenzo Mercato di Palermo.<\/strong> Una location cara ai palermitani ma , soprattutto, molto aperta all&#8217;eventistica, alle innovazioni. Tempo fa, quando il Mercato era agli albori e quando iniziavano i primi eventi, ricordo di averlo definito lo &#8220;<em> Speaker&#8217;s Corner<\/em>&#8221; della cucina: chi ha un&#8217;idea va, la propone, la illustra. E normalmente la realizza, conquistando l&#8217;attenzione ed il consenso del pubblico. Bench\u00e8 il Mercato sia ormai una realt\u00e0 consolidata con un calendario di eventi in strettissima successione firmati da professionisti di comprovata capacit\u00e0 , a me piace ancora molto definirlo con il nome dei primi giorni.<\/p>\n<p><a href=\"http:\/\/www.sceltedigusto.it\/public\/wp-content\/uploads\/2019\/12\/san-lorenzo.jpg\"><img loading=\"lazy\" class=\"alignnone wp-image-16887 \" src=\"http:\/\/www.sceltedigusto.it\/public\/wp-content\/uploads\/2019\/12\/san-lorenzo.jpg\" alt=\"san lorenzo\" width=\"835\" height=\"668\" srcset=\"https:\/\/www.sceltedigusto.it\/public\/wp-content\/uploads\/2019\/12\/san-lorenzo.jpg 589w, https:\/\/www.sceltedigusto.it\/public\/wp-content\/uploads\/2019\/12\/san-lorenzo-300x239.jpg 300w\" sizes=\"(max-width: 835px) 100vw, 835px\" \/><\/a><\/p>\n<p>Ma cosa hanno fatto le cinque signore? Splendidi piatti: con un occhio verso l&#8217;innovazione, ma un piede fermo nella tradizione.<\/p>\n<p><img loading=\"lazy\" class=\"alignnone\" src=\"https:\/\/scontent-fco1-1.xx.fbcdn.net\/v\/t1.15752-9\/78403282_781122932408827_6747847423965528064_n.jpg?_nc_cat=104&amp;_nc_eui2=AeHIXepVr1xFuSoqKS93HuzemBM1TjY-esMcj4LP3hbrnw5-BMHdgJfvgGHy0ACk76o6haF32JxIE_eXloGOR7pp8GpuNx8ynDtehyKQOnhqwA&amp;_nc_ohc=dk1LDeaSzF4AQl3hTKPEsNI7-VMG6HcPJBU5B7fAJgoj5mk6aDizd6Cdg&amp;_nc_ht=scontent-fco1-1.xx&amp;oh=46592f439a7c0e14f0957966c976522f&amp;oe=5E3EED5F\" alt=\"\" width=\"833\" height=\"625\" \/><\/p>\n<p>Come antipasto\u00a0 una <strong>polpetta di gambero bianco di Sciacca<\/strong> con cuore di scamorza affumicata su salsa di zucca rossa di Corleone , anna acida e mattoncino di cous cous al profumo di limone.<\/p>\n<p><a href=\"http:\/\/www.sceltedigusto.it\/public\/wp-content\/uploads\/2019\/12\/cuscus-pesce.jpg\"><img loading=\"lazy\" class=\"alignnone size-full wp-image-16888\" src=\"http:\/\/www.sceltedigusto.it\/public\/wp-content\/uploads\/2019\/12\/cuscus-pesce.jpg\" alt=\"cuscus pesce\" width=\"843\" height=\"444\" srcset=\"https:\/\/www.sceltedigusto.it\/public\/wp-content\/uploads\/2019\/12\/cuscus-pesce.jpg 843w, https:\/\/www.sceltedigusto.it\/public\/wp-content\/uploads\/2019\/12\/cuscus-pesce-300x158.jpg 300w\" sizes=\"(max-width: 843px) 100vw, 843px\" \/><\/a><\/p>\n<p>Il primo piatto \u00e8 stato un<strong> cous cous di pesce<\/strong> incocciato a mano. E non \u00e8 superfluo sottolineare l&#8217; &#8220;incocciatura&#8221; manuale dato che \u00e8 una delle fasi pi\u00f9 belle, ma anche pi\u00f9 faticose, della preparazione del cous cous secondo il metodo tradizionale.<\/p>\n<p><a href=\"http:\/\/www.sceltedigusto.it\/public\/wp-content\/uploads\/2019\/12\/san-lorenzo-secondo.jpg\"><img loading=\"lazy\" class=\"alignnone wp-image-16889 \" src=\"http:\/\/www.sceltedigusto.it\/public\/wp-content\/uploads\/2019\/12\/san-lorenzo-secondo.jpg\" alt=\"san lorenzo secondo\" width=\"838\" height=\"463\" srcset=\"https:\/\/www.sceltedigusto.it\/public\/wp-content\/uploads\/2019\/12\/san-lorenzo-secondo.jpg 807w, https:\/\/www.sceltedigusto.it\/public\/wp-content\/uploads\/2019\/12\/san-lorenzo-secondo-300x165.jpg 300w\" sizes=\"(max-width: 838px) 100vw, 838px\" \/><\/a><\/p>\n<p>Il secondo piatto sono stati dei\u00a0<strong> bocconcini di tonno<\/strong> con frutta secca e mela verde alla Malvasia dolce.<\/p>\n<p>E per finire, il dessert. Un <strong>Tiramicouscous<\/strong> che &#8211; come gi\u00e0 suggerisce il nome &#8211; \u00e8 un felice matrimonio tra il Tiramis\u00f9 classico ed il Cous Cous. Vi ricordate che vi ho detto che loro non hanno fotografi al s\u00e8guito e che si &#8220;selfano&#8221; da sole? Ecco la prova provata: una qualit\u00e0\u00a0 fotografica non proprio perfetta, che per\u00f2 conta davvero poco dinnanzi alla notevole qualit\u00e0 dei piatti. Loro sono cos\u00ec: un piccolo team di donne spontanee e allegre. e la prima che ha le mani libere &#8211; tra un impiattamento ed un altro &#8211; scatta la foto: e come viene viene!<\/p>\n<p><a href=\"http:\/\/www.sceltedigusto.it\/public\/wp-content\/uploads\/2019\/12\/tiramicuscus.jpg\"><img loading=\"lazy\" class=\"alignnone wp-image-16890\" src=\"http:\/\/www.sceltedigusto.it\/public\/wp-content\/uploads\/2019\/12\/tiramicuscus.jpg\" alt=\"tiramicuscus\" width=\"833\" height=\"502\" srcset=\"https:\/\/www.sceltedigusto.it\/public\/wp-content\/uploads\/2019\/12\/tiramicuscus.jpg 813w, https:\/\/www.sceltedigusto.it\/public\/wp-content\/uploads\/2019\/12\/tiramicuscus-300x180.jpg 300w\" sizes=\"(max-width: 833px) 100vw, 833px\" \/><\/a><\/p>\n<p>Archiviata la cena del 5, che ha fatto registrare un notevole successo di pubblico, le 5 inossidabili tornano oggi, a partire da mezzogiorno, sempre a San Lorenzo Mercato, con il &#8220;<strong>Cassata Day<\/strong>&#8221;\u00a0 ed\u00a0 un\u00a0<strong>cooking show\u00a0<\/strong>nel quale si cimenteranno ciascuna in una personale reinterpretazione della cassata. Il &#8220;Cassata Day&#8221; \u00e8 uno dei momenti\u00a0 del <strong>Tour Amaro Averna<\/strong>, che della manifestazione odierna \u00e8 lo sponsor.<\/p>\n<p><strong>Alessandra Verzera\u00a0<\/strong><\/p>\n","protected":false},"excerpt":{"rendered":"<p>Loro sono cinque, cinque donne. E sono &#8221; Cuoche per passione&#8221;. Lady Chef, come si usa definirle nell&#8217;ambiente delle cucine. Ma soprattutto donne, madri, mogli, con decine di impegni ma con una passione talmente grande da allungare le giornate e da trovare spazio tra le tante incombenze delle lunghissime giornate femminili. Una passione talmente forte [&hellip;]<\/p>\n","protected":false},"author":18,"featured_media":16891,"comment_status":"open","ping_status":"open","sticky":false,"template":"","format":"standard","meta":[],"categories":[5435,5],"tags":[],"jetpack_featured_media_url":"https:\/\/www.sceltedigusto.it\/public\/wp-content\/uploads\/2019\/12\/lady-chefs.jpg","_links":{"self":[{"href":"https:\/\/www.sceltedigusto.it\/public\/wp-json\/wp\/v2\/posts\/16886"}],"collection":[{"href":"https:\/\/www.sceltedigusto.it\/public\/wp-json\/wp\/v2\/posts"}],"about":[{"href":"https:\/\/www.sceltedigusto.it\/public\/wp-json\/wp\/v2\/types\/post"}],"author":[{"embeddable":true,"href":"https:\/\/www.sceltedigusto.it\/public\/wp-json\/wp\/v2\/users\/18"}],"replies":[{"embeddable":true,"href":"https:\/\/www.sceltedigusto.it\/public\/wp-json\/wp\/v2\/comments?post=16886"}],"version-history":[{"count":2,"href":"https:\/\/www.sceltedigusto.it\/public\/wp-json\/wp\/v2\/posts\/16886\/revisions"}],"predecessor-version":[{"id":16893,"href":"https:\/\/www.sceltedigusto.it\/public\/wp-json\/wp\/v2\/posts\/16886\/revisions\/16893"}],"wp:featuredmedia":[{"embeddable":true,"href":"https:\/\/www.sceltedigusto.it\/public\/wp-json\/wp\/v2\/media\/16891"}],"wp:attachment":[{"href":"https:\/\/www.sceltedigusto.it\/public\/wp-json\/wp\/v2\/media?parent=16886"}],"wp:term":[{"taxonomy":"category","embeddable":true,"href":"https:\/\/www.sceltedigusto.it\/public\/wp-json\/wp\/v2\/categories?post=16886"},{"taxonomy":"post_tag","embeddable":true,"href":"https:\/\/www.sceltedigusto.it\/public\/wp-json\/wp\/v2\/tags?post=16886"}],"curies":[{"name":"wp","href":"https:\/\/api.w.org\/{rel}","templated":true}]}}