{"id":16829,"date":"2019-12-04T09:32:47","date_gmt":"2019-12-04T08:32:47","guid":{"rendered":"http:\/\/www.sceltedigusto.it\/public\/?p=16829"},"modified":"2019-12-04T09:32:47","modified_gmt":"2019-12-04T08:32:47","slug":"il-matarocco-una-poesia-antica-in-chiave-moderna-intervista-a-francesco-bonomo","status":"publish","type":"post","link":"https:\/\/www.sceltedigusto.it\/public\/il-matarocco-una-poesia-antica-in-chiave-moderna-intervista-a-francesco-bonomo\/","title":{"rendered":"Il Matarocco. Una poesia antica in chiave moderna. Intervista a Francesco Bonomo."},"content":{"rendered":"<p><strong>Francesco Bonomo<\/strong> si \u00e8 classificato al secondo posto nella sezione Primi Piatti al Concorso Gastronomico <strong>La Medusa<\/strong>, nell&#8217;ambito della splendida manifestazione <strong>WineUp Expo 2019,<\/strong> svoltasi a Marsala poco pi\u00f9 di un mese fa. Il piatto che ha fatto impazzire le giurie, e che per un numero esiguo di voti non si \u00e8 classificato ex aequo con il primo classificato, \u00e8 un piatto della memoria antica. Un piatto della tradizione rivissuto in chiave attuale.<\/p>\n<p><a href=\"http:\/\/www.sceltedigusto.it\/public\/wp-content\/uploads\/2019\/12\/bonomo-slide.jpg\"><img loading=\"lazy\" class=\"alignnone wp-image-16832 \" src=\"http:\/\/www.sceltedigusto.it\/public\/wp-content\/uploads\/2019\/12\/bonomo-slide.jpg\" alt=\"bonomo slide\" width=\"831\" height=\"404\" srcset=\"https:\/\/www.sceltedigusto.it\/public\/wp-content\/uploads\/2019\/12\/bonomo-slide.jpg 1006w, https:\/\/www.sceltedigusto.it\/public\/wp-content\/uploads\/2019\/12\/bonomo-slide-300x146.jpg 300w, https:\/\/www.sceltedigusto.it\/public\/wp-content\/uploads\/2019\/12\/bonomo-slide-768x373.jpg 768w, https:\/\/www.sceltedigusto.it\/public\/wp-content\/uploads\/2019\/12\/bonomo-slide-150x73.jpg 150w, https:\/\/www.sceltedigusto.it\/public\/wp-content\/uploads\/2019\/12\/bonomo-slide-696x338.jpg 696w, https:\/\/www.sceltedigusto.it\/public\/wp-content\/uploads\/2019\/12\/bonomo-slide-864x420.jpg 864w, https:\/\/www.sceltedigusto.it\/public\/wp-content\/uploads\/2019\/12\/bonomo-slide-326x159.jpg 326w\" sizes=\"(max-width: 831px) 100vw, 831px\" \/><\/a><\/p>\n<p><strong>&#8220;Volevo essere matarocco&#8221;.Bonomo, come le \u00e8 venuto in mente di imprigionare il matarocco dentro ad un finto pomodorino?<\/strong><\/p>\n<p><em>L&#8217;idea nasce dall&#8217;effetto sorpresa che volevo creare nel gustare un piatto tipico della tradizione marsalese, nello scoprire un insieme di sapori e profumi arricchiti dai miei ricordi e rielaborati dalla mia esperienza professionale.<\/em><\/p>\n<p><strong>Ma cosa \u00e8, di fatto, il matarocco?<\/strong><\/p>\n<p><em>Il matarocco \u00e9 uno dei piatti pi\u00f9 antichi di Marsala, e non \u00e9 altro che una zuppa che i contadini portavano in campagna, come pranzo, fatta da pochi e semplici ingredienti: acqua, pezzi di pomodoro, basilico, olio e aglio. Questa zuppa, veniva accompagnata con del pane, anche raffermo. Con il tempo diventa un condimento per la pasta asciutta, e a Marsala, territorio prevalentemente agricolo, si usava mettere sopra le patate fritte. Da questo ricordo della mia infanzia nasce il mio piatto.<\/em><\/p>\n<p><img loading=\"lazy\" class=\"alignnone\" src=\"https:\/\/www.abvacanzetrapani.it\/cms\/sw_images\/ricette\/Matarocoo955.jpg\" alt=\"Risultato immagini per matarocco&quot;\" width=\"835\" height=\"470\" \/><\/p>\n<p><strong>Quei ravioli adagiati su quella squisita crema ci hanno mandato le papille in visibilio, e personalmente ho mugolato parecchio ritrovandomi bambina all&#8217;improvviso: come \u00e8 composto quel piatto nei dettagli?<\/strong><\/p>\n<p><em>Il piatto &#8220;Volevo essere Matarocco&#8221; \u00e9 formato da due fagottini di pasta fresca ripieni di pomodoro in tre consistenze, adagiati su una salsa al parmigiano, accompagnati da un finto pomodoro ripieno di mandorle e basilico e spolverizzati con una polvere di pomodorini datterini aromatizzati, decorati con una cialda al basilico e gocce di olio profumato all&#8217; origano .<\/em><\/p>\n<p><strong>Lei per\u00f2 non ha un ristorante suo. Come mai?<\/strong><\/p>\n<p><em>Ho lavorato per tanti anni in vari posti d&#8217; Italia, e all&#8217; estero, professionalmente sono tanto cresciuto, un mio ristorante \u00e9 un progetto a cui sto pensando, diciamo il mio sogno nel cassetto!<\/em><\/p>\n<p>&nbsp;<\/p>\n<p><img loading=\"lazy\" class=\"alignnone\" src=\"https:\/\/scontent-mxp1-1.xx.fbcdn.net\/v\/t1.0-9\/s960x960\/75247435_10217652737982514_593872738699968512_o.jpg?_nc_cat=110&amp;_nc_eui2=AeG_kCEkKDsQlX5TnjUII-YteN4VYzaRPU9u0uf_P6ZMwNCQex0itsIaBh8PtbUgCsbjR_uYjsuxTsbnfPc81lDjMot_jcQM6o-kfRhCLQod0w&amp;_nc_oc=AQkZ6LW_eykTGDY2FXOgTua-Jg0rHr7dqePqhMKX8GyTyh0cVi_YE_kHfrP1EAKvoIY&amp;_nc_ht=scontent-mxp1-1.xx&amp;oh=b2e878e3750e8ff7bc60fdd9dd28628f&amp;oe=5E4110B0\" alt=\"L'immagine pu\u00c3\u00b2 contenere: cibo\" width=\"835\" height=\"413\" \/><\/p>\n<p><strong>Ma quindi le viene voglia ogni tanto di avere un piccolo ristorantino<\/strong>?<\/p>\n<p><em>Certamente!!!<\/em><\/p>\n<p><strong>Quale sarebbe il men\u00f9 tipico di Chef Bonomo?<\/strong><\/p>\n<p><em>Mi piace portare avanti la cucina Mediterranea, con innovazione e creativit\u00e0, utilizzando prodotti d&#8217;eccellenza siciliana, cercando di promuovere l&#8217;enogastronomia del sud.<\/em><\/p>\n<p><strong>Conta di pi\u00f9 la memoria soggettiva , la tradizione locale o l&#8217;innovazione?<\/strong><\/p>\n<p><em>Sono questi tre elementi che formano un connubio perfetto per la realizzazione di un piatto che oltre al gusto trasmetta emozioni, ricordi e sensazioni.<\/em><\/p>\n<p><strong>Se non avesse presentato questo piatto in concorso, cos&#8217;altro avrebbe proposto in alternativa?<\/strong><\/p>\n<p><em>Essendo molto legato al mio territorio, come per il<strong> cous cous fest 2019,<\/strong> a cui ho partecipato e vinto, avrei sicuramente portato un altro primo della tradizione. C&#8217;\u00e9 solo l&#8217;imbarazzo della scelta nella mia mente e sopratutto nel mio cuore, perch\u00e9 ogni mio piatto nasce da una storia, da una emozione, da un ricordo.<\/em><\/p>\n<p><strong>Quindi al momento per gustare i suoi piatti che cosa si pu\u00f2 fare?<\/strong><\/p>\n<p><em>Sono uno chef freelance, Collaboro con grandi professionisti del territorio, mi dedico a banchettistica e catering dove propongo i miei piatti.<\/em><\/p>\n<p>&nbsp;<\/p>\n<p><strong>Alessandra Verzera\u00a0<\/strong><\/p>\n<p>&nbsp;<\/p>\n<p>Credits: la foto del Matarocco tradizionale \u00e8 di\u00a0 <a href=\"http:\/\/abcvacanzetrapani.it%20\">abcvacanzetrapani.it\u00a0<\/a><\/p>\n","protected":false},"excerpt":{"rendered":"<p>Francesco Bonomo si \u00e8 classificato al secondo posto nella sezione Primi Piatti al Concorso Gastronomico La Medusa, nell&#8217;ambito della splendida manifestazione WineUp Expo 2019, svoltasi a Marsala poco pi\u00f9 di un mese fa. Il piatto che ha fatto impazzire le giurie, e che per un numero esiguo di voti non si \u00e8 classificato ex aequo [&hellip;]<\/p>\n","protected":false},"author":18,"featured_media":16832,"comment_status":"open","ping_status":"open","sticky":false,"template":"","format":"standard","meta":[],"categories":[8,5435,5],"tags":[9775,9803,9757],"jetpack_featured_media_url":"https:\/\/www.sceltedigusto.it\/public\/wp-content\/uploads\/2019\/12\/bonomo-slide.jpg","_links":{"self":[{"href":"https:\/\/www.sceltedigusto.it\/public\/wp-json\/wp\/v2\/posts\/16829"}],"collection":[{"href":"https:\/\/www.sceltedigusto.it\/public\/wp-json\/wp\/v2\/posts"}],"about":[{"href":"https:\/\/www.sceltedigusto.it\/public\/wp-json\/wp\/v2\/types\/post"}],"author":[{"embeddable":true,"href":"https:\/\/www.sceltedigusto.it\/public\/wp-json\/wp\/v2\/users\/18"}],"replies":[{"embeddable":true,"href":"https:\/\/www.sceltedigusto.it\/public\/wp-json\/wp\/v2\/comments?post=16829"}],"version-history":[{"count":1,"href":"https:\/\/www.sceltedigusto.it\/public\/wp-json\/wp\/v2\/posts\/16829\/revisions"}],"predecessor-version":[{"id":16835,"href":"https:\/\/www.sceltedigusto.it\/public\/wp-json\/wp\/v2\/posts\/16829\/revisions\/16835"}],"wp:featuredmedia":[{"embeddable":true,"href":"https:\/\/www.sceltedigusto.it\/public\/wp-json\/wp\/v2\/media\/16832"}],"wp:attachment":[{"href":"https:\/\/www.sceltedigusto.it\/public\/wp-json\/wp\/v2\/media?parent=16829"}],"wp:term":[{"taxonomy":"category","embeddable":true,"href":"https:\/\/www.sceltedigusto.it\/public\/wp-json\/wp\/v2\/categories?post=16829"},{"taxonomy":"post_tag","embeddable":true,"href":"https:\/\/www.sceltedigusto.it\/public\/wp-json\/wp\/v2\/tags?post=16829"}],"curies":[{"name":"wp","href":"https:\/\/api.w.org\/{rel}","templated":true}]}}