{"id":1671,"date":"2011-10-12T20:22:24","date_gmt":"2011-10-12T18:22:24","guid":{"rendered":"http:\/\/www.sceltedigusto.it\/public\/Test\/a-riccione-il-qcibo-degli-deiq-fa-gola-con-qciocopaeseq\/"},"modified":"2013-11-16T21:11:30","modified_gmt":"2013-11-16T20:11:30","slug":"a-riccione-il-qcibo-degli-deiq-fa-gola-con-qciocopaeseq","status":"publish","type":"post","link":"https:\/\/www.sceltedigusto.it\/public\/a-riccione-il-qcibo-degli-deiq-fa-gola-con-qciocopaeseq\/","title":{"rendered":"A Riccione il &#8220;cibo degli dei&#8221; fa gola con &#8220;CiocoPaese&#8221;"},"content":{"rendered":"<p><span style=\"font-family: Arial;\"> <\/span><span style=\"font-size: small;\"><span style=\"font-family: verdana,geneva;\"> <br \/><\/span><\/span><\/p>\n<h3 style=\"text-align: justify;\"><span style=\"font-size: small;\"><span style=\"font-family: verdana,geneva;\"><img loading=\"lazy\" class=\" size-full wp-image-1667\" src=\"http:\/\/www.sceltedigusto.it\/public\/Test\/wp-content\/uploads\/2011\/10\/ciocopaese-riccione.jpg\" border=\"0\" width=\"200\" height=\"221\" width=\"200\" height=\"158\" \/><\/span><\/span><\/h3>\n<h3 style=\"text-align: justify;\"><span style=\"font-size: small;\"><span style=\"font-family: verdana,geneva;\">Riccione prende per la&#8230;gola con &#8220;CiocoPaese&#8221;, la manifestazione dedicata al cioccolato, giunta quest&#8217;anno alla VI edizione. Da sabato 15 a domenica 18 ottobre l&#8217;appuntamento \u00e8 lungo il corso Fratelli Cervi e nelle piazzette Matteotti e Parri. &#8220;Cioccolato da gustare&#8230; e non solo&#8221;, recita lo slogan di quest&#8217;anno. (A. Fi.)<\/span><\/span><span style=\"font-size: small;\"><span style=\"font-family: verdana,geneva;\">   <!--more-->  <\/span><\/span><\/h3>\n<p style=\"text-align: center;\"><span style=\"font-size: small;\"><span style=\"font-family: verdana,geneva;\"><img loading=\"lazy\" class=\" size-full wp-image-1668\" src=\"http:\/\/www.sceltedigusto.it\/public\/Test\/wp-content\/uploads\/2011\/10\/ciocopaese_2.jpg\" border=\"0\" width=\"330\" height=\"217\" style=\"border: 0px;\" width=\"300\" height=\"201\" \/><\/span><\/span><\/p>\n<p style=\"text-align: justify;\"><span style=\"font-size: small;\"><span style=\"font-family: verdana,geneva;\">Per due giorni lungo le strade del centro scorrer\u00e0 una tonnellata di cioccolato. Riccione si trasformer\u00e0 in un&#8217;enorme pasticceria all&#8217;aperto. Protagonisti i maitres chocolatier e le loro originali e succulenti degustazioni. Insomma, ancora una volta, a &#8220;CiocoPaese&#8221;, saranno i migliori pasticceri a fare da protagonisti che si daranno appuntamento nella riviera adriatica non solo da tutta la provincia ma anche da tutto il Nord Italia.<\/span><\/span><\/p>\n<p style=\"text-align: justify;\"><span style=\"font-size: small;\"><span style=\"font-family: verdana,geneva;\"><img loading=\"lazy\" class=\" size-full wp-image-1669\" src=\"http:\/\/www.sceltedigusto.it\/public\/Test\/wp-content\/uploads\/2011\/10\/ciocopaese_30.jpg\" border=\"0\" width=\"200\" height=\"203\" \/><\/span><\/span><\/p>\n<p style=\"text-align: justify;\"><span style=\"font-size: small;\"><span style=\"font-family: verdana,geneva;\">L&#8217;iniziativa \u00e8 organizzata anche quest&#8217;anno <\/span><span style=\"font-family: verdana,geneva;\">a cura di Comitato Riccone Paese, in collaborazione con Confartigianato e con il patrocinio del Comune di Riccione.<\/span><span style=\"font-family: verdana,geneva;\"> Sabato e domanica all&#8217;insegna del &#8220;leccarsi i baffi&#8221; metaforicamente. Infatti, si dalle 10 del mattino del 15 ottobre e fino alle 21 della sera e domenica dalle 10 alle 18, sar\u00e0 possibile assaggiare ricette particolari, osare accostamenti di sapori inediti e provare cos\u00ec ad aumentare il buonumore. La manifestazione gastronomica occuper\u00e0 per l\u2019intero weekend del 15 e 16 ottobre il centro storico di Riccione, pronto a diventare una meta da non perdere per tutti i deboli di gola che non sanno resistere ai piaceri del palato.<\/span><\/span><span style=\"font-family: Arial;\"><span style=\"font-size: small;\"><span style=\"font-family: verdana,geneva;\"> <\/span><\/span><\/span><\/p>\n<p style=\"text-align: center;\"><span style=\"font-family: Arial;\"><span style=\"font-size: small;\"><span style=\"font-family: verdana,geneva;\"><img loading=\"lazy\" class=\" size-full wp-image-1670\" src=\"http:\/\/www.sceltedigusto.it\/public\/Test\/wp-content\/uploads\/2011\/10\/riccione ciocopaese.jpg\" border=\"0\" width=\"300\" height=\"201\" \/><\/span><\/span><\/span><\/p>\n<p style=\"text-align: justify;\">\u00a0<\/p>\n<p style=\"text-align: justify;\" align=\"left\"><span style=\"font-family: verdana,geneva;\">Accurata selezione del meglio della produzione artigianale e largo spazio a creativit\u00e0 ed originalit\u00e0: oltre alla mostra mercato con decine di stand golosi, in programma anche mini-corsi di cucina, a cura dell\u2019Associazione Cuochi Romagnoli, per imparare, tra dimostrazioni e sperimentazioni, ad abbinare il cioccolato ai piatti di tutti i giorni. Saranno organizzati dall\u2019AIS regionale, invece, i seminari su enologia e pasticceria che sveleranno i migliori accostamenti tra il vino e le differenti tipologie di cioccolato. (Entrambi gli appuntamenti su prenotazione).<\/span><span style=\"font-family: verdana,geneva;\"><span style=\"font-size: small;\"> <\/span><\/span><\/p>\n<p>\u00a0<\/p>\n<p style=\"text-align: justify;\" align=\"left\"><span style=\"font-family: verdana,geneva;\"><span style=\"font-size: small;\"><img loading=\"lazy\" class=\" size-full wp-image-1256\" src=\"http:\/\/www.sceltedigusto.it\/public\/Test\/wp-content\/uploads\/2011\/09\/chocobarocco_1.jpg\" border=\"0\" width=\"256\" height=\"200\" width=\"400\" height=\"267\" \/><\/span><\/span><\/p>\n<p style=\"text-align: justify;\">\u00a0<\/p>\n<p style=\"text-align: justify;\"><span style=\"font-family: verdana,geneva;\">E poich\u00e9 il cioccolato \u00e8 da sempre cibo degli dei ma anche prelibatezza irresistibile per tutti i bambini, a loro la manifestazione dedica, sia sabato che domenica pomeriggio, tanti coinvolgenti spettacoli e giochi per tutti i gusti. L\u2019ingresso alla festa del cioccolato di <span style=\"font-size: small;\">Riccione \u00e8 libero.<\/span><\/span><\/p>\n<p style=\"text-align: center;\"><span style=\"font-size: small;\"><span style=\"font-family: verdana,geneva;\"><strong>ECCO IL PROGRAMMA<\/strong><\/span><\/span><\/p>\n<p style=\"text-align: left;\"><span style=\"font-size: small;\"><span style=\"font-family: verdana,geneva;\"><strong>SABATO 15 OTTOBRE<\/strong><\/span><\/span><\/p>\n<p style=\"text-align: left;\"><span style=\"font-size: small;\"><span style=\"font-family: verdana,geneva;\"><strong>ore 10 Apertura degli stand<\/strong><\/span><\/span><\/p>\n<p style=\"text-align: left;\"><span style=\"font-size: small;\"><span style=\"font-family: verdana,geneva;\"><strong>ore 15,30 Musica per grandi e piccini (Piazza Matteotti)<\/strong><\/span><\/span><\/p>\n<p style=\"text-align: left;\"><span style=\"font-size: small;\"><span style=\"font-family: verdana,geneva;\"><strong>ore 17 Mini corso di cucina <\/strong><\/span><\/span><\/p>\n<p style=\"text-align: left;\"><span style=\"font-size: small;\"><span style=\"font-family: verdana,geneva;\"><strong>ore 21 Wine and chocolate, degustazioni guidate di vino abbinato al cioccolato (Piazza Parri)<\/strong><\/span><\/span><\/p>\n<p style=\"text-align: left;\"><span style=\"font-size: small;\"><span style=\"font-family: verdana,geneva;\"><strong>ore 21 Musica dal vivo con i &#8220;Safe Escape&#8221; (Piazza Matteotti)<\/strong><\/span><\/span><\/p>\n<p style=\"text-align: left;\"><span style=\"font-size: small;\"><span style=\"font-family: verdana,geneva;\"><strong>DOMENICA 16 OTTOBRE<\/strong><\/span><\/span><\/p>\n<p style=\"text-align: left;\"><span style=\"font-size: small;\"><span style=\"font-family: verdana,geneva;\"><strong>ore 10 Apertura degli stand<\/strong><\/span><\/span><\/p>\n<p style=\"text-align: left;\"><span style=\"font-size: small;\"><span style=\"font-family: verdana,geneva;\"><strong>ore 15,30 Musica per grandi e piccoli (Piazza Matteotti)<\/strong><\/span><\/span><\/p>\n<p style=\"text-align: left;\"><span style=\"font-size: small;\"><span style=\"font-family: verdana,geneva;\"><strong>ore 15,30 Mini corso di cucina<\/strong><\/span><\/span><\/p>\n<p style=\"text-align: left;\"><span style=\"font-size: small;\"><span style=\"font-family: verdana,geneva;\"><strong>ore 18 Wine and chocolate, degustazioni guidate di vino abbinato al cioccolato (Piazza Parri)<\/strong><\/span><\/span><\/p>\n<p>\u00a0<\/p>\n<p><span style=\"font-size: small;\"> <\/span><\/p>\n<p style=\"text-align: justify;\"><span style=\"font-family: verdana,geneva;\">Dopo i successi ottenuti lo scorso anno, quindi in occasione del &#8220;CiocoPaese&#8221; torna l&#8217;appuntamento con la degustazione, guidata da Bruno Piccioni, sommelier dell&#8217;Ais di Romagna che offrir\u00e0 un &#8220;ventaglio&#8221; di accostamenti tra il buon vino ed il cioccolato. In &#8220;vetrina&#8221; vino Porto, Rebola e liquore alla liquirizia da gustare abbinando il cioccolato fondente in percentuale minima, media e massima.<\/span><\/p>\n<p>\u00a0<\/p>\n<p style=\"text-align: justify;\"><span style=\"font-family: Arial;\"> <\/span><\/p>\n<p style=\"text-align: justify;\"><span style=\"font-family: verdana,geneva;\"><span style=\"font-size: small;\"><strong>Antonio Fiasconaro<\/strong><\/span><br \/><\/span><\/p>\n<p style=\"text-align: left;\"><span style=\"font-family: verdana,geneva;\"><strong><br \/><\/strong><\/span><\/p>\n","protected":false},"excerpt":{"rendered":"<p>Riccione prende per la&#8230;gola con &#8220;CiocoPaese&#8221;, la manifestazione dedicata al cioccolato, giunta quest&#8217;anno alla VI edizione. Da sabato 15 a domenica 18 ottobre l&#8217;appuntamento \u00e8 lungo il corso Fratelli Cervi e nelle piazzette Matteotti e Parri. &#8220;Cioccolato da gustare&#8230; e non solo&#8221;, recita lo slogan di quest&#8217;anno. (A. Fi.)<\/p>\n","protected":false},"author":18,"featured_media":1667,"comment_status":"open","ping_status":"open","sticky":false,"template":"","format":"standard","meta":[],"categories":[29],"tags":[1683,2255,2257,2258,2262,1519,2180,236,2263,2260,2261,2256,2259],"jetpack_featured_media_url":"https:\/\/www.sceltedigusto.it\/public\/wp-content\/uploads\/2011\/10\/ciocopaese-riccione.jpg","_links":{"self":[{"href":"https:\/\/www.sceltedigusto.it\/public\/wp-json\/wp\/v2\/posts\/1671"}],"collection":[{"href":"https:\/\/www.sceltedigusto.it\/public\/wp-json\/wp\/v2\/posts"}],"about":[{"href":"https:\/\/www.sceltedigusto.it\/public\/wp-json\/wp\/v2\/types\/post"}],"author":[{"embeddable":true,"href":"https:\/\/www.sceltedigusto.it\/public\/wp-json\/wp\/v2\/users\/18"}],"replies":[{"embeddable":true,"href":"https:\/\/www.sceltedigusto.it\/public\/wp-json\/wp\/v2\/comments?post=1671"}],"version-history":[{"count":1,"href":"https:\/\/www.sceltedigusto.it\/public\/wp-json\/wp\/v2\/posts\/1671\/revisions"}],"predecessor-version":[{"id":4377,"href":"https:\/\/www.sceltedigusto.it\/public\/wp-json\/wp\/v2\/posts\/1671\/revisions\/4377"}],"wp:featuredmedia":[{"embeddable":true,"href":"https:\/\/www.sceltedigusto.it\/public\/wp-json\/wp\/v2\/media\/1667"}],"wp:attachment":[{"href":"https:\/\/www.sceltedigusto.it\/public\/wp-json\/wp\/v2\/media?parent=1671"}],"wp:term":[{"taxonomy":"category","embeddable":true,"href":"https:\/\/www.sceltedigusto.it\/public\/wp-json\/wp\/v2\/categories?post=1671"},{"taxonomy":"post_tag","embeddable":true,"href":"https:\/\/www.sceltedigusto.it\/public\/wp-json\/wp\/v2\/tags?post=1671"}],"curies":[{"name":"wp","href":"https:\/\/api.w.org\/{rel}","templated":true}]}}