{"id":16054,"date":"2018-10-20T09:17:41","date_gmt":"2018-10-20T07:17:41","guid":{"rendered":"http:\/\/www.sceltedigusto.it\/public\/?p=16054"},"modified":"2018-10-20T09:19:06","modified_gmt":"2018-10-20T07:19:06","slug":"lo-chef-messinese-paolo-romeo-entra-a-far-parte-di-euro-toques","status":"publish","type":"post","link":"https:\/\/www.sceltedigusto.it\/public\/lo-chef-messinese-paolo-romeo-entra-a-far-parte-di-euro-toques\/","title":{"rendered":"Lo chef messinese Paolo Romeo entra a far parte di Euro-Toques"},"content":{"rendered":"<p>Lo chef messinese <strong>Paolo Romeo<\/strong>, 40 anni, entra a far parte della prestigiosa Associazione <strong>Euro-Toques<\/strong>, Comunit\u00e0 Europea di cuochi fondata da <strong>Gualtiero Marchesi<\/strong>. Euro-Toques Italia \u00e8 l\u2019unica associazione riconosciuta dalla Commissione Europea per la difesa della qualit\u00e0 degli alimenti e annovera tra i suoi iscritti alcuni dei pi\u00f9 rinomati chef, tra cui i tristellati <strong>Massimiliano Alajmo, Heinz Beck, Massimo Bottura, Enrico Crippa, Annie Feolde, Niko Romito, Enrico e Roberto Cerea, Nadia e Giovanni Santini<\/strong>.<\/p>\n<p><a href=\"http:\/\/www.sceltedigusto.it\/public\/wp-content\/uploads\/2018\/10\/eurotoques-italia.png\"><img loading=\"lazy\" class=\"alignnone wp-image-16058 \" src=\"http:\/\/www.sceltedigusto.it\/public\/wp-content\/uploads\/2018\/10\/eurotoques-italia.png\" alt=\"eurotoques italia\" width=\"822\" height=\"442\" srcset=\"https:\/\/www.sceltedigusto.it\/public\/wp-content\/uploads\/2018\/10\/eurotoques-italia.png 439w, https:\/\/www.sceltedigusto.it\/public\/wp-content\/uploads\/2018\/10\/eurotoques-italia-300x161.png 300w\" sizes=\"(max-width: 822px) 100vw, 822px\" \/><\/a><\/p>\n<p>Tra gli obiettivi dell\u2019associazione c\u2019\u00e8 quello di elevare il livello e il prestigio professionale dei propri soci, in modo che essi possano adeguatamente partecipare all\u2019esercizio dell\u2019arte culinaria, nell\u2019interesse del suo turismo e dei paesi europei. Con l\u2019ingresso di <strong>Paolo Romeo<\/strong>, si rafforza il gruppo siciliano dell\u2019associazione che sta operando per attuare le direttive dei fondatori, di cui fa parte anche un altro chef messinese, <strong>Pasquale Caliri<\/strong>. Euro-Toques Sicilia, seconda delegazione per numero di associati dopo la Lombardia, \u00e8 sempre pi\u00f9 impegnata e attiva per eventi volti alla promozione della cucina regionale e con scopo solidale.<\/p>\n<p><a href=\"http:\/\/www.sceltedigusto.it\/public\/wp-content\/uploads\/2018\/10\/Paolo-Romeo-1.jpg\"><img loading=\"lazy\" class=\"alignnone wp-image-16055 \" src=\"http:\/\/www.sceltedigusto.it\/public\/wp-content\/uploads\/2018\/10\/Paolo-Romeo-1.jpg\" alt=\"Paolo Romeo (1)\" width=\"831\" height=\"623\" srcset=\"https:\/\/www.sceltedigusto.it\/public\/wp-content\/uploads\/2018\/10\/Paolo-Romeo-1.jpg 960w, https:\/\/www.sceltedigusto.it\/public\/wp-content\/uploads\/2018\/10\/Paolo-Romeo-1-300x225.jpg 300w, https:\/\/www.sceltedigusto.it\/public\/wp-content\/uploads\/2018\/10\/Paolo-Romeo-1-768x576.jpg 768w, https:\/\/www.sceltedigusto.it\/public\/wp-content\/uploads\/2018\/10\/Paolo-Romeo-1-150x113.jpg 150w, https:\/\/www.sceltedigusto.it\/public\/wp-content\/uploads\/2018\/10\/Paolo-Romeo-1-696x522.jpg 696w, https:\/\/www.sceltedigusto.it\/public\/wp-content\/uploads\/2018\/10\/Paolo-Romeo-1-560x420.jpg 560w, https:\/\/www.sceltedigusto.it\/public\/wp-content\/uploads\/2018\/10\/Paolo-Romeo-1-80x60.jpg 80w, https:\/\/www.sceltedigusto.it\/public\/wp-content\/uploads\/2018\/10\/Paolo-Romeo-1-265x198.jpg 265w\" sizes=\"(max-width: 831px) 100vw, 831px\" \/><\/a><\/p>\n<p>Rappresentata dal suo delegato regionale Giovanni Porretto, coadiuvato da Giuseppe Triolo, la delegazione sta lavorando ad un evento che vedr\u00e0 coinvolti i soci isolani, oltre ad un nutrito gruppo di cuochi membri proveniente da altre regioni. Per festeggiare l\u2019ingresso dello chef messinese, si svolger\u00e0 una cena evento a 10 mani a Messina, presso il Ristorante Grecale Kajiki in cui Paolo Romeo \u00e8 executive chef, alla quale prender\u00e0 parte anche il Delegato regionale <strong>Giovanni Porretto<\/strong>.<\/p>\n<p><a href=\"http:\/\/www.sceltedigusto.it\/public\/wp-content\/uploads\/2018\/10\/Piatto-di-Paolo-Romeo.jpg\"><img loading=\"lazy\" class=\"alignnone wp-image-16057 \" src=\"http:\/\/www.sceltedigusto.it\/public\/wp-content\/uploads\/2018\/10\/Piatto-di-Paolo-Romeo.jpg\" alt=\"Piatto di Paolo Romeo\" width=\"832\" height=\"624\" srcset=\"https:\/\/www.sceltedigusto.it\/public\/wp-content\/uploads\/2018\/10\/Piatto-di-Paolo-Romeo.jpg 960w, https:\/\/www.sceltedigusto.it\/public\/wp-content\/uploads\/2018\/10\/Piatto-di-Paolo-Romeo-300x225.jpg 300w\" sizes=\"(max-width: 832px) 100vw, 832px\" \/><\/a><\/p>\n<p>Il giovane chef messinese rientrato nella sua citt\u00e0 dopo diverse esperienze in giro per l\u2019Italia, non nasconde la soddisfazione: \u201c<em>Ringrazio il presidente <strong>Enrico Derflingher<\/strong> ed il Direttivo per avermi voluto all\u2019interno di questa prestigiosa Associazione che annovera tra i suoi iscritti grandissimi professionisti che per noi giovani cuochi restano degli esempi e dei grandissimi maestri che hanno fatto grande la cucina italiana, facendola apprezzare anche a livello internazionale<\/em>\u201d \u2013 ha commentato Romeo. \u201c<em>Sono certo che in Sicilia faremo grandi cose. Giovanni Porretto sta lavorando assiduamente per far crescere e compattare il gruppo gi\u00e0 numeroso di questa splendida Regione<\/em>\u201d.<\/p>\n<p><a href=\"http:\/\/www.sceltedigusto.it\/public\/wp-content\/uploads\/2018\/10\/Paolo-Romeo.jpg\"><img loading=\"lazy\" class=\"alignnone wp-image-16056 \" src=\"http:\/\/www.sceltedigusto.it\/public\/wp-content\/uploads\/2018\/10\/Paolo-Romeo.jpg\" alt=\"Paolo Romeo\" width=\"830\" height=\"622\" srcset=\"https:\/\/www.sceltedigusto.it\/public\/wp-content\/uploads\/2018\/10\/Paolo-Romeo.jpg 960w, https:\/\/www.sceltedigusto.it\/public\/wp-content\/uploads\/2018\/10\/Paolo-Romeo-300x225.jpg 300w\" sizes=\"(max-width: 830px) 100vw, 830px\" \/><\/a><\/p>\n<p><em> \u201cEuro-Toques rappresenta un unicum nel panorama dell\u2019enogastronomia italiana<\/em> \u2013 ha concluso<strong> Romeo<\/strong> &#8211; <em>e continuer\u00f2 ad impegnarmi, come faccio ogni giorno, per valorizzare le materie prime del territorio, i piccoli produttori, le loro eccellenze e il loro legame con la terra, nel rispetto dei principi che fanno grande questa associazione\u201d.<\/em><\/p>\n","protected":false},"excerpt":{"rendered":"<p>Lo chef messinese Paolo Romeo, 40 anni, entra a far parte della prestigiosa Associazione Euro-Toques, Comunit\u00e0 Europea di cuochi fondata da Gualtiero Marchesi. Euro-Toques Italia \u00e8 l\u2019unica associazione riconosciuta dalla Commissione Europea per la difesa della qualit\u00e0 degli alimenti e annovera tra i suoi iscritti alcuni dei pi\u00f9 rinomati chef, tra cui i tristellati Massimiliano [&hellip;]<\/p>\n","protected":false},"author":18,"featured_media":16055,"comment_status":"open","ping_status":"open","sticky":false,"template":"","format":"standard","meta":[],"categories":[5435,5],"tags":[9588,9417,5238,9583,9586,5719,9587,4871,9581,5561,907,9584,9582,9547,9585],"jetpack_featured_media_url":"https:\/\/www.sceltedigusto.it\/public\/wp-content\/uploads\/2018\/10\/Paolo-Romeo-1.jpg","_links":{"self":[{"href":"https:\/\/www.sceltedigusto.it\/public\/wp-json\/wp\/v2\/posts\/16054"}],"collection":[{"href":"https:\/\/www.sceltedigusto.it\/public\/wp-json\/wp\/v2\/posts"}],"about":[{"href":"https:\/\/www.sceltedigusto.it\/public\/wp-json\/wp\/v2\/types\/post"}],"author":[{"embeddable":true,"href":"https:\/\/www.sceltedigusto.it\/public\/wp-json\/wp\/v2\/users\/18"}],"replies":[{"embeddable":true,"href":"https:\/\/www.sceltedigusto.it\/public\/wp-json\/wp\/v2\/comments?post=16054"}],"version-history":[{"count":2,"href":"https:\/\/www.sceltedigusto.it\/public\/wp-json\/wp\/v2\/posts\/16054\/revisions"}],"predecessor-version":[{"id":16060,"href":"https:\/\/www.sceltedigusto.it\/public\/wp-json\/wp\/v2\/posts\/16054\/revisions\/16060"}],"wp:featuredmedia":[{"embeddable":true,"href":"https:\/\/www.sceltedigusto.it\/public\/wp-json\/wp\/v2\/media\/16055"}],"wp:attachment":[{"href":"https:\/\/www.sceltedigusto.it\/public\/wp-json\/wp\/v2\/media?parent=16054"}],"wp:term":[{"taxonomy":"category","embeddable":true,"href":"https:\/\/www.sceltedigusto.it\/public\/wp-json\/wp\/v2\/categories?post=16054"},{"taxonomy":"post_tag","embeddable":true,"href":"https:\/\/www.sceltedigusto.it\/public\/wp-json\/wp\/v2\/tags?post=16054"}],"curies":[{"name":"wp","href":"https:\/\/api.w.org\/{rel}","templated":true}]}}