{"id":1543,"date":"2011-09-30T20:43:53","date_gmt":"2011-09-30T18:43:53","guid":{"rendered":"http:\/\/www.sceltedigusto.it\/public\/Test\/i-vini-siciliani-alla-corte-di-sua-maesta-britannica\/"},"modified":"2013-11-16T21:11:31","modified_gmt":"2013-11-16T20:11:31","slug":"i-vini-siciliani-alla-corte-di-sua-maesta-britannica","status":"publish","type":"post","link":"https:\/\/www.sceltedigusto.it\/public\/i-vini-siciliani-alla-corte-di-sua-maesta-britannica\/","title":{"rendered":"I vini siciliani alla corte di Sua Maest\u00e0 Britannica"},"content":{"rendered":"<h3 style=\"text-align: justify;\"><img loading=\"lazy\" class=\" size-full wp-image-1538\" src=\"http:\/\/www.sceltedigusto.it\/public\/Test\/wp-content\/uploads\/2011\/09\/sicilia_vini.jpg\" border=\"0\" width=\"174\" height=\"222\" width=\"156\" height=\"187\" \/><\/h3>\n<h3 style=\"text-align: justify;\"><span style=\"font-size: small;\"><span style=\"font-family: verdana,geneva;\">Il vino siciliano conquista Londra con &#8220;Wines of Sicily Tasting London&#8221;, un evento-degustazione di altissimo livello organizzato dall&#8217;Istituto Regionale Vite e Vino della Regione Siciliana in collaborazione con Michele Shah, esperta di fama internazionale del mercato globale del vino. (A. Fi.)<\/span><\/span><\/h3>\n<p>  <!--more-->  <\/p>\n<p style=\"text-align: justify;\"><span style=\"font-family: verdana,geneva;\"><span style=\"font-size: small;\"><span style=\"background: none repeat scroll 0% 0% white; color: black;\">E\u2019 la prima    volta che, in terra inglese, un evento centrato sul vino &#8211; capace di chiamare    a raccolta i pi\u00f9 importanti e influenti opinion leaders britannici &#8211; viene    dedicato esclusivamente alla produzione siciliana. <\/span><span style=\"background: none repeat scroll 0% 0% white; color: black;\">Negli     ultimi anni, la Sicilia \u00e8 diventata un brand di grande risonanza     nell\u2019enologia internazionale che comunica efficacemente territori di     straordinaria vocazione vitivinicola e una forte e indissolubile  relazione tra    produzioni enologiche, cultura, tradizioni e paesaggio. <\/span><\/span><\/span><\/p>\n<p style=\"text-align: center;\"><img loading=\"lazy\" class=\" size-full wp-image-1539\" src=\"http:\/\/www.sceltedigusto.it\/public\/Test\/wp-content\/uploads\/2011\/09\/vini_sicily.jpg\" border=\"0\" width=\"381\" height=\"291\" width=\"590\" height=\"471\" \/><\/p>\n<p><span style=\"font-size: small;\"><span style=\"font-family: verdana,geneva;\"> <\/span><\/span><\/p>\n<p style=\"text-align: justify;\"><span style=\"font-size: small;\"><span style=\"font-family: verdana,geneva;\"><span style=\"background: none repeat scroll 0% 0% white; color: black;\">Merito anche di quel    processo di internazionalizzazione dei Vini di Sicilia &#8211; promosso con forza    dall\u2019Istituto Regione Vite e Vino della Regione Siciliana di cui proprio la citt\u00e0 di Londra rappresenta uno dei tasselli pi\u00f9    importanti, il centro strategico di quei traffici internazionali che,    snodandosi dal cuore pi\u00f9 cosmopolita dell\u2019Europa, raggiungono agilmente i    mercati emergenti di Americhe e Asia. <\/span><span style=\"color: black;\"><span style=\"background: none repeat scroll 0% 0% white;\"> <\/span><\/span><\/span><\/span><\/p>\n<p style=\"text-align: justify;\"><span style=\"font-size: small;\"><span style=\"font-family: verdana,geneva;\"><span style=\"color: black;\"><span style=\"background: none repeat scroll 0% 0% white;\"><img loading=\"lazy\" class=\" size-full wp-image-144\" src=\"http:\/\/www.sceltedigusto.it\/public\/Test\/wp-content\/uploads\/2011\/04\/dario cartabellotta - direttore irvv istituto regionale vite e vino.jpg\" border=\"0\" width=\"229\" height=\"300\" style=\"border: 0pt none;\" width=\"299\" height=\"419\" \/><br \/><\/span><\/span><\/span><\/span><\/p>\n<p><span style=\"font-size: small;\"><span style=\"font-family: verdana,geneva;\"> <\/span><\/span><\/p>\n<p style=\"text-align: justify;\"><span style=\"font-size: small;\"><span style=\"font-family: verdana,geneva;\"> <\/span><\/span><\/p>\n<p><span style=\"font-size: small;\"><span style=\"font-family: verdana,geneva;\"> <\/span><\/span><\/p>\n<p style=\"text-align: justify;\"><span style=\"font-size: small;\"><span style=\"font-family: verdana,geneva;\"><span style=\"background: none repeat scroll 0% 0% white; color: black;\"><span style=\"font-size: small;\">Soddisfazione \u00e8 stata espressa da <strong>Dario Cartabellotta<\/strong>, direttore dell&#8217;Istituto Regionale Vite e Vino:\u201cPossiamo affermare che questo che stiamo vivendo oggi    rappresenta un evento storico per tutto il vigneto Sicilia. Una giornata    simbolicamente importantissima, in cui, per la prima volta in forma esclusiva,    viene dedicato alla Sicilia, presente con una partecipazione numericamente    rilevante che ben rende la dimensione del fenomeno siciliano, un evento di    altissimo livello. Applicando format che permettono di coniugare nel miglior    modo costi e risultati, le nostre strategie di promozione verso l\u2019estero    stanno oggi dimostrando tutta la loro efficacia nell\u2019elevare la percezione del    vino siciliano come un prodotto peculiare di assoluta qualit\u00e0\u201d. <\/span><\/span><\/span><\/span><\/p>\n<p style=\"text-align: center;\"><span style=\"font-size: small;\"><span style=\"font-family: verdana,geneva;\"><span style=\"background: none repeat scroll 0% 0% white; color: black;\"><span style=\"font-size: small;\"><img loading=\"lazy\" class=\" size-full wp-image-1540\" src=\"http:\/\/www.sceltedigusto.it\/public\/Test\/wp-content\/uploads\/2011\/09\/altitude.jpg\" border=\"0\" width=\"402\" height=\"270\" width=\"480\" height=\"270\" \/><br \/><\/span><\/span><\/span><\/span><\/p>\n<p><span style=\"font-size: small;\"><span style=\"font-family: verdana,geneva;\"> <\/span><\/span><\/p>\n<p style=\"text-align: justify;\"><span style=\"font-size: small;\"><span style=\"font-family: verdana,geneva;\"><span style=\"background: none repeat scroll 0% 0% white; color: black;\">A    partecipare all\u2019evento presso l\u2019Altitude London <\/span><span style=\"color: black;\">\u2013 grattacielo <span style=\"background: none repeat scroll 0% 0% whitesmoke;\">nel cuore di<\/span><span style=\"background: none repeat scroll 0% 0% whitesmoke;\"> <\/span><span style=\"background: none repeat scroll 0% 0% whitesmoke;\">Westminster con vista sul Tamigi <\/span>\u2013<span style=\"background: none repeat scroll 0% 0% white;\"> <strong>30<\/strong><\/span><strong> marchi    siciliani,<\/strong> due terzi dei quali gi\u00e0 importati in Inghilterra ma motivati    dal preciso intento di rafforzare e intensificare la propria immagine e    presenza su questo mercato. Ecco la squadra che ha rappresentato degnamente la Sicilia nel Regno Unito:<strong> <\/strong><\/span><\/span><\/span><strong><span style=\"font-size: small;\"><span style=\"font-family: verdana,geneva;\"><span style=\"color: black;\"><span style=\"font-size: small;\">Azienda Vitivinicola <span style=\"background: none repeat scroll 0% 0% white;\">Al-Cant\u00e0ra,  Azienda Biologica Bosco Falconeria,    Calatrasi Mediterranean Domains,  Casa Vinicola Cambria, Feudo Cavaliere,    Cantina Sociale Colomba  Bianca, Cottanera, Antica Azienda Agraria Curto,    Donnadicoppe,  Cantine De Gregorio, Luna Sicana, Cantine Nicosia, Occhiodisole,     Azienda Agricola Palari, Cantine Pellegrino, Cantine Rallo, Rapital\u00e0,  Azienda    Agricola Riofavara, Rizzuto Guccione, Cantine Russo, Duca di  Salaparuta,    Sallier De La Tour, Tasca d\u2019Almerita, Barone Sergio,  Cantine Settesoli,    Planeta, Feudo di Santa Tresa, Azienda Agricola  Alice Bonaccorsi-ValCerasa,    Valle dell\u2019Acate, Viticultori Associati  Canicatt\u00ec<\/span><\/span><\/span><\/span><\/span><\/strong><span style=\"font-size: small;\"><span style=\"font-family: verdana,geneva;\"><span style=\"color: black;\"><span style=\"font-size: small;\"><span style=\"background: none repeat scroll 0% 0% white;\">.<\/span><\/span><\/span><\/span><\/span><strong><span style=\"font-size: small;\"><span style=\"font-family: verdana,geneva;\"><span style=\"color: black;\"><span style=\"font-size: small;\"><span style=\"background: none repeat scroll 0% 0% white;\"> <\/span><\/span><\/span><\/span><\/span><\/strong><\/p>\n<p><span style=\"font-size: small;\"><span style=\"font-family: verdana,geneva;\"> <\/span><\/span><\/p>\n<p style=\"text-align: justify;\"><span style=\"font-size: small;\"><span style=\"font-family: verdana,geneva;\"><span style=\"background: none repeat scroll 0% 0% white; color: black;\"><span style=\"font-size: small;\">Focus anche sui vini    dell\u2019Etna &#8211; una zona vinicola che, sebbene rappresenti una percentuale    molto ridotta del vigneto Sicilia, oggi \u00e8 il terroir in assoluto pi\u00f9 trainante    e sulla cresta dell&#8217;onda \u2013 mentre l\u2019altro, pi\u00f9 in generale, ha trattato del    grande continente vinicolo siciliano, i suoi suoli, i suoi climi, e insomma su    quella grande eterogeneit\u00e0 che rappresenta, oggi, un elemento di    unicit\u00e0 oltre che di competitivit\u00e0 e visibilit\u00e0 sui mercati. <\/span><\/span><\/span><\/span><\/p>\n<p style=\"text-align: justify;\"><span style=\"font-size: small;\"><span style=\"font-family: verdana,geneva;\"><span style=\"background: none repeat scroll 0% 0% white; color: black;\"><span style=\"font-size: small;\"><img loading=\"lazy\" class=\" size-full wp-image-1296\" src=\"http:\/\/www.sceltedigusto.it\/public\/Test\/wp-content\/uploads\/2011\/09\/istituto-regionale-vite-vino2.gif\" border=\"0\" width=\"220\" height=\"106\" \/><br \/><\/span><\/span><\/span><\/span><\/p>\n<p><span style=\"font-size: small;\"><span style=\"font-family: verdana,geneva;\"> <\/span><\/span><\/p>\n<p style=\"line-height: 14.4pt; text-align: justify;\"><span style=\"font-size: small;\"><span style=\"font-family: verdana,geneva;\"><span style=\"background: none repeat scroll 0% 0% white; color: black;\"><span style=\"font-size: small;\">Unanime il coro di soddisfazione delle aziende partecipanti che hanno    apprezzato in particolare le presenze di alto livello intervenute alla    manifestazione, con le quali hanno potuto proficuamente dialogare e alle quali    hanno potuto presentare i loro prodotti. <\/span><\/span><\/span><\/span><\/p>\n<p><span style=\"font-size: small;\"><span style=\"font-family: verdana,geneva;\"> <\/span><\/span><\/p>\n<p style=\"line-height: 14.4pt; text-align: justify;\"><span style=\"font-size: small;\"><span style=\"font-family: verdana,geneva;\"><span style=\"background: none repeat scroll 0% 0% white; color: black;\"><strong>Francesca Curto<\/strong> \u2013    produttrice del ragusano \u2013 esprime piena soddisfazione: \u201cE&#8217; davvero raro negli    eventi internazionali del vino incontrare nella stessa giornata importatori    fortemente interessati ai nostri prodotti insieme ai massimi esponenti della    critica enologica internazionale\u201d. Ero presenti, infatti, personalit\u00e0 di    grande fama: dal decano e mostro sacro di Decanter <strong>Steven Spurrier<\/strong> al    membro dell\u2019Associazione degli scrittori internazionali del vino e    presidentessa di giuria dell\u2019International Wine Challenge <\/span><strong><span style=\"background: none repeat scroll 0% 0% white; color: black;\">Lilyane    Weston<\/span><\/strong><span style=\"background: none repeat scroll 0% 0% white; color: black;\">,<strong> <\/strong>per non    parlare, poi, di <strong>Jane Parkinson<\/strong> premiata come giornalista    emergente in Inghilterra. <\/span><\/span><\/span><\/p>\n<p style=\"line-height: 14.4pt; text-align: center;\"><img loading=\"lazy\" class=\" size-full wp-image-1541\" src=\"http:\/\/www.sceltedigusto.it\/public\/Test\/wp-content\/uploads\/2011\/09\/francesca curto.jpg\" border=\"0\" width=\"350\" height=\"293\" style=\"border: 0pt none;\" width=\"604\" height=\"506\" srcset=\"https:\/\/www.sceltedigusto.it\/public\/wp-content\/uploads\/2011\/09\/francesca%20curto.jpg 604w, https:\/\/www.sceltedigusto.it\/public\/wp-content\/uploads\/2011\/09\/francesca%20curto-300x251.jpg 300w\" sizes=\"(max-width: 350px) 100vw, 350px\" \/><\/p>\n<p style=\"line-height: 14.4pt; text-align: justify;\"><span style=\"font-size: small;\"><span style=\"font-family: verdana,geneva;\"><span style=\"background: none repeat scroll 0% 0% white; color: black;\">\u201cVedere sorseggiare \u2013 prosegue la Curto \u2013 il tuo Nero    d\u2019Avola ed il Syrah da questa platea e riceverne i complimenti \u00e8 stato davvero    emozionate\u201d. Sulla stessa lunghezza d\u2019onda Costanza Trevisan di Luna Sicana,    azienda siciliana dal cuore veneto che ha scelto di produrre spumanti in terra    di Sicilia: \u201cL\u2019Inghilterra \u00e8 un mercato di grande appeal per i nostri prodotti    di nicchia. La Sicilia e l\u2019Italia hanno oggi il vento in poppa    su questi mercati; i consumatori cercano qualit\u00e0, territorio ad un prezzo    giusto e competitivo. Abbiamo registrato grande interesse e curiosit\u00e0 verso i    nostri spumanti made in Sicily\u201d.<\/span><\/span><\/span><\/p>\n<p><span style=\"font-size: small;\"><span style=\"font-family: verdana,geneva;\"> <\/span><\/span><\/p>\n<p style=\"line-height: 14.4pt; text-align: justify;\"><img loading=\"lazy\" class=\" size-full wp-image-1542\" src=\"http:\/\/www.sceltedigusto.it\/public\/Test\/wp-content\/uploads\/2011\/09\/stevenspurriers.jpg\" border=\"0\" width=\"300\" height=\"225\" style=\"border: 0pt none;\" width=\"400\" height=\"300\" srcset=\"https:\/\/www.sceltedigusto.it\/public\/wp-content\/uploads\/2011\/09\/stevenspurriers.jpg 400w, https:\/\/www.sceltedigusto.it\/public\/wp-content\/uploads\/2011\/09\/stevenspurriers-300x225.jpg 300w\" sizes=\"(max-width: 300px) 100vw, 300px\" \/><\/p>\n<p style=\"line-height: 14.4pt; text-align: justify;\"><span style=\"font-size: small;\"><span style=\"font-family: verdana,geneva;\"><span style=\"background: none repeat scroll 0% 0% white; color: black;\"> <\/span><strong><span style=\"color: black;\">Steven    Spurrier<\/span><\/strong><span style=\"color: black;\"> non ha    mancato di sottolineare quanto \u201cil vino siciliano abbia ottime possibilit\u00e0 di    successo, merito del carattere e dell&#8217;individualit\u00e0 espressi dei vitigni    autoctoni, della loro personalit\u00e0 chiara e definita. Vini, insomma, che non    possono essere omologati e che risultano facilmente riconoscibili. Il fatto    che ci sia un evento specializzato sulla Sicilia dimostra \u2013 chiude Spurrier &#8211;     il potenziale di questi vini, percepiti ormai non pi\u00f9 come    vini di massa, ma al contrario di qualit\u00e0 e con spiccati elementi distintivi.    Stiamo andando oltre, c&#8217;\u00e8 qualit\u00e0 vera e il vino siciliano ha tutte le carte    in regola per avere successo nel Regno Unito\u201d. <\/span><\/span><\/span><\/p>\n<p><span style=\"font-size: small;\"><span style=\"font-family: verdana,geneva;\"> <\/span><\/span><\/p>\n<p style=\"text-align: justify;\"><span style=\"font-size: small;\"><span style=\"font-family: verdana,geneva;\"> <\/span><\/span><\/p>\n<p><span style=\"font-size: small;\"><span style=\"font-family: verdana,geneva;\"> <\/span><\/span><\/p>\n<p style=\"text-align: justify;\"><span style=\"font-size: small;\"><span style=\"font-family: verdana,geneva;\"><span style=\"color: black;\"><span style=\"font-size: small;\"><span style=\"background: none repeat scroll 0% 0% white;\"> <\/span><\/span><\/span><\/span><\/span><\/p>\n<p style=\"text-align: justify;\"><span style=\"font-size: small;\"><span style=\"font-family: verdana,geneva;\"><span style=\"color: black;\"><span style=\"font-size: small;\"><span style=\"background: none repeat scroll 0% 0% white;\"><strong>Antonio Fiasconaro<\/strong><br \/><\/span><\/span><\/span><\/span><\/span><\/p>\n<p><span style=\"font-size: small;\"><span style=\"font-family: verdana,geneva;\"> <\/span><\/span><\/p>\n<p style=\"line-height: 14.4pt; text-align: justify;\"><span style=\"font-size: small;\"><span style=\"font-family: verdana,geneva;\"> <\/span><\/span><\/p>\n","protected":false},"excerpt":{"rendered":"<p>Il vino siciliano conquista Londra con &#8220;Wines of Sicily Tasting London&#8221;, un evento-degustazione di altissimo livello organizzato dall&#8217;Istituto Regionale Vite e Vino della Regione Siciliana in collaborazione con Michele Shah, esperta di fama internazionale del mercato globale del vino. (A. Fi.)<\/p>\n","protected":false},"author":18,"featured_media":1538,"comment_status":"open","ping_status":"open","sticky":false,"template":"","format":"standard","meta":[],"categories":[29],"tags":[1975,1683,1990,1978,1982,1970,1969,1986,1971,1974,1240,291,1979,1980,1984,1987,1972,1968,1459,1257,308,249,1973,1989,1992,1967,1994,1995,72,1976,318,1977,1988,1981,1996,1983,1985,1993,1184,1991,209,305],"jetpack_featured_media_url":"https:\/\/www.sceltedigusto.it\/public\/wp-content\/uploads\/2011\/09\/sicilia_vini.jpg","_links":{"self":[{"href":"https:\/\/www.sceltedigusto.it\/public\/wp-json\/wp\/v2\/posts\/1543"}],"collection":[{"href":"https:\/\/www.sceltedigusto.it\/public\/wp-json\/wp\/v2\/posts"}],"about":[{"href":"https:\/\/www.sceltedigusto.it\/public\/wp-json\/wp\/v2\/types\/post"}],"author":[{"embeddable":true,"href":"https:\/\/www.sceltedigusto.it\/public\/wp-json\/wp\/v2\/users\/18"}],"replies":[{"embeddable":true,"href":"https:\/\/www.sceltedigusto.it\/public\/wp-json\/wp\/v2\/comments?post=1543"}],"version-history":[{"count":1,"href":"https:\/\/www.sceltedigusto.it\/public\/wp-json\/wp\/v2\/posts\/1543\/revisions"}],"predecessor-version":[{"id":4389,"href":"https:\/\/www.sceltedigusto.it\/public\/wp-json\/wp\/v2\/posts\/1543\/revisions\/4389"}],"wp:featuredmedia":[{"embeddable":true,"href":"https:\/\/www.sceltedigusto.it\/public\/wp-json\/wp\/v2\/media\/1538"}],"wp:attachment":[{"href":"https:\/\/www.sceltedigusto.it\/public\/wp-json\/wp\/v2\/media?parent=1543"}],"wp:term":[{"taxonomy":"category","embeddable":true,"href":"https:\/\/www.sceltedigusto.it\/public\/wp-json\/wp\/v2\/categories?post=1543"},{"taxonomy":"post_tag","embeddable":true,"href":"https:\/\/www.sceltedigusto.it\/public\/wp-json\/wp\/v2\/tags?post=1543"}],"curies":[{"name":"wp","href":"https:\/\/api.w.org\/{rel}","templated":true}]}}