{"id":1522,"date":"2011-09-28T08:19:40","date_gmt":"2011-09-28T06:19:40","guid":{"rendered":"http:\/\/www.sceltedigusto.it\/public\/Test\/la-birra-trova-casa-a-palermo-apre-il-primo-brew-pub\/"},"modified":"2013-11-16T21:09:21","modified_gmt":"2013-11-16T20:09:21","slug":"la-birra-trova-casa-a-palermo-apre-il-primo-brew-pub","status":"publish","type":"post","link":"https:\/\/www.sceltedigusto.it\/public\/la-birra-trova-casa-a-palermo-apre-il-primo-brew-pub\/","title":{"rendered":"La Birra trova casa a Palermo: apre il primo Brew Pub"},"content":{"rendered":"<h3 style=\"text-align: justify;\"><img loading=\"lazy\" class=\" size-full wp-image-1518\" src=\"http:\/\/www.sceltedigusto.it\/public\/Test\/wp-content\/uploads\/2011\/09\/birra bicchiere.jpg\" border=\"0\" width=\"288\" height=\"410\" width=\"491\" height=\"889\" \/><\/h3>\n<h3 style=\"text-align: justify;\">\u201cGioca\u201d con un pugnetto di chicchi d\u2019orzo Alessandro Picciotto, mastro birraio della birroteca \u201cSpillo\u201d, il primo birrificio-birreria-brewpub che oggi aprir\u00e0 i battenti a Palermo al Cortile degli Eremiti di via dei Benedettini. Si passa i chicchi da una mano all\u2019altra mentre illustra le fasi di lavorazione della birra.Un gesto che ha in s\u00e9 la forza di un\u2019idea, di una passione della fiducia\u00a0in prodotto che ha tutte le caratteristiche per affermarsi nel territorio palermitano, e non solo in quello (A.Zi.)<\/h3>\n<p>  <!--more-->  <\/p>\n<p style=\"text-align: justify;\">Uno dei promotore di questa iniziativa imprenditoriale \u00e8 Mauro Ricci animatore di Cerere, l\u2019associazione culturale per la diffusione della cultura della birra. \u201cLa birra \u2013 dice Ricci- \u00e8 una bevanda viva ed ecologica. Prima la si consumava esclusivamente d\u2019estate oggi, invece, sempre pi\u00f9 persone si avvicinano alla birra in tutti i periodi dell\u2019anno. Una passione che sta crescendo anche in questa citt\u00e0: da qui l\u2019idea di iniziare quest\u2019avventura che \u2013tiene a sottolineare- \u00e8 sostenuta economicamente totalmente dai soci e non sono stati utilizzati contributi di alcun genere\u201d.<\/p>\n<p style=\"text-align: justify;\"><img loading=\"lazy\" class=\" size-full wp-image-1519\" src=\"http:\/\/www.sceltedigusto.it\/public\/Test\/wp-content\/uploads\/2011\/09\/birroteca.jpg\" border=\"0\" width=\"379\" height=\"277\" srcset=\"https:\/\/www.sceltedigusto.it\/public\/wp-content\/uploads\/2011\/09\/birroteca.jpg 379w, https:\/\/www.sceltedigusto.it\/public\/wp-content\/uploads\/2011\/09\/birroteca-300x219.jpg 300w\" sizes=\"(max-width: 379px) 100vw, 379px\" \/><\/p>\n<p style=\"text-align: justify;\">All\u2019interno del locale, che originariamente ospitava due oratori siti dietro la Chiesa di San Giovanni degli Eremiti, ci sar\u00e0 la birroteca -vera e propria- dove oltre alle birre nazionali ed internazionali \u201cvive, non pastorizzate e non filtrate\u201d, si potranno gustare piatti tradizionalmente accoppiati alle birre,come ad esempio, gli hamburger o gli hot dog. Ma non bisogna farsi ingannare dai nomi assolutamente \u201cglobal\u201d. Queste pietanze, infatti, saranno preparate esclusivamente con prodotti del territorio. E quindi, l\u2019hot dog sar\u00e0 \u201cun panino con la salsiccia di suino nero dei Nebrodi\u201d. Lo chef che curer\u00e0 la cucina della birroteca e del ristorante attiguo \u00e8 Francesco Scarpulla.<\/p>\n<p style=\"text-align: justify;\">\u00a0<\/p>\n<p style=\"text-align: justify;\"><img loading=\"lazy\" class=\" size-full wp-image-1520\" src=\"http:\/\/www.sceltedigusto.it\/public\/Test\/wp-content\/uploads\/2011\/09\/orzo.jpg\" border=\"0\" width=\"325\" height=\"323\" srcset=\"https:\/\/www.sceltedigusto.it\/public\/wp-content\/uploads\/2011\/09\/orzo.jpg 325w, https:\/\/www.sceltedigusto.it\/public\/wp-content\/uploads\/2011\/09\/orzo-150x150.jpg 150w, https:\/\/www.sceltedigusto.it\/public\/wp-content\/uploads\/2011\/09\/orzo-300x298.jpg 300w\" sizes=\"(max-width: 325px) 100vw, 325px\" \/><\/p>\n<p style=\"text-align: justify;\">\u201cHo cercato di dare \u2013 dice- un\u2019impronta chiara, creando un menu apposito <em>beer and food<\/em> prendendo spunto dalla Germania, dall\u2019Inghilterra e dagli Usa ma utilizzando solo materie prime siciliane. La cucina d\u2019autore, invece, &#8211; precisa lo chef- sar\u00e0 la protagonista dello spazio ristorante. Anche l\u00ec ci sar\u00e0 molta Sicilia ma con l\u2019influenza dei miei numerosi viaggi intorno al mondo. Naturalmente- aggiunge Scarpulla-\u00a0 non ci sar\u00e0 un\u2019ampia carta dei vini. Abbiamo scelto solo vini dell\u2019Alto Adige e vini dell\u2019Etna che, con un filo virtuale, uniranno l\u2019Italia\u201d.\u00a0Entro dicembre, poi, inizier\u00e0 la mescita delle tre birre \u2013ad alta fermentazione di stile e ricetta della tradizione nord europea \u2013prodotte dallo stesso birrificio:una chiara, una ambrata ed una scura.<\/p>\n<p style=\"text-align: justify;\"><img loading=\"lazy\" class=\" size-full wp-image-1521\" src=\"http:\/\/www.sceltedigusto.it\/public\/Test\/wp-content\/uploads\/2011\/09\/altare della birra 2.jpg\" border=\"0\" width=\"315\" height=\"336\" srcset=\"https:\/\/www.sceltedigusto.it\/public\/wp-content\/uploads\/2011\/09\/altare%20della%20birra%202.jpg 315w, https:\/\/www.sceltedigusto.it\/public\/wp-content\/uploads\/2011\/09\/altare%20della%20birra%202-281x300.jpg 281w\" sizes=\"(max-width: 315px) 100vw, 315px\" \/><\/p>\n<p style=\"text-align: justify;\">\u201cSaranno birre- assicura Mauro Ricci- che avranno delle caratteristiche molto particolari che i palermitani sapranno sicuramente apprezzare. Il nostro obiettivo \u00e8 fare tornare l&#8217;idea tra i clienti che la birra \u00e8 principalmente un prodotto artigianale e non industriale dalle infinite bellezze e bont\u00e0. Ed anche- aggiunge- sfatare qualche mito, come quello di chiedere birra senza la schiuma. La schiuma \u00e8 un componente essenziale della birra: senza, si ossiderebbe immediatamente. E poi- conclude Ricci- la schiuma impedisce al gas di andare via rapidamente e quindi \u00e8 un valore aggiunto\u201d.<\/p>\n<p style=\"text-align: justify;\"><strong>Arianna Zito<\/strong><\/p>\n","protected":false},"excerpt":{"rendered":"<p>\u201cGioca\u201d con un pugnetto di chicchi d\u2019orzo Alessandro Picciotto, mastro birraio della birroteca \u201cSpillo\u201d, il primo birrificio-birreria-brewpub che oggi aprir\u00e0 i battenti a Palermo al Cortile degli Eremiti di via dei Benedettini. Si passa i chicchi da una mano all\u2019altra mentre illustra le fasi di lavorazione della birra.Un gesto che ha in s\u00e9 la forza [&hellip;]<\/p>\n","protected":false},"author":18,"featured_media":1518,"comment_status":"open","ping_status":"open","sticky":false,"template":"","format":"standard","meta":[],"categories":[1],"tags":[1634,1922,1921],"jetpack_featured_media_url":"https:\/\/www.sceltedigusto.it\/public\/wp-content\/uploads\/2011\/09\/birra bicchiere.jpg","_links":{"self":[{"href":"https:\/\/www.sceltedigusto.it\/public\/wp-json\/wp\/v2\/posts\/1522"}],"collection":[{"href":"https:\/\/www.sceltedigusto.it\/public\/wp-json\/wp\/v2\/posts"}],"about":[{"href":"https:\/\/www.sceltedigusto.it\/public\/wp-json\/wp\/v2\/types\/post"}],"author":[{"embeddable":true,"href":"https:\/\/www.sceltedigusto.it\/public\/wp-json\/wp\/v2\/users\/18"}],"replies":[{"embeddable":true,"href":"https:\/\/www.sceltedigusto.it\/public\/wp-json\/wp\/v2\/comments?post=1522"}],"version-history":[{"count":1,"href":"https:\/\/www.sceltedigusto.it\/public\/wp-json\/wp\/v2\/posts\/1522\/revisions"}],"predecessor-version":[{"id":4159,"href":"https:\/\/www.sceltedigusto.it\/public\/wp-json\/wp\/v2\/posts\/1522\/revisions\/4159"}],"wp:featuredmedia":[{"embeddable":true,"href":"https:\/\/www.sceltedigusto.it\/public\/wp-json\/wp\/v2\/media\/1518"}],"wp:attachment":[{"href":"https:\/\/www.sceltedigusto.it\/public\/wp-json\/wp\/v2\/media?parent=1522"}],"wp:term":[{"taxonomy":"category","embeddable":true,"href":"https:\/\/www.sceltedigusto.it\/public\/wp-json\/wp\/v2\/categories?post=1522"},{"taxonomy":"post_tag","embeddable":true,"href":"https:\/\/www.sceltedigusto.it\/public\/wp-json\/wp\/v2\/tags?post=1522"}],"curies":[{"name":"wp","href":"https:\/\/api.w.org\/{rel}","templated":true}]}}