{"id":1501,"date":"2011-09-27T19:50:24","date_gmt":"2011-09-27T17:50:24","guid":{"rendered":"http:\/\/www.sceltedigusto.it\/public\/Test\/a-qmacfrutq-gli-agrumi-di-sicilia-qfanno-squadraq-con-il-qmarchio-ombrello-regionaleq\/"},"modified":"2016-01-17T00:22:44","modified_gmt":"2016-01-16T23:22:44","slug":"a-qmacfrutq-gli-agrumi-di-sicilia-qfanno-squadraq-con-il-qmarchio-ombrello-regionaleq","status":"publish","type":"post","link":"https:\/\/www.sceltedigusto.it\/public\/a-qmacfrutq-gli-agrumi-di-sicilia-qfanno-squadraq-con-il-qmarchio-ombrello-regionaleq\/","title":{"rendered":"A &#8220;MacFrut&#8221; gli agrumi di Sicilia &#8220;fanno squadra&#8221; con il &#8220;marchio ombrello regionale&#8221;"},"content":{"rendered":"<h3 style=\"text-align: justify;\"><img loading=\"lazy\" class=\" size-full wp-image-1492\" src=\"http:\/\/www.sceltedigusto.it\/public\/Test\/wp-content\/uploads\/2011\/09\/distretto agrumi di sicilia.jpg\" alt=\"\" width=\"200\" height=\"212\" border=\"0\" srcset=\"https:\/\/www.sceltedigusto.it\/public\/wp-content\/uploads\/2011\/09\/distretto%20agrumi%20di%20sicilia.jpg 200w, https:\/\/www.sceltedigusto.it\/public\/wp-content\/uploads\/2011\/09\/distretto%20agrumi%20di%20sicilia-150x159.jpg 150w\" sizes=\"(max-width: 200px) 100vw, 200px\" \/><\/h3>\n<h3 style=\"text-align: justify;\"><span style=\"font-size: small;\"><span style=\"font-family: verdana,geneva;\">Si scrive &#8220;marchio ombrello regionale&#8221;, si legge sinergia nel nome della Sicilia. Per la prima volta un &#8220;cartello&#8221; di cinque Consorzi di tutela Dop e Igp: Arancia rossa di Sicilia e Arancia bionda di Ribera, Mandarino &#8220;Tardivo di Ciaculli&#8221;, Limone Interdonato di Messina e Limone di Siracusa, sotto la supervisione del Distretto Produttivo Agrumi di Sicilia (Ads), parteciperanno dal 5 al 7 ottobre prossimi al &#8220;MacFrut 2011&#8221; di Cesena (A. Fi.)<\/span><\/span><\/h3>\n<p><span style=\"font-size: small;\"><span style=\"font-family: verdana,geneva;\">\u00a0<\/span><\/span><\/p>\n<p><!--more--><\/p>\n<p style=\"text-align: justify;\"><img loading=\"lazy\" class=\" size-full wp-image-1493\" src=\"http:\/\/www.sceltedigusto.it\/public\/Test\/wp-content\/uploads\/2011\/09\/logo macfrut 2011.jpg\" alt=\"\" width=\"300\" height=\"200\" border=\"0\" \/> <img loading=\"lazy\" class=\" size-full wp-image-1494\" src=\"http:\/\/www.sceltedigusto.it\/public\/Test\/wp-content\/uploads\/2011\/09\/macfrut 2011.jpg\" alt=\"\" width=\"450\" height=\"300\" border=\"0\" srcset=\"https:\/\/www.sceltedigusto.it\/public\/wp-content\/uploads\/2011\/09\/macfrut%202011.jpg 450w, https:\/\/www.sceltedigusto.it\/public\/wp-content\/uploads\/2011\/09\/macfrut%202011-300x200.jpg 300w\" sizes=\"(max-width: 450px) 100vw, 450px\" \/><\/p>\n<p><span style=\"font-size: small;\"><span style=\"font-family: verdana,geneva;\">L&#8217;appuntamento nella citt\u00e0 romagnola &#8211; Padiglione A, stand 83 &#8211; \u00e8 importante per il settore ortofrutticolo siciliano perch\u00e8 sar\u00e0 occasione per presentare una innovativa e inedita sinergia di distribuzione nei mercati ortofrutticoli di tutto il bacino del Mediterraneo e non delle produzioni siciliane di eccellenza Dop, Igp e biologiche. <\/span><\/span><\/p>\n<p style=\"text-align: justify;\"><span style=\"font-size: small;\"><span style=\"font-family: verdana,geneva;\">La &#8220;tre giorni&#8221;, fitti di incontri e scambi fra buyers italiani e stranieri, operatori dei mercati ortofrutticoli e della Grande distribuzione organizzata (Gdo) e grossiti, sotto la lente d&#8217;ingrandimentoi del Distretto Agrumi di Sicilia, <span style=\"color: #333333;\">\u00e8 sostenuta dall&#8217;assessorato regionale alle Risorse Agricole e Agroalimentari.<\/span><\/span><\/span><\/p>\n<p style=\"text-align: justify;\"><span style=\"font-size: small;\"><span style=\"font-family: verdana,geneva;\"><span style=\"color: #333333;\"><img loading=\"lazy\" class=\" size-full wp-image-1495\" src=\"http:\/\/www.sceltedigusto.it\/public\/Test\/wp-content\/uploads\/2011\/09\/distretto arance rosse.jpg\" alt=\"\" width=\"1024\" height=\"683\" border=\"0\" \/><br \/>\n<\/span><\/span><\/span><\/p>\n<p style=\"text-align: justify;\"><span style=\"font-size: small;\"><span style=\"font-family: verdana,geneva;\"><span style=\"color: #333333;\">Nato nel 2005 come \u201cDistretto Produttivo Arancia Rossa\u201d \u2013 nome modificato nel giugno 2011 per poter valorizzare, riuniti sotto il <em><span style=\"font-style: italic;\">brand<\/span><\/em> \u201cSicilia\u201d, tutte le tipologie di agrumi prodotti nell\u2019isola \u2013 il Distretto Produttivo Agrumi di Sicilia \u00e8 storicamente il primo grande esperimento di coesione fra aziende private, enti pubblici e rappresentanze agricole\u00a0 mai realizzato nella regione nel campo dell\u2019agrumicoltura<\/span><\/span><\/span><\/p>\n<p style=\"text-align: center;\"><span style=\"font-size: small;\"><span style=\"font-family: verdana,geneva;\"><span style=\"color: #333333;\"><img loading=\"lazy\" class=\" size-full wp-image-1496\" src=\"http:\/\/www.sceltedigusto.it\/public\/Test\/wp-content\/uploads\/2011\/09\/distretto mandarini ciaculli 1.jpg\" alt=\"\" width=\"576\" height=\"768\" border=\"0\" srcset=\"https:\/\/www.sceltedigusto.it\/public\/wp-content\/uploads\/2011\/09\/distretto%20mandarini%20ciaculli%201.jpg 576w, https:\/\/www.sceltedigusto.it\/public\/wp-content\/uploads\/2011\/09\/distretto%20mandarini%20ciaculli%201-225x300.jpg 225w\" sizes=\"(max-width: 576px) 100vw, 576px\" \/><br \/>\n<\/span><\/span><\/span><\/p>\n<p style=\"text-align: justify;\"><span style=\"font-size: small;\"><span style=\"font-family: verdana,geneva;\"><span style=\"color: #333333;\">Ben 144 i partner: da un lato le imprese della filiera (105) dall\u2019altro i consorsi di tutela dei prodotti Igp e Dop (<em><span style=\"font-style: italic;\">Arancia rossa di Sicilia, Arancia Bionda di Ribera, Limone Interdonato Messina, Limone di Siracusa, Mandarino di Ciaculli,<\/span><\/em> quest\u2019ultimo in fase di riconoscimento) le associazioni di categoria, le amministrazioni locali, enti di ricerca scientifica, turismo relazionale e cooperazione, per un totale di 39 organismi. Il Distretto Agrumi di Sicilia rappresenta 2 mila addetti<strong><span style=\"font-weight: bold;\">, <\/span><\/strong>oltre 21 mila ettari coltivati e produce un fatturato annuo all\u2019ingrosso di oltre 400 milioni di euro. Nel giugno scorso i 144 partner hanno sottoscritto un Patto di Sviluppo per individuare le azioni necessarie al reale sostegno delle imprese della filiera.<\/span><\/span><\/span><\/p>\n<p style=\"text-align: justify;\"><span style=\"font-size: small;\"><span style=\"font-family: verdana,geneva;\"><span style=\"color: #333333;\"><img loading=\"lazy\" class=\" size-full wp-image-1497\" src=\"http:\/\/www.sceltedigusto.it\/public\/Test\/wp-content\/uploads\/2011\/09\/macfrut-2011_2.jpg\" alt=\"\" width=\"500\" height=\"340\" border=\"0\" srcset=\"https:\/\/www.sceltedigusto.it\/public\/wp-content\/uploads\/2011\/09\/macfrut-2011_2.jpg 500w, https:\/\/www.sceltedigusto.it\/public\/wp-content\/uploads\/2011\/09\/macfrut-2011_2-300x204.jpg 300w\" sizes=\"(max-width: 500px) 100vw, 500px\" \/><\/span><\/span><\/span><\/p>\n<p style=\"text-align: justify;\"><span style=\"font-size: small;\"><span style=\"font-family: verdana,geneva;\"><span style=\"color: #333333;\">Evento di punt<\/span><\/span><\/span><span style=\"font-size: small;\"><span style=\"font-family: verdana,geneva;\"><span style=\"color: #333333;\">a d<\/span><\/span><\/span><span style=\"font-size: small;\"><span style=\"font-family: verdana,geneva;\"><span style=\"color: #333333;\">ella tre giorni del Distretto Agrumi di Sicilia\u00a0 sar\u00e0 il workshop dedicato al tema della distribuzione dei prodotti di qualit\u00e0 attraverso la rete dei mercati ortofrutticoli. L\u2019appuntamento \u00e8 per gioved\u00ec 6 ottobre alle 17 (Sala delegazioni A e B). Coordinati da Roberto Della Casa, docente di Marketing Agroalimentare presso l&#8217;Universit\u00e0 di Bologna, il presidente Federica Argentati insieme ai presidenti dei Consorzi di Tutela Alessandro Scuderi (Arancia Rossa), Giuseppe Pasciuta (Bionda di Ribera), Attilio Interdonato (Limone Interdonato), Fabio Moschella (Limone di Siracusa) e Giovanni D&#8217;Agate (Mandarino di Ciaculli) illustreranno a buyers, operatori e addetti del settore agroalimentare, l\u2019innovativa proposta. <\/span><\/span><\/span><\/p>\n<p style=\"text-align: center;\"><span style=\"font-size: small;\"><span style=\"font-family: verdana,geneva;\"><span style=\"color: #333333;\"><img loading=\"lazy\" class=\" size-full wp-image-691\" src=\"http:\/\/www.sceltedigusto.it\/public\/Test\/wp-content\/uploads\/2011\/06\/elio dantrassi.jpg\" alt=\"\" width=\"360\" height=\"480\" border=\"0\" srcset=\"https:\/\/www.sceltedigusto.it\/public\/wp-content\/uploads\/2011\/06\/elio%20dantrassi.jpg 360w, https:\/\/www.sceltedigusto.it\/public\/wp-content\/uploads\/2011\/06\/elio%20dantrassi-225x300.jpg 225w, https:\/\/www.sceltedigusto.it\/public\/wp-content\/uploads\/2011\/06\/elio%20dantrassi-150x200.jpg 150w, https:\/\/www.sceltedigusto.it\/public\/wp-content\/uploads\/2011\/06\/elio%20dantrassi-300x400.jpg 300w, https:\/\/www.sceltedigusto.it\/public\/wp-content\/uploads\/2011\/06\/elio%20dantrassi-315x420.jpg 315w\" sizes=\"(max-width: 360px) 100vw, 360px\" \/><\/span><\/span><\/span><\/p>\n<p style=\"text-align: justify;\"><span style=\"font-size: small;\"><span style=\"font-family: verdana,geneva;\"><span style=\"color: #333333;\">Alla tavola rotonda interverr\u00e0 anche l\u2019assessore regionale alle Risorse Agricole e Agroalimentari Elio D&#8217;Antrassi che porter\u00e0 al dibattito un importante contributo sia istituzionale che tecnico grazie alla sua profonda conoscenza del mondo ortofrutticolo nazionale e internazionale.<\/span><\/span><\/span><\/p>\n<p><span style=\"font-size: small;\"><span style=\"font-family: verdana,geneva;\"><span style=\"color: #333333;\"><img loading=\"lazy\" class=\" size-full wp-image-1498\" style=\"border: 0px;\" src=\"http:\/\/www.sceltedigusto.it\/public\/Test\/wp-content\/uploads\/2011\/09\/federica argentati presidente distretto ads.jpg\" alt=\"\" width=\"171\" height=\"251\" border=\"0\" \/><\/span><\/span><\/span><\/p>\n<p style=\"text-align: justify;\"><span style=\"font-size: small;\"><span style=\"font-family: verdana,geneva;\"><span style=\"color: #333333;\">\u201cL\u2019idea \u2013 spiega la Argentati &#8211; \u00e8 quella di proporre ai Mercati Ortofrutticoli, con alcuni dei quali \u00e8 gi\u00e0 in atto da tempo una favorevole interlocuzione, il brand \u201cAgrumi di Sicilia\u201d quale marchio ombrello regionale: servir\u00e0 ad identificare un territorio, la Sicilia, la sua cultura millenaria, la sua gente determinata a valorizzare le proprie produzioni di qualit\u00e0 Dop, Igp e biologiche\u201d. <\/span><\/span><\/span><\/p>\n<p style=\"text-align: justify;\"><span style=\"font-size: small;\"><span style=\"font-family: verdana,geneva;\"><span style=\"color: #333333;\">Una proposta di commercializzazione assolutamente inedita per la Sicilia e che nel campo agroalimentare ha gi\u00e0 <em><span style=\"font-style: italic;\">case-history<\/span><\/em> di successo come il marchio ombrello regionale della Provincia di Bolzano che certifica con il bollino &#8220;Alto Adige-Sudtirol&#8221; i propri prodotti di qualit\u00e0. <\/span><\/span><\/span><\/p>\n<p style=\"text-align: center;\"><span style=\"font-size: small;\"><span style=\"font-family: verdana,geneva;\"><span style=\"color: #333333;\"><img loading=\"lazy\" class=\" size-full wp-image-1499\" src=\"http:\/\/www.sceltedigusto.it\/public\/Test\/wp-content\/uploads\/2011\/09\/macfrut_1.jpg\" alt=\"\" width=\"268\" height=\"188\" border=\"0\" \/><\/span><\/span><\/span><\/p>\n<p style=\"text-align: justify;\"><span style=\"font-size: small;\"><span style=\"font-family: verdana,geneva;\"><span style=\"color: #333333;\">\u201cUna sfida<\/span><\/span><span style=\"font-family: verdana,geneva;\"><span style=\"color: #333333;\"> \u2013 continua la Argentati \u2013 che coinvolger\u00e0 in maniera proattiva l\u2019intera filiera: dal produttore, in particolare le imprese aggregate, agli operatori dei mercati ortofrutticoli fino agli stessi dettaglianti. Tutti protagonisti di un percorso consapevole e attento alle esigenze dei consumatori e del comparto. Senza contare che il <em><span style=\"font-style: italic;\">brand,<\/span><\/em> Sicilia sottolinea l\u2019origine tutta italiana degli agrumi del Distretto evocando tutti i <em><span style=\"font-style: italic;\">must <\/span><\/em>della nostra terra: sole, natura, arte, mare. Puntiamo a restituire al\u00a0 comparto quel valore aggiunto che, oggi pi\u00f9 di ieri, \u00e8 necessario all\u2019impresa agricola perch\u00e9 possa continuare con passione e orgoglio il proprio mestiere: produrre qualit\u00e0 adeguata al mercato tornando a svolgere con maggiore serenit\u00e0 un\u2019arte tanto antica quanto strategica per il territorio\u201d.<\/span><\/span><\/span><\/p>\n<p style=\"text-align: justify;\"><span style=\"font-size: small;\"><span style=\"font-family: verdana,geneva;\"><span style=\"color: #333333;\"><img loading=\"lazy\" class=\" size-full wp-image-1500\" src=\"http:\/\/www.sceltedigusto.it\/public\/Test\/wp-content\/uploads\/2011\/09\/limone_sicilia.jpg\" alt=\"\" width=\"160\" height=\"175\" border=\"0\" \/><\/span><\/span><\/span><\/p>\n<p style=\"text-align: center;\"><span style=\"font-family: verdana,geneva;\"><strong><span style=\"font-size: small;\">I NUMERI DEL DISTRETTO PRODUTTIVO AGRUMI DI SICILI<\/span><\/strong><\/span><span style=\"font-family: verdana,geneva;\"><strong><span style=\"font-size: small;\">A<\/span><\/strong><\/span><\/p>\n<p style=\"text-align: justify;\"><span style=\"font-size: small;\"><span style=\"font-family: verdana,geneva;\">Le 105 imprese della filiera agrumicola del Distretto Agrumi di Sicilia rappresentano <strong>2 mila addetti,<\/strong> <strong>oltre 21 mila ettari coltivati<\/strong> e un <strong>fatturato annuo all\u2019ingrosso di circa 400 milioni di euro<\/strong>. Riuniscono:<br \/>\n<\/span><\/span><\/p>\n<p><span style=\"font-size: small;\"><span style=\"font-family: verdana,geneva;\">&#8211;\u00a0\u00a0\u00a0\u00a0\u00a0\u00a0\u00a0\u00a0\u00a0 organizzazioni di produttori (imprese, cooperative e consorzi)<br \/>\n<\/span><\/span><\/p>\n<p><span style=\"font-size: small;\"><span style=\"font-family: verdana,geneva;\">&#8211;\u00a0\u00a0\u00a0\u00a0\u00a0\u00a0\u00a0\u00a0\u00a0 societ\u00e0 di commercializzazione<br \/>\n<\/span><\/span><\/p>\n<p><span style=\"font-size: small;\"><span style=\"font-family: verdana,geneva;\">&#8211;\u00a0\u00a0\u00a0\u00a0\u00a0\u00a0\u00a0\u00a0\u00a0 aziende di trasformazione<br \/>\n<\/span><\/span><\/p>\n<p><span style=\"font-size: small;\"><span style=\"font-family: verdana,geneva;\">&#8211;\u00a0\u00a0\u00a0\u00a0\u00a0 aziende di trasporti, logistica, certificazione (controllo e qualit\u00e0), energia rinnovabile, agriturismi, vivai e istituti di credito.<br \/>\n<\/span><\/span><\/p>\n<p style=\"text-align: justify;\"><span style=\"font-size: small;\"><span style=\"font-family: verdana,geneva;\">Le 105 aziende agrumicole sono cos\u00ec ripartite per provincia: Catania 49, Agrigento 30, Siracusa 20, Palermo 4, Messina 1, Caltanissetta 1.<\/span><\/span><\/p>\n<p style=\"text-align: center;\"><span style=\"font-size: small;\"><span style=\"font-family: verdana,geneva;\"><strong>IL DISTRETTO E IL PATTO DI SVILUPPO<\/strong><br \/>\n<\/span><\/span><\/p>\n<p style=\"text-align: justify;\"><span style=\"font-size: small;\"><span style=\"font-family: verdana,geneva;\">Tutti insieme i 144 soci, nel giugno 2011, dopo una serie di confronti e di dibattiti, hanno condiviso e sottoscritto un <strong>Patto di Sviluppo<\/strong> elaborato dalla presidente del Distretto, <strong>Federica Argentati<\/strong>, con l\u2019intento di <strong>identificare e condividere<\/strong> con tutti i partner del Distretto gli elementi per una progettualit\u00e0 concreta a reale sostegno delle imprese della filiera. A poche settimane dall\u2019avvio della campagna agrumaria, il Patto ha gi\u00e0 avviato un <strong>dialogo proficuo<\/strong> con le Amministrazioni del territorio, il Governo regionale e nazionale.<\/span><\/span><\/p>\n<p style=\"text-align: center;\"><span style=\"font-size: small;\"><span style=\"font-family: verdana,geneva;\"><strong>GLI OBIETTIVI E LE AZIONI DEL PATTO DI SVILUPPO<br \/>\n<\/strong><\/span><\/span><\/p>\n<p>&nbsp;<\/p>\n<p><strong>Sette gli obiettivi<\/strong> del Patto di Sviluppo siglato dai soci del Distretto Agrumi di Sicilia:<\/p>\n<ol>\n<li>marketing associativo<\/li>\n<li>accesso al credito e alla fiscalit\u00e0 di vantaggio<\/li>\n<li>internazionalizzazione<\/li>\n<li>ortomercati e filiera corta<\/li>\n<li>ricerca scientifica<\/li>\n<li>turismo relazionale integrato<\/li>\n<li>formazione<\/li>\n<\/ol>\n<p>&nbsp;<\/p>\n<p>&nbsp;<\/p>\n<p><strong>Dieci le azioni trasversali <\/strong>individuate nel Patto di Sviluppo e sottoscritte dai 144 soci<\/p>\n<ol>\n<li>monitoraggio della produzione<\/li>\n<li>interventi strutturali sulla produzione<\/li>\n<li>monitoraggio dell\u2019attivit\u00e0 di commercializzazione<\/li>\n<li>accesso al credito<\/li>\n<li>piano della qualit\u00e0<\/li>\n<li>ricerca scientifica<\/li>\n<li>comunicazione e promozione<\/li>\n<li>formazione<\/li>\n<li>logistica e infrastrutture<\/li>\n<li>sostegno alla gestione e sviluppo<\/li>\n<\/ol>\n<p style=\"text-align: justify;\"><span style=\"font-size: small;\"><span style=\"font-family: verdana,geneva;\"><span style=\"color: #333333;\"><strong>Antonio Fiasconaro<\/strong><br \/>\n<\/span><\/span><\/span><\/p>\n<p style=\"text-align: justify;\"><span style=\"font-family: Garamond; color: #333333; font-size: small;\"><span style=\"font-size: 12pt; color: #333333; font-family: Garamond;\">\u00a0<\/span><\/span><\/p>\n<p>&nbsp;<\/p>\n<p style=\"text-indent: 35.4pt; text-align: justify;\">\n<p>&nbsp;<\/p>\n<p><strong><span style=\"font-family: Garamond; color: #333333; font-size: small;\"><span style=\"font-weight: bold; font-size: 12pt; color: #333333; font-family: Garamond;\">\u00a0<\/span><\/span><\/strong><\/p>\n","protected":false},"excerpt":{"rendered":"<p>Si scrive &#8220;marchio ombrello regionale&#8221;, si legge sinergia nel nome della Sicilia. Per la prima volta un &#8220;cartello&#8221; di cinque Consorzi di tutela Dop e Igp: Arancia rossa di Sicilia e Arancia bionda di Ribera, Mandarino &#8220;Tardivo di Ciaculli&#8221;, Limone Interdonato di Messina e Limone di Siracusa, sotto la supervisione del Distretto Produttivo Agrumi di [&hellip;]<\/p>\n","protected":false},"author":18,"featured_media":1492,"comment_status":"open","ping_status":"open","sticky":false,"template":"","format":"standard","meta":[],"categories":[4],"tags":[1875,1874,1683,1878,1877,366,1882,1886,1884,606,1601,1883,1885,1880,1881,1873,1879,1876],"jetpack_featured_media_url":"https:\/\/www.sceltedigusto.it\/public\/wp-content\/uploads\/2011\/09\/distretto agrumi di sicilia.jpg","_links":{"self":[{"href":"https:\/\/www.sceltedigusto.it\/public\/wp-json\/wp\/v2\/posts\/1501"}],"collection":[{"href":"https:\/\/www.sceltedigusto.it\/public\/wp-json\/wp\/v2\/posts"}],"about":[{"href":"https:\/\/www.sceltedigusto.it\/public\/wp-json\/wp\/v2\/types\/post"}],"author":[{"embeddable":true,"href":"https:\/\/www.sceltedigusto.it\/public\/wp-json\/wp\/v2\/users\/18"}],"replies":[{"embeddable":true,"href":"https:\/\/www.sceltedigusto.it\/public\/wp-json\/wp\/v2\/comments?post=1501"}],"version-history":[{"count":2,"href":"https:\/\/www.sceltedigusto.it\/public\/wp-json\/wp\/v2\/posts\/1501\/revisions"}],"predecessor-version":[{"id":11045,"href":"https:\/\/www.sceltedigusto.it\/public\/wp-json\/wp\/v2\/posts\/1501\/revisions\/11045"}],"wp:featuredmedia":[{"embeddable":true,"href":"https:\/\/www.sceltedigusto.it\/public\/wp-json\/wp\/v2\/media\/1492"}],"wp:attachment":[{"href":"https:\/\/www.sceltedigusto.it\/public\/wp-json\/wp\/v2\/media?parent=1501"}],"wp:term":[{"taxonomy":"category","embeddable":true,"href":"https:\/\/www.sceltedigusto.it\/public\/wp-json\/wp\/v2\/categories?post=1501"},{"taxonomy":"post_tag","embeddable":true,"href":"https:\/\/www.sceltedigusto.it\/public\/wp-json\/wp\/v2\/tags?post=1501"}],"curies":[{"name":"wp","href":"https:\/\/api.w.org\/{rel}","templated":true}]}}