{"id":14936,"date":"2017-11-15T14:27:19","date_gmt":"2017-11-15T13:27:19","guid":{"rendered":"http:\/\/www.sceltedigusto.it\/public\/?p=14936"},"modified":"2017-11-15T14:27:19","modified_gmt":"2017-11-15T13:27:19","slug":"mela-annurca-igp-tutto-quello-che-non-sapete-ancora-su-questo-straordinario-frutto","status":"publish","type":"post","link":"https:\/\/www.sceltedigusto.it\/public\/mela-annurca-igp-tutto-quello-che-non-sapete-ancora-su-questo-straordinario-frutto\/","title":{"rendered":"Mela Annurca IGP: tutto quello che non sapete ancora su questo straordinario frutto"},"content":{"rendered":"<p><a href=\"http:\/\/www.sceltedigusto.it\/public\/wp-content\/uploads\/2017\/11\/mela-annurca.jpg\"><img loading=\"lazy\" class=\"alignleft wp-image-14938 size-medium\" src=\"http:\/\/www.sceltedigusto.it\/public\/wp-content\/uploads\/2017\/11\/mela-annurca-300x168.jpg\" alt=\"mela annurca\" width=\"300\" height=\"168\" \/><\/a>Il detto \u201c<em>una mela al giorno leva il medico di torno<\/em>\u201d \u00e8 ormai entrato nei motti della cultura nostrana, rimandando con candore alle note propriet\u00e0 salutari che il frutto possiede. Risorse benefiche che continuano ancora a sorprendere e ad accendere la curiosit\u00e0 della comunit\u00e0 scientifica, come nel caso della cosiddetta<strong> mela annurca<\/strong>, negli ultimi anni oggetto di ricerca da parte del <strong>Dipartimento di Farmacia dell\u2019Universit\u00e0 Federico II di Napoli.<\/strong><br \/>\nProdotto IGP dal 2016 con la dicitura \u201c<strong>Melannurca Campana\u201d<\/strong>, la storia di questo frutto dalle qualit\u00e0 straordinarie \u00e8 fortemente radicata al proprio territorio di origine, che gi\u00e0 Plinio il Vecchio, nella sua Naturalis Historia, aveva identificato con Pozzuoli, ma che oggi trova nella zona dell\u2019alto casertano il 70% dei meleti coltivati. La sperimentazione portata avanti dall\u2019Istituto federiciano avrebbe evidenziato i sorprendenti benefici a scopo preventivo non solo sul tasso di colesterolo presente nell\u2019organismo, ma anche sulla riduzione della caduta dei capelli, nonch\u00e9 sull\u2019infoltimento della chioma stessa.<br \/>\n<a href=\"http:\/\/www.sceltedigusto.it\/public\/wp-content\/uploads\/2017\/11\/coltivazioni-mela-annurca.jpg\"><img loading=\"lazy\" class=\"alignright wp-image-14939 size-medium\" src=\"http:\/\/www.sceltedigusto.it\/public\/wp-content\/uploads\/2017\/11\/coltivazioni-mela-annurca-300x199.jpg\" alt=\"coltivazioni mela annurca\" width=\"300\" height=\"199\" srcset=\"https:\/\/www.sceltedigusto.it\/public\/wp-content\/uploads\/2017\/11\/coltivazioni-mela-annurca-300x199.jpg 300w, https:\/\/www.sceltedigusto.it\/public\/wp-content\/uploads\/2017\/11\/coltivazioni-mela-annurca-100x65.jpg 100w, https:\/\/www.sceltedigusto.it\/public\/wp-content\/uploads\/2017\/11\/coltivazioni-mela-annurca.jpg 700w\" sizes=\"(max-width: 300px) 100vw, 300px\" \/><\/a>Effettuato su un <strong>campione di 250 persone,<\/strong> lo studio clinico avrebbe infatti evidenziato, gi\u00e0 a 30-60 giorni dall\u2019inizio della sperimentazione e con l\u2019assunzione quotidiana di due capsule a base di nutraceutico di mela annurca, <strong>una riduzione dell\u20198% del colesterolo totale, del 12% del colesterolo LDL, il cosiddetto colesterolo \u201ccattivo\u201d, e parallelamente un incremento del 15% di quello \u201cbuono\u201d, il colesterolo HDL.<\/strong> Un condensato di virt\u00f9 di cui<strong> Ettore Novellino<\/strong>, direttore del Dipartimento di Farmacia dell\u2019Universit\u00e0 Federico II, ha prospettato le future potenziali applicazioni grazie a nuovi filoni di ricerca, sia nella cura dell\u2019alopecia androgenetica, sia nel trattamento della<strong> calvizie causata da terapie antitumorali.<\/strong><br \/>\n<a href=\"http:\/\/www.sceltedigusto.it\/public\/wp-content\/uploads\/2017\/11\/annurca-IGP.jpeg\"><img loading=\"lazy\" class=\"alignleft wp-image-14940 size-full\" src=\"http:\/\/www.sceltedigusto.it\/public\/wp-content\/uploads\/2017\/11\/annurca-IGP.jpeg\" alt=\"annurca IGP\" width=\"225\" height=\"225\" srcset=\"https:\/\/www.sceltedigusto.it\/public\/wp-content\/uploads\/2017\/11\/annurca-IGP.jpeg 225w, https:\/\/www.sceltedigusto.it\/public\/wp-content\/uploads\/2017\/11\/annurca-IGP-150x150.jpeg 150w, https:\/\/www.sceltedigusto.it\/public\/wp-content\/uploads\/2017\/11\/annurca-IGP-210x210.jpeg 210w\" sizes=\"(max-width: 225px) 100vw, 225px\" \/><\/a>Alla luce di un tale riconoscimento scientifico, la mela annurca \u00e8 passata da realt\u00e0 di nicchia a specialit\u00e0 agronomica dalle rare caratteristiche, tanto da indurre una start up universitaria ad utilizzare gli esemplari di scarto per la produzione di compresse, gi\u00e0 appetibili sul mercato.<br \/>\nE intanto cresce sempre pi\u00f9 la domanda del prodotto. Ormai il Consorzio Mela Annurca IGP con il marchio di tutela comprende ben 200 imprese, oltre 4000 addetti, un fatturato pari a 30 milioni di euro e una crescita costante della produzione del 10%. Ad essere preservata \u00e8 anche la tradizione dei metodi di lavorazione, con il passaggio dall\u2019albero all\u2019arrossamento al sole dei frutti su legni di truciolo.<br \/>\nUna storia positiva con una protagonista indiscussa: la Campania. Da un lato un prodotto tipico del territorio che \u00e8 passato dall\u2019essere locale ad avere respiro nazionale, fino a valicare i confini di Svizzera e Germania. Dall\u2019altro, il contributo decisivo dato dal Dipartimento di Farmacia dell\u2019Universit\u00e0 Federico II di Napoli, considerato da alcuni organi ministeriali primo in classifica nazionale per la qualit\u00e0 di ricerche dall\u2019alto valore scientifico e dal grande potenziale terapeutico.<\/p>\n<p><strong>Serena d&#8217;Arienzo<\/strong><\/p>\n","protected":false},"excerpt":{"rendered":"<p>Il detto \u201cuna mela al giorno leva il medico di torno\u201d \u00e8 ormai entrato nei motti della cultura nostrana, rimandando con candore alle note propriet\u00e0 salutari che il frutto possiede. Risorse benefiche che continuano ancora a sorprendere e ad accendere la curiosit\u00e0 della comunit\u00e0 scientifica, come nel caso della cosiddetta mela annurca, negli ultimi anni [&hellip;]<\/p>\n","protected":false},"author":18,"featured_media":14938,"comment_status":"open","ping_status":"open","sticky":false,"template":"","format":"standard","meta":[],"categories":[4,5435],"tags":[9140,8901,9137,9136,9139,9138],"jetpack_featured_media_url":"https:\/\/www.sceltedigusto.it\/public\/wp-content\/uploads\/2017\/11\/mela-annurca.jpg","_links":{"self":[{"href":"https:\/\/www.sceltedigusto.it\/public\/wp-json\/wp\/v2\/posts\/14936"}],"collection":[{"href":"https:\/\/www.sceltedigusto.it\/public\/wp-json\/wp\/v2\/posts"}],"about":[{"href":"https:\/\/www.sceltedigusto.it\/public\/wp-json\/wp\/v2\/types\/post"}],"author":[{"embeddable":true,"href":"https:\/\/www.sceltedigusto.it\/public\/wp-json\/wp\/v2\/users\/18"}],"replies":[{"embeddable":true,"href":"https:\/\/www.sceltedigusto.it\/public\/wp-json\/wp\/v2\/comments?post=14936"}],"version-history":[{"count":2,"href":"https:\/\/www.sceltedigusto.it\/public\/wp-json\/wp\/v2\/posts\/14936\/revisions"}],"predecessor-version":[{"id":14941,"href":"https:\/\/www.sceltedigusto.it\/public\/wp-json\/wp\/v2\/posts\/14936\/revisions\/14941"}],"wp:featuredmedia":[{"embeddable":true,"href":"https:\/\/www.sceltedigusto.it\/public\/wp-json\/wp\/v2\/media\/14938"}],"wp:attachment":[{"href":"https:\/\/www.sceltedigusto.it\/public\/wp-json\/wp\/v2\/media?parent=14936"}],"wp:term":[{"taxonomy":"category","embeddable":true,"href":"https:\/\/www.sceltedigusto.it\/public\/wp-json\/wp\/v2\/categories?post=14936"},{"taxonomy":"post_tag","embeddable":true,"href":"https:\/\/www.sceltedigusto.it\/public\/wp-json\/wp\/v2\/tags?post=14936"}],"curies":[{"name":"wp","href":"https:\/\/api.w.org\/{rel}","templated":true}]}}