{"id":14697,"date":"2017-07-28T16:47:27","date_gmt":"2017-07-28T14:47:27","guid":{"rendered":"http:\/\/www.sceltedigusto.it\/public\/?p=14697"},"modified":"2017-07-28T16:47:27","modified_gmt":"2017-07-28T14:47:27","slug":"divino-festival-2017-a-castelbuono-anche-heinz-beck","status":"publish","type":"post","link":"https:\/\/www.sceltedigusto.it\/public\/divino-festival-2017-a-castelbuono-anche-heinz-beck\/","title":{"rendered":"Divino Festival 2017. A Castelbuono anche Heinz Beck"},"content":{"rendered":"<p><a href=\"http:\/\/www.sceltedigusto.it\/public\/wp-content\/uploads\/2016\/06\/beck.jpg\"><img loading=\"lazy\" class=\"alignleft wp-image-12430 size-medium\" src=\"http:\/\/www.sceltedigusto.it\/public\/wp-content\/uploads\/2016\/06\/beck-300x224.jpg\" alt=\"beck\" width=\"300\" height=\"224\" srcset=\"https:\/\/www.sceltedigusto.it\/public\/wp-content\/uploads\/2016\/06\/beck-300x224.jpg 300w, https:\/\/www.sceltedigusto.it\/public\/wp-content\/uploads\/2016\/06\/beck.jpg 500w\" sizes=\"(max-width: 300px) 100vw, 300px\" \/><\/a>Festa grande a Castelbuono, lo splendido borgo medioevale arroccato nel cuore delle Madonie a pochi chilometri da Palermo. Luned\u00ec 31 luglio \u00e8 in programma il Gran Gal\u00e0 conclusivo del <strong>Divino Festival<\/strong>, una straordinaria tre-giorni gourmand alla scoperta delle pi\u00f9 pregiate etichette vinicole e delle pi\u00f9 golose tipicit\u00e0 culinarie della Sicilia.<\/p>\n<p>A partire dalle 21:30, nell\u2019incantevole cornice di Piazza Castello, l&#8217;Associazione Divino e il suo nuovo presidente <strong>Luca Martini,<\/strong> sommelier di fama internazionale, danno appuntamento a tutti i visitatori per una serata di mezza estate in perfetto equilibrio fra divertimento e cultura alimentare. In un ricco palinsesto di degustazioni, spettacoli, concerti \u00e8 questa anche l\u2019occasione per la consegna ufficiale dei riconoscimenti n<img loading=\"lazy\" class=\"alignright wp-image-6696 size-full\" src=\"http:\/\/www.sceltedigusto.it\/public\/wp-content\/uploads\/2014\/03\/luca-martini-348.jpg\" alt=\"luca-martini-348\" width=\"348\" height=\"261\" srcset=\"https:\/\/www.sceltedigusto.it\/public\/wp-content\/uploads\/2014\/03\/luca-martini-348.jpg 348w, https:\/\/www.sceltedigusto.it\/public\/wp-content\/uploads\/2014\/03\/luca-martini-348-300x225.jpg 300w\" sizes=\"(max-width: 348px) 100vw, 348px\" \/>ell&#8217;ambito del Premio Internazionale Gusto Divino promosso dall&#8217;Associazione Amici PerBacco e destinato a chi , ovunque nel mondo, si \u00e8 distinto in ambito enogastronomico e ha contribuito a diffondere l\u2019amore per il buon vino e la passione per una sana e corretta alimentazione.<\/p>\n<p><a href=\"http:\/\/www.sceltedigusto.it\/public\/wp-content\/uploads\/2017\/07\/castelbuono-divino3-2017.jpg\"><img loading=\"lazy\" class=\"alignleft wp-image-14717 size-medium\" src=\"http:\/\/www.sceltedigusto.it\/public\/wp-content\/uploads\/2017\/07\/castelbuono-divino3-2017-300x125.jpg\" alt=\"castelbuono-divino3-2017\" width=\"300\" height=\"125\" srcset=\"https:\/\/www.sceltedigusto.it\/public\/wp-content\/uploads\/2017\/07\/castelbuono-divino3-2017-300x125.jpg 300w, https:\/\/www.sceltedigusto.it\/public\/wp-content\/uploads\/2017\/07\/castelbuono-divino3-2017-1024x428.jpg 1024w, https:\/\/www.sceltedigusto.it\/public\/wp-content\/uploads\/2017\/07\/castelbuono-divino3-2017-768x321.jpg 768w, https:\/\/www.sceltedigusto.it\/public\/wp-content\/uploads\/2017\/07\/castelbuono-divino3-2017-1536x642.jpg 1536w, https:\/\/www.sceltedigusto.it\/public\/wp-content\/uploads\/2017\/07\/castelbuono-divino3-2017-150x63.jpg 150w, https:\/\/www.sceltedigusto.it\/public\/wp-content\/uploads\/2017\/07\/castelbuono-divino3-2017-696x291.jpg 696w, https:\/\/www.sceltedigusto.it\/public\/wp-content\/uploads\/2017\/07\/castelbuono-divino3-2017-1068x446.jpg 1068w, https:\/\/www.sceltedigusto.it\/public\/wp-content\/uploads\/2017\/07\/castelbuono-divino3-2017-1005x420.jpg 1005w, https:\/\/www.sceltedigusto.it\/public\/wp-content\/uploads\/2017\/07\/castelbuono-divino3-2017.jpg 1738w\" sizes=\"(max-width: 300px) 100vw, 300px\" \/><\/a>Fra i premiati 2017 spicca <strong>Heinz Beck,<\/strong> che a Roma guida la cucina del rinomatissimo ristorante La Pergola, *** stelle Michelin, e che al <strong>DivinoFestival<\/strong> riceve la Menzione Speciale titolata a Don Mario Fiasconaro, il &#8216;mitico&#8217; fondatore dell&#8217;omonima azienda dolciaria nata a proprio Castelbuono poco pi\u00f9 60 anni fa e oggi punto di riferimento assoluto a livello internazionale per l&#8217;alta pasticceria d&#8217;autore.<br \/>\nUn nuovo riconoscimento, dunque, arricchisce il palmares di <strong>Heinz Beck.<\/strong><\/p>\n<p>Un premio tutto siciliano che rende onore a uno chef che, in cucina, sa dosare alla perfezione innovazione e rispetto delle tradizioni, con un occhio di riguardo alla salute e al benessere di chi si siede alla sua tavola.<\/p>\n","protected":false},"excerpt":{"rendered":"<p>Festa grande a Castelbuono, lo splendido borgo medioevale arroccato nel cuore delle Madonie a pochi chilometri da Palermo. Luned\u00ec 31 luglio \u00e8 in programma il Gran Gal\u00e0 conclusivo del Divino Festival, una straordinaria tre-giorni gourmand alla scoperta delle pi\u00f9 pregiate etichette vinicole e delle pi\u00f9 golose tipicit\u00e0 culinarie della Sicilia. A partire dalle 21:30, nell\u2019incantevole [&hellip;]<\/p>\n","protected":false},"author":18,"featured_media":14717,"comment_status":"open","ping_status":"open","sticky":false,"template":"","format":"standard","meta":[],"categories":[29,5435],"tags":[81,5776,79,4871,5572,80],"jetpack_featured_media_url":"https:\/\/www.sceltedigusto.it\/public\/wp-content\/uploads\/2017\/07\/castelbuono-divino3-2017.jpg","_links":{"self":[{"href":"https:\/\/www.sceltedigusto.it\/public\/wp-json\/wp\/v2\/posts\/14697"}],"collection":[{"href":"https:\/\/www.sceltedigusto.it\/public\/wp-json\/wp\/v2\/posts"}],"about":[{"href":"https:\/\/www.sceltedigusto.it\/public\/wp-json\/wp\/v2\/types\/post"}],"author":[{"embeddable":true,"href":"https:\/\/www.sceltedigusto.it\/public\/wp-json\/wp\/v2\/users\/18"}],"replies":[{"embeddable":true,"href":"https:\/\/www.sceltedigusto.it\/public\/wp-json\/wp\/v2\/comments?post=14697"}],"version-history":[{"count":2,"href":"https:\/\/www.sceltedigusto.it\/public\/wp-json\/wp\/v2\/posts\/14697\/revisions"}],"predecessor-version":[{"id":14718,"href":"https:\/\/www.sceltedigusto.it\/public\/wp-json\/wp\/v2\/posts\/14697\/revisions\/14718"}],"wp:featuredmedia":[{"embeddable":true,"href":"https:\/\/www.sceltedigusto.it\/public\/wp-json\/wp\/v2\/media\/14717"}],"wp:attachment":[{"href":"https:\/\/www.sceltedigusto.it\/public\/wp-json\/wp\/v2\/media?parent=14697"}],"wp:term":[{"taxonomy":"category","embeddable":true,"href":"https:\/\/www.sceltedigusto.it\/public\/wp-json\/wp\/v2\/categories?post=14697"},{"taxonomy":"post_tag","embeddable":true,"href":"https:\/\/www.sceltedigusto.it\/public\/wp-json\/wp\/v2\/tags?post=14697"}],"curies":[{"name":"wp","href":"https:\/\/api.w.org\/{rel}","templated":true}]}}