{"id":14600,"date":"2017-07-07T14:39:37","date_gmt":"2017-07-07T12:39:37","guid":{"rendered":"http:\/\/www.sceltedigusto.it\/public\/?p=14600"},"modified":"2017-07-07T19:14:26","modified_gmt":"2017-07-07T17:14:26","slug":"editoriale-palermo-dolce-e-gabbana-i-grandi-eventi-e-una-citta-scontenta","status":"publish","type":"post","link":"https:\/\/www.sceltedigusto.it\/public\/editoriale-palermo-dolce-e-gabbana-i-grandi-eventi-e-una-citta-scontenta\/","title":{"rendered":"Editoriale. Palermo, Dolce e Gabbana, i grandi eventi. E una citt\u00e0 scontenta."},"content":{"rendered":"<p><a href=\"http:\/\/www.sceltedigusto.it\/public\/wp-content\/uploads\/2017\/07\/dolce-e-gabbana-giunta-big-slide.jpg\"><img loading=\"lazy\" class=\"alignleft wp-image-14582 size-medium\" src=\"http:\/\/www.sceltedigusto.it\/public\/wp-content\/uploads\/2017\/07\/dolce-e-gabbana-giunta-big-slide-300x179.jpg\" alt=\"dolce e gabbana giunta big slide\" width=\"300\" height=\"179\" \/><\/a>La notizia sembra a prima vista una di quelle belle, una di quelle che ogni citt\u00e0 vorrebbe poter sentire, diffondere e vivere. La notizia parla di un evento di alto livello: quello che gli stilisti di alta moda <strong>Dolce &amp; Gabbana<\/strong> hanno voluto realizzare nella citt\u00e0 di Palermo per cinque giorni consecutivi e con una serie di appuntamenti di gran classe con il lusso, lo stile e il jet set. Si perch\u00e8 oltre ai due stilisti sono arrivati a Palermo nomi importantissimi del panorama internazionale: <strong>Brad Pitt, Madonna, Robert de Niro, George Clooney<\/strong> e diversi altri. Tutto il catering \u00a0\u00e8 stato affidato allo chef palermitano <strong>Natale Giunta.<\/strong> La citt\u00e0, ovviamente blindata, si \u00e8 preparata cos\u00ec ad accogliere i propri ospiti. Un&#8217;occasione molto glamour resa possibile dal faraonico investimento deciso dai due stilisti: si parla di pi\u00f9 di 26 milioni di euro. Una cinquantina di giornalisti accreditati da tutto il mondo, plotoni di guardie del corpo, fotografi, paparazzi. Insomma, cinque giorni di grandi eventi di cui questo \u00e8 solo il secondo: ma la sorpresa \u00e8 che i palermitani sono infastiditi. <a href=\"http:\/\/www.sceltedigusto.it\/public\/wp-content\/uploads\/2017\/07\/piazza-pretoria.jpg\"><img loading=\"lazy\" class=\"alignright wp-image-14601 size-medium\" src=\"http:\/\/www.sceltedigusto.it\/public\/wp-content\/uploads\/2017\/07\/piazza-pretoria-300x225.jpg\" alt=\"piazza pretoria\" width=\"300\" height=\"225\" srcset=\"https:\/\/www.sceltedigusto.it\/public\/wp-content\/uploads\/2017\/07\/piazza-pretoria-300x225.jpg 300w, https:\/\/www.sceltedigusto.it\/public\/wp-content\/uploads\/2017\/07\/piazza-pretoria-768x576.jpg 768w, https:\/\/www.sceltedigusto.it\/public\/wp-content\/uploads\/2017\/07\/piazza-pretoria-150x113.jpg 150w, https:\/\/www.sceltedigusto.it\/public\/wp-content\/uploads\/2017\/07\/piazza-pretoria-696x522.jpg 696w, https:\/\/www.sceltedigusto.it\/public\/wp-content\/uploads\/2017\/07\/piazza-pretoria-560x420.jpg 560w, https:\/\/www.sceltedigusto.it\/public\/wp-content\/uploads\/2017\/07\/piazza-pretoria-80x60.jpg 80w, https:\/\/www.sceltedigusto.it\/public\/wp-content\/uploads\/2017\/07\/piazza-pretoria-265x198.jpg 265w, https:\/\/www.sceltedigusto.it\/public\/wp-content\/uploads\/2017\/07\/piazza-pretoria.jpg 960w\" sizes=\"(max-width: 300px) 100vw, 300px\" \/><\/a>I palermitani sono gi\u00e0 stufi di &#8220;<em>tutto questo traffico<\/em>&#8220;, o \u00a0di &#8220;<em>intere zone inaccessibili<\/em>&#8220;. Sono stufi persino di vedere Piazza Pretoria, che ospiter\u00e0 una sfilata di moda, &#8221; <em>addobbata come fosse un circo, con le sue vere bellezze semi nascoste<\/em>&#8220;. \u00a0Sono indispettiti dal fatto che &#8220;<em>quasi nessun palermitano potr\u00e0 godere degli eventi, che sono solo su invito<\/em>&#8220;. Insomma, \u00a0il fatto che forse per la prima volta nella sua storia recente \u00a0<a href=\"http:\/\/www.sceltedigusto.it\/public\/wp-content\/uploads\/2017\/07\/egle-palazzo-ganci.jpg\"><img loading=\"lazy\" class=\"alignleft wp-image-14603 size-medium\" src=\"http:\/\/www.sceltedigusto.it\/public\/wp-content\/uploads\/2017\/07\/egle-palazzo-ganci-195x300.jpg\" alt=\"egle palazzo ganci\" width=\"195\" height=\"300\" srcset=\"https:\/\/www.sceltedigusto.it\/public\/wp-content\/uploads\/2017\/07\/egle-palazzo-ganci-195x300.jpg 195w, https:\/\/www.sceltedigusto.it\/public\/wp-content\/uploads\/2017\/07\/egle-palazzo-ganci.jpg 625w\" sizes=\"(max-width: 195px) 100vw, 195px\" \/><\/a>Palermo assurga al rango di capitale mondiale ospitando un evento stellare sembra un fatto marginale a molti palermitani. Sui social si leggono commenti inimmaginabili che, come un leit motiv ormai persino troppo sfruttato, parlano di cose come &#8220;<em>la grande miseria che c&#8217;\u00e8 in giro e poi vedi due che spendono 26 milioni di euro: quante famiglie si sarebbero sistemate con quei soldi<\/em>?&#8221;. Oppure c&#8217;\u00e8 anche chi, del tutto disinformato, insinua il tarlo del dubbio con domande insussistenti del tipo &#8221; <em>ma di chi sono tutti questi soldi che si stanno spendendo?<\/em>&#8220;. Basterebbe molto poco a volte per sapere come stanno le cose e, nello specifico caso, che si tratta di un evento privato. <a href=\"http:\/\/www.sceltedigusto.it\/public\/wp-content\/uploads\/2017\/07\/giunta-dolce.jpg\"><img loading=\"lazy\" class=\"alignright wp-image-14605 size-medium\" src=\"http:\/\/www.sceltedigusto.it\/public\/wp-content\/uploads\/2017\/07\/giunta-dolce-300x225.jpg\" alt=\"giunta dolce\" width=\"300\" height=\"225\" srcset=\"https:\/\/www.sceltedigusto.it\/public\/wp-content\/uploads\/2017\/07\/giunta-dolce-300x225.jpg 300w, https:\/\/www.sceltedigusto.it\/public\/wp-content\/uploads\/2017\/07\/giunta-dolce.jpg 960w\" sizes=\"(max-width: 300px) 100vw, 300px\" \/><\/a>Certamente il <strong>Comune di Palermo<\/strong> avr\u00e0 offerto supporto e logistica, ma questo gi\u00e0 sembra uno spreco eccessivo a \u00a0molti palermitani. Che sono per\u00f2 quegli stessi palermitani che normalmente lamentano il fatto che &#8220;<em>a Palermo non si organizza mai niente<\/em>&#8221; , o che dicono anche che &#8221; <em>di Palermo si parla solo per la mafia e i morti ammazzati<\/em>&#8220;. Uno dei commenti pi\u00f9 esilaranti che ho letto sui social a s\u00e8guito di una lunga lista di lamentazioni, \u00e8 stato &#8220;<strong><em> C&#8217;\u00e8 picca &#8216;i fari: siti sciarriati c&#8217;a cuntintizza<\/em><\/strong>&#8221; che, tradotto, significa che &#8221; non c&#8217;\u00e8 niente da fare, avete litigato con la gioia&#8221;. Ma per fortuna non tutti la pensano cos\u00ec ed anzi una buona percentuale di palermitani \u00e8 molto soddisfatta di questa settimana glamour: e sono tutti quei palermitani che riescono per fortuna a vedere al di la del proprio naso, e che pensano in termini di immagine, di messaggio, di ricaduta, di riscontro, di riscatto e di ritorno di immagine e di turismo. E&#8217; vero che qualche minimo disagio in citt\u00e0 si sta percependo, ma vogliamo mettere? Ma cosa avete da lamentarvi? Avete idea di cosa sia Milano durante la Fashion Week? O Parigi nel periodo delle sfilate? O Cannes in tempo di Festival del Cinema, o la stessa Venezia in occasione di un altro Festival del Cinema, o cosa \u00e8 stata Taormina in occasione del G7? Sono decisamente dalla parte di quei palermitani che si commuovono dinnanzi ad una citt\u00e0 inaccessibile per motivi diversi da un attentato, da un agguato o da uno sciopero di gente disperata. Sono dalla parte di una Palermo che deve finalmente esportare il suo vero volto, che \u00e8 splendido anche quando \u00e8 imbellettato. Sono dalla parte di tutti quei palermitani che dinnanzi ad un evento di questa portata si commuovono e ringraziano i due stilisti. Come <strong>Lorenza Diliberto<\/strong>, che stamattina sulla mia bacheca social ha lasciato questo messaggio :<\/p>\n<p><a href=\"http:\/\/www.sceltedigusto.it\/public\/wp-content\/uploads\/2017\/07\/dolce-e-gabbana.jpg\"><img loading=\"lazy\" class=\"alignleft wp-image-14606 \" src=\"http:\/\/www.sceltedigusto.it\/public\/wp-content\/uploads\/2017\/07\/dolce-e-gabbana-200x300.jpg\" alt=\"dolce e gabbana\" width=\"288\" height=\"433\" srcset=\"https:\/\/www.sceltedigusto.it\/public\/wp-content\/uploads\/2017\/07\/dolce-e-gabbana-200x300.jpg 200w, https:\/\/www.sceltedigusto.it\/public\/wp-content\/uploads\/2017\/07\/dolce-e-gabbana.jpg 640w\" sizes=\"(max-width: 288px) 100vw, 288px\" \/><\/a>&#8221;\u00a0Per DOLCE E GABBANA con un inchino<br \/>\nPalermo, la mia Palermo , citt\u00e0 eterogenea, pittoresca, calda,<br \/>\nPiena di contraddizioni ma vera, tanto vera che ad ogni angolo<br \/>\nPuoi cogliere il profumo del suo cibo, il calore della sua gente,<br \/>\nDallo sguardo forte e dal sorriso dolce,<span class=\"text_exposed_show\"><br \/>\nL&#8217;intensit\u00e0 della sua luce per ammirare gli angoli suggestivi di<br \/>\nIncomparabile bellezza, di ricchezza antica,<br \/>\nE noi, palermitani, un po&#8217; carioca, un po&#8217; saltimbanchi,<br \/>\nAntichi e moderni, contraddizione vivente di un popolo<br \/>\nRicco di storia e di cultura antica e&#8230;grande sognatore,<br \/>\nAmante e amatore, allegro e stradaiolo,<br \/>\nLavoratore per necessit\u00e0, fiero ed umile,<br \/>\nFiero della sua terra, della sua stirpe, dei suoi amori e<br \/>\nDei suoi tanti dolori, umile nell&#8217;amare, nel sognare e nel dare,<br \/>\nAnche il proprio essere, se necessario, consapevole dei tanti anni di emarginazione, vissuti con fierezza e tanto orgoglio.<br \/>\nIo sono palermitana, figlia di questa isola fatata e cittadina del mondo,<br \/>\nFiera della mia stirpe, orgogliosa della mia terra, innamorata dei suoi colori,<br \/>\nDei suoi sapori e dei suoi odori, dolci e forti ma terribilmente veri, veri e inebrianti, dolci di cassate a profusione, forti come il carattere di questa mia Palermo&#8230;<br \/>\nDa un&#8217;amante del bello e del sano, e della mia terra<br \/>\nGRAZIE &#8230;&#8221;<\/span><\/p>\n<p>E&#8217; questa la Palermo che vogliamo vivere e che vogliamo consegnare ai nostri figli: una citt\u00e0 rossa di tappeti e non di sangue, una citt\u00e0 moderna pur nelle sue antiche incommensurabili bellezze, una citt\u00e0 che profuma di mare e gelsomini, di meraviglioso cibo e di internazionalit\u00e0. Io sono dalla parte di Palermo viva. Io sono dalla parte di quelli che \u00a0oggi, e gi\u00e0 da ieri e per i giorni a venire, dicono &#8220;Grazie&#8221; ai due stilisti per avere scelto la nostra citt\u00e0.<\/p>\n<p><strong>Alessandra Verzera<\/strong><\/p>\n<p>In foto: Valeria Egle Giallombardo, fidanzata di Natale Giunta, con Domenico Dolce<\/p>\n<p>Natale Giunta con Domenico Dolce.<\/p>\n<p>&nbsp;<\/p>\n<p><strong>Credits: \u00a0Foto di copertina: \u00a0Piazza Pretoria, \u00a0Salvatore Arculeo &#8211; Freelance<\/strong> &#8211;<\/p>\n<p><a href=\"https:\/\/www.facebook.com\/salvatore.arculeo\">https:\/\/www.facebook.com\/salvatore.arculeo<\/a><\/p>\n<p>&nbsp;<\/p>\n<p>&nbsp;<\/p>\n<p>&nbsp;<\/p>\n<p>&nbsp;<\/p>\n","protected":false},"excerpt":{"rendered":"<p>La notizia sembra a prima vista una di quelle belle, una di quelle che ogni citt\u00e0 vorrebbe poter sentire, diffondere e vivere. La notizia parla di un evento di alto livello: quello che gli stilisti di alta moda Dolce &amp; Gabbana hanno voluto realizzare nella citt\u00e0 di Palermo per cinque giorni consecutivi e con una [&hellip;]<\/p>\n","protected":false},"author":18,"featured_media":14601,"comment_status":"open","ping_status":"open","sticky":false,"template":"","format":"standard","meta":[],"categories":[5436,29,5435],"tags":[9002,3532,9019,9017,8015,605,7306,9018],"jetpack_featured_media_url":"https:\/\/www.sceltedigusto.it\/public\/wp-content\/uploads\/2017\/07\/piazza-pretoria.jpg","_links":{"self":[{"href":"https:\/\/www.sceltedigusto.it\/public\/wp-json\/wp\/v2\/posts\/14600"}],"collection":[{"href":"https:\/\/www.sceltedigusto.it\/public\/wp-json\/wp\/v2\/posts"}],"about":[{"href":"https:\/\/www.sceltedigusto.it\/public\/wp-json\/wp\/v2\/types\/post"}],"author":[{"embeddable":true,"href":"https:\/\/www.sceltedigusto.it\/public\/wp-json\/wp\/v2\/users\/18"}],"replies":[{"embeddable":true,"href":"https:\/\/www.sceltedigusto.it\/public\/wp-json\/wp\/v2\/comments?post=14600"}],"version-history":[{"count":7,"href":"https:\/\/www.sceltedigusto.it\/public\/wp-json\/wp\/v2\/posts\/14600\/revisions"}],"predecessor-version":[{"id":14613,"href":"https:\/\/www.sceltedigusto.it\/public\/wp-json\/wp\/v2\/posts\/14600\/revisions\/14613"}],"wp:featuredmedia":[{"embeddable":true,"href":"https:\/\/www.sceltedigusto.it\/public\/wp-json\/wp\/v2\/media\/14601"}],"wp:attachment":[{"href":"https:\/\/www.sceltedigusto.it\/public\/wp-json\/wp\/v2\/media?parent=14600"}],"wp:term":[{"taxonomy":"category","embeddable":true,"href":"https:\/\/www.sceltedigusto.it\/public\/wp-json\/wp\/v2\/categories?post=14600"},{"taxonomy":"post_tag","embeddable":true,"href":"https:\/\/www.sceltedigusto.it\/public\/wp-json\/wp\/v2\/tags?post=14600"}],"curies":[{"name":"wp","href":"https:\/\/api.w.org\/{rel}","templated":true}]}}