{"id":14594,"date":"2017-07-03T18:51:07","date_gmt":"2017-07-03T16:51:07","guid":{"rendered":"http:\/\/www.sceltedigusto.it\/public\/?p=14594"},"modified":"2017-07-03T18:51:07","modified_gmt":"2017-07-03T16:51:07","slug":"a-san-vitaliano-la-quarta-edizione-della-sagra-della-patata","status":"publish","type":"post","link":"https:\/\/www.sceltedigusto.it\/public\/a-san-vitaliano-la-quarta-edizione-della-sagra-della-patata\/","title":{"rendered":"A San Vitaliano la quarta edizione della Sagra della patata."},"content":{"rendered":"<p><a href=\"http:\/\/www.sceltedigusto.it\/public\/wp-content\/uploads\/2017\/07\/notte-2017.jpg\"><img loading=\"lazy\" class=\"alignleft wp-image-14595 size-medium\" src=\"http:\/\/www.sceltedigusto.it\/public\/wp-content\/uploads\/2017\/07\/notte-2017-210x300.jpg\" alt=\"notte-2017\" width=\"210\" height=\"300\" srcset=\"https:\/\/www.sceltedigusto.it\/public\/wp-content\/uploads\/2017\/07\/notte-2017-210x300.jpg 210w, https:\/\/www.sceltedigusto.it\/public\/wp-content\/uploads\/2017\/07\/notte-2017-719x1024.jpg 719w, https:\/\/www.sceltedigusto.it\/public\/wp-content\/uploads\/2017\/07\/notte-2017.jpg 800w\" sizes=\"(max-width: 210px) 100vw, 210px\" \/><\/a>Anche quest&#8217;anno la festa dedicata alla regina dei tuberi, la patata, torna per allietare le serate estive. La quarta edizione della manifestazione intitolata &#8221; &#8216;<strong>A Patane &#8216;e Notte<\/strong>&#8220;, si svolger\u00e0 sabato 8 luglio a partire dalle ore 21:00, nella consueta Piazza Leonardo Da Vinci nel comune di San Vitaliano. L&#8217;evento, organizzato dall&#8217;associazione <strong>Populorum Progressio Onlus<\/strong>, in collaborazione con la Pro Loco de La Citt\u00e0 di San Vitaliano e l&#8217;Azione Cattolica locale, \u00e8 stata inserita all&#8217;interno delle iniziative organizzate nella rassegna &#8220;La Fontana del Villaggio&#8221;. Inoltre, si avvale del patrocinio del Comune di San Vitaliano, della Media Partner del magazine online Terre di Campania e della partnership con la ditta Spiezia Giuseppina che, come i precedenti anni, fornir\u00e0 la materia prima per la realizzazione della festa: le patate.<\/p>\n<p>La manifestazione, giunta ormai alla sua quarta edizione, si presenta come un momento di festa e condivisione dedicato non solo ai cittadini del comune di San Vitaliano, infatti l&#8217;invito vuole estendersi a tutti i comuni limitrofi dell&#8217;agro-nolano, accomunati fin da tempi antichi dalla pratica di coltivazione del tubero giallo, e non solo. Lo scopo \u00e8 quello di valorizzare ed esaltare il gusto della patata, un cibo povero ma dal sapore tradizionale e buonissimo, che grazie alle sue propriet\u00e0 organolettiche, ma soprattutto alla sua versatilit\u00e0 si presenta adatto alla preparazione di tantissimi piatti.<br \/>\n<a href=\"http:\/\/www.sceltedigusto.it\/public\/wp-content\/uploads\/2017\/07\/crocche.jpg\"><img loading=\"lazy\" class=\"alignright wp-image-14596 \" src=\"http:\/\/www.sceltedigusto.it\/public\/wp-content\/uploads\/2017\/07\/crocche-300x156.jpg\" alt=\"crocche\" width=\"402\" height=\"209\" srcset=\"https:\/\/www.sceltedigusto.it\/public\/wp-content\/uploads\/2017\/07\/crocche-300x156.jpg 300w, https:\/\/www.sceltedigusto.it\/public\/wp-content\/uploads\/2017\/07\/crocche-150x78.jpg 150w, https:\/\/www.sceltedigusto.it\/public\/wp-content\/uploads\/2017\/07\/crocche-696x362.jpg 696w, https:\/\/www.sceltedigusto.it\/public\/wp-content\/uploads\/2017\/07\/crocche-745x390.jpg 745w, https:\/\/www.sceltedigusto.it\/public\/wp-content\/uploads\/2017\/07\/crocche.jpg 750w\" sizes=\"(max-width: 402px) 100vw, 402px\" \/><\/a>Sar\u00e0 proprio il ricco men\u00f9, interamente a base di patate, ideato e preparato per l&#8217;occasione rispolverando ricette antiche e gustose, il mezzo attraverso cui diffondere la cultura della patata e l&#8217;educazione verso il buon cibo. Dalla caratteristica pasta e patate in bianco, alle fresche patate all&#8217;insalata, perfette per le calde serate estive, dai <strong>crocch\u00e9 di patate<\/strong> alle classiche patatine fritte, le portate saranno stuzzicanti e invitanti. Un&#8217;importante novit\u00e0 della quarta edizione \u00e8 rappresentata dalla collaborazione con alcuni panifici e ristoratori locali che avranno il compito di preparare alcuni piatti speciali che faranno parte del men\u00f9 della tradizione. Il Panificio Mercadante di San Vitaliano preparer\u00e0 le sue famose patate novelle al forno, mentre il Gateaux di patate sar\u00e0 cucinato dal Panificio Santa Lucia si Marigliano. Ancora, Oven 58 Pizza&amp;Burger si occuper\u00e0 di preparare la sublime Parmigiana di patate, mentre al Ristorante La Pergola, il compito di preparare Frittata di patate e cipolle per tutti i presenti. <a href=\"http:\/\/www.sceltedigusto.it\/public\/wp-content\/uploads\/2012\/01\/patate1.jpg\"><img loading=\"lazy\" class=\"alignleft wp-image-2644 size-medium\" src=\"http:\/\/www.sceltedigusto.it\/public\/wp-content\/uploads\/2012\/01\/patate1-300x266.jpg\" alt=\"patate1\" width=\"300\" height=\"266\" srcset=\"https:\/\/www.sceltedigusto.it\/public\/wp-content\/uploads\/2012\/01\/patate1-300x266.jpg 300w, https:\/\/www.sceltedigusto.it\/public\/wp-content\/uploads\/2012\/01\/patate1.jpg 460w\" sizes=\"(max-width: 300px) 100vw, 300px\" \/><\/a>Un team eccezionale, che unito ai volontari dell&#8217;associazione Populorum Progressio Onlus renderanno il servizio veloce e i piatti gustosi; un men\u00f9 ricco e variegato che ha come fulcro la bont\u00e0 del tubero giallo e le sue mille sfumature.<br \/>\nAd allietare la serata, oltre alla presenza di stand dedicati alle eccellenze del territorio, ai gonfiabili per bambini, e alla Cena Racconto a cura di Giuseppe Ottaiano, ci sar\u00e0 la musica di dj Cico, un&#8217;istituzione obbligatoria per l&#8217;evento che con le sue musiche e i suoi balli di gruppo render\u00e0 la manifestazione un tripudio di divertimento e gioia.<br \/>\nIl ricavato della serata sar\u00e0 destinato anche quest&#8217;anno alla campagna &#8220;<strong>Intervene Now<\/strong>&#8221; a sostegno del restauro dei campi di sterminio di Auschwitz e Birkenau. La somma verr\u00e0 come sempre consegnata alla direzione del memoriale di Auschwitz nel corso dell&#8217;annuale viaggio in Polonia organizzato dalla Populorum Progressio nel mese di gennaio.<br \/>\nSabato 8 luglio, &#8221; &#8216;A Patane &#8216;e Notte&#8221;, sar\u00e0 un evento da non perdere all&#8217;insegna del divertimento, del gusto e degli antichi sapori contadini, spinto da motivazioni culturali e solidali forti e ricche di valori.<\/p>\n","protected":false},"excerpt":{"rendered":"<p>Anche quest&#8217;anno la festa dedicata alla regina dei tuberi, la patata, torna per allietare le serate estive. La quarta edizione della manifestazione intitolata &#8221; &#8216;A Patane &#8216;e Notte&#8220;, si svolger\u00e0 sabato 8 luglio a partire dalle ore 21:00, nella consueta Piazza Leonardo Da Vinci nel comune di San Vitaliano. L&#8217;evento, organizzato dall&#8217;associazione Populorum Progressio Onlus, [&hellip;]<\/p>\n","protected":false},"author":18,"featured_media":14596,"comment_status":"open","ping_status":"open","sticky":false,"template":"","format":"standard","meta":[],"categories":[29],"tags":[9016,3236,9015],"jetpack_featured_media_url":"https:\/\/www.sceltedigusto.it\/public\/wp-content\/uploads\/2017\/07\/crocche.jpg","_links":{"self":[{"href":"https:\/\/www.sceltedigusto.it\/public\/wp-json\/wp\/v2\/posts\/14594"}],"collection":[{"href":"https:\/\/www.sceltedigusto.it\/public\/wp-json\/wp\/v2\/posts"}],"about":[{"href":"https:\/\/www.sceltedigusto.it\/public\/wp-json\/wp\/v2\/types\/post"}],"author":[{"embeddable":true,"href":"https:\/\/www.sceltedigusto.it\/public\/wp-json\/wp\/v2\/users\/18"}],"replies":[{"embeddable":true,"href":"https:\/\/www.sceltedigusto.it\/public\/wp-json\/wp\/v2\/comments?post=14594"}],"version-history":[{"count":1,"href":"https:\/\/www.sceltedigusto.it\/public\/wp-json\/wp\/v2\/posts\/14594\/revisions"}],"predecessor-version":[{"id":14597,"href":"https:\/\/www.sceltedigusto.it\/public\/wp-json\/wp\/v2\/posts\/14594\/revisions\/14597"}],"wp:featuredmedia":[{"embeddable":true,"href":"https:\/\/www.sceltedigusto.it\/public\/wp-json\/wp\/v2\/media\/14596"}],"wp:attachment":[{"href":"https:\/\/www.sceltedigusto.it\/public\/wp-json\/wp\/v2\/media?parent=14594"}],"wp:term":[{"taxonomy":"category","embeddable":true,"href":"https:\/\/www.sceltedigusto.it\/public\/wp-json\/wp\/v2\/categories?post=14594"},{"taxonomy":"post_tag","embeddable":true,"href":"https:\/\/www.sceltedigusto.it\/public\/wp-json\/wp\/v2\/tags?post=14594"}],"curies":[{"name":"wp","href":"https:\/\/api.w.org\/{rel}","templated":true}]}}