{"id":14139,"date":"2017-03-21T19:48:50","date_gmt":"2017-03-21T18:48:50","guid":{"rendered":"http:\/\/www.sceltedigusto.it\/public\/?p=14139"},"modified":"2017-03-21T19:48:50","modified_gmt":"2017-03-21T18:48:50","slug":"salvatore-bonaccorso-chef-non-puo-esistere-alcun-prodotto-veramente-biologico-e-vi-spiego-il-perche","status":"publish","type":"post","link":"https:\/\/www.sceltedigusto.it\/public\/salvatore-bonaccorso-chef-non-puo-esistere-alcun-prodotto-veramente-biologico-e-vi-spiego-il-perche\/","title":{"rendered":"Salvatore Bonaccorso, chef : &#8220;Non pu\u00f2 esistere alcun prodotto veramente biologico, e vi spiego il perch\u00e8&#8221;"},"content":{"rendered":"<p><a href=\"http:\/\/www.sceltedigusto.it\/public\/wp-content\/uploads\/2017\/03\/bonaccorso-slide.jpg\"><img loading=\"lazy\" class=\"wp-image-14145  alignleft\" src=\"http:\/\/www.sceltedigusto.it\/public\/wp-content\/uploads\/2017\/03\/bonaccorso-slide-300x234.jpg\" alt=\"bonaccorso slide\" width=\"259\" height=\"202\" \/><\/a>Dalle pagine dei social il cuoco messinese che vive a Palermo lancia l&#8217;allarme sul prodotto biologico. Che non esisterebbe, sempre secondo Bonaccorso.<\/p>\n<p><strong>Perch\u00e8 secondo lei non \u00e8 possibile avere del vero prodotto biologico?<\/strong><\/p>\n<p><em>Nel mio intervento sul social ho spiegato il motivo per il quale secondo il mio modesto parere il biologico non esiste.<\/em><br \/>\n<em>Ci\u00f2 \u00e8 dettato dal fatto che le acque per l&#8217;irrigazione ed il terreno stesso sono ormai &#8220;inquinati&#8221;.<\/em><\/p>\n<p><strong>Quindi che cosa \u00e8 di fatto il prodotto gastronomico ed ortofrutticolo che acquistiamo &#8211; pagandolo anche parecchio- come biologico?<\/strong><\/p>\n<p><em><a href=\"http:\/\/www.sceltedigusto.it\/public\/wp-content\/uploads\/2017\/03\/bonaccorso3.jpg\"><img loading=\"lazy\" class=\"wp-image-14144 size-medium alignright\" src=\"http:\/\/www.sceltedigusto.it\/public\/wp-content\/uploads\/2017\/03\/bonaccorso3-300x199.jpg\" alt=\"bonaccorso3\" width=\"300\" height=\"199\" srcset=\"https:\/\/www.sceltedigusto.it\/public\/wp-content\/uploads\/2017\/03\/bonaccorso3-300x199.jpg 300w, https:\/\/www.sceltedigusto.it\/public\/wp-content\/uploads\/2017\/03\/bonaccorso3-100x65.jpg 100w, https:\/\/www.sceltedigusto.it\/public\/wp-content\/uploads\/2017\/03\/bonaccorso3.jpg 640w\" sizes=\"(max-width: 300px) 100vw, 300px\" \/><\/a>Ci\u00f2 che acquistiamo come prodotto biologico \u00e8 sicuramente pi\u00f9 &#8220;pulito&#8221; del prodotto &#8220;normale&#8221; ed il motivo \u00e8 ben noto:<\/em><br \/>\n<em> gli ortaggi, la frutta, vengono fatti crescere con i tempi dovuti e senza l&#8217;ausilio di prodotti chimici \u00a0&#8211; i cosidetti sali che aiutano e velocizzano la crescita &#8211; \u00a0n\u00e8 pesticidi . Di questo bisogna rendere merito a chi impiega tempo e denaro per ottenere ci\u00f2, inoltre il prodotto cosiddetto biologico non \u00e8 sicuramente OGM, e ritengo di poter aggiungere che nemmeno chi ha il proprio orticello dietro casa pu\u00f2 affermare di nutrirsi in maniera totalmente pulita.<\/em><\/p>\n<p><strong><a href=\"http:\/\/www.sceltedigusto.it\/public\/wp-content\/uploads\/2017\/03\/bonaccorso1.jpg\"><img loading=\"lazy\" class=\"wp-image-14142 size-medium alignleft\" src=\"http:\/\/www.sceltedigusto.it\/public\/wp-content\/uploads\/2017\/03\/bonaccorso1-214x300.jpg\" alt=\"bonaccorso1\" width=\"214\" height=\"300\" srcset=\"https:\/\/www.sceltedigusto.it\/public\/wp-content\/uploads\/2017\/03\/bonaccorso1-214x300.jpg 214w, https:\/\/www.sceltedigusto.it\/public\/wp-content\/uploads\/2017\/03\/bonaccorso1.jpg 539w\" sizes=\"(max-width: 214px) 100vw, 214px\" \/><\/a>Esiste per\u00f2 un modo per ottenere del vero prodotto biologico&#8230;<\/strong><\/p>\n<p><em>Il poter ottenere un prodotto sicuramente biologico imporrebbe la depurazione delle acque d&#8217;irrigazione, il disinquinamento del terreno che una volta ripulito perderebbe logicamente molto in termini di minerali, eventuali humus ed altro che bisognerebbe ricostituire in modo naturale. \u00a0Ci\u00f2 significherebbe, in termini di tempo, almeno un anno di fermo e quindi il non utilizzo del terreno che dovrebbe essere \u00a0concimato naturalmente. Inoltre il terreno stesso dovrebbe essere &#8220;isolato&#8221; sia dal fondo che dai terreni circostanti, ci\u00f2 porterebbe alla costruzione di vasche in materiale non poroso nelle quali riversare la terra appena ripulita ed in seguito ricondizionata. Va da se che tutto ci\u00f2 necessiterebbe di una copertura, quindi si trasformerebbe in serra. Purtroppo, date le attuali condizioni , solo cos\u00ec \u00a0&#8211; sempre a mio parere &#8211; \u00a0si potrebbe avere\u00a0<\/em><em>un <strong>prodotto biologico<\/strong> al 100%.<\/em><\/p>\n<p><strong><a href=\"http:\/\/www.sceltedigusto.it\/public\/wp-content\/uploads\/2017\/03\/bonaccorso.jpg\"><img loading=\"lazy\" class=\"wp-image-14141 size-medium alignright\" src=\"http:\/\/www.sceltedigusto.it\/public\/wp-content\/uploads\/2017\/03\/bonaccorso-253x300.jpg\" alt=\"bonaccorso\" width=\"253\" height=\"300\" srcset=\"https:\/\/www.sceltedigusto.it\/public\/wp-content\/uploads\/2017\/03\/bonaccorso-253x300.jpg 253w, https:\/\/www.sceltedigusto.it\/public\/wp-content\/uploads\/2017\/03\/bonaccorso.jpg 539w\" sizes=\"(max-width: 253px) 100vw, 253px\" \/><\/a>Mettendo in atto queste procedure \u00a0aumenterebbero sensibilmente i costi e quindi i prezzi. Quanto dovremmo aspettarci di pagare un chilo di pomodoro biologico?<\/strong><\/p>\n<p><em>Il costo degli alimenti prodotti avrebbe sicuramente un costo inizialmente elevato che comunque una volta coperte le iniziali spese potrebbe benissimo essere portato a livelli abbordabili, soprattutto se si pensa che si tornerebbe a nutrirsi in modo sano ed equiparabile all&#8217;inizio della cosiddetta era industriale.<\/em><\/p>\n<p><strong>E allora tutte le aziende agricole con certificazione biologica? Non crede che potrebbero subire contraccolpi economici notevoli dopo l&#8217;allarme che lei sta lanciando?<\/strong><\/p>\n<p><em>Per quanto riguarda le aziende agricole certificate Bio, hanno ottenuto il certificato in seguito a quanto esposto precedentemente, \u00a0ovvero non utilizzano prodotti chimici nocivi. Lavorano con la massima attenzione e cura, ma ribadisco che ci\u00f2 che loro non utilizzano, purtroppo esiste nelle polveri che respiriamo, che la pioggia porta inevitabilmente a contatto con il terreno. La stessa terra che tramite la pioggia o attraverso le falde acquifere sotterranee assorbe sostanze non propriamente pure. Contraccolpi economici? Non credo, ma sicuramente il prodotto Bio continuer\u00e0 ad essere<\/em><br \/>\n<em> tale anche se non al 100% per i motivi gi\u00e0 ribaditi.<\/em><\/p>\n<p><strong><a href=\"http:\/\/www.sceltedigusto.it\/public\/wp-content\/uploads\/2017\/03\/bonaccorso2.jpg\"><img loading=\"lazy\" class=\"wp-image-14143 size-medium alignleft\" src=\"http:\/\/www.sceltedigusto.it\/public\/wp-content\/uploads\/2017\/03\/bonaccorso2-300x199.jpg\" alt=\"bonaccorso2\" width=\"300\" height=\"199\" srcset=\"https:\/\/www.sceltedigusto.it\/public\/wp-content\/uploads\/2017\/03\/bonaccorso2-300x199.jpg 300w, https:\/\/www.sceltedigusto.it\/public\/wp-content\/uploads\/2017\/03\/bonaccorso2-100x65.jpg 100w, https:\/\/www.sceltedigusto.it\/public\/wp-content\/uploads\/2017\/03\/bonaccorso2.jpg 640w\" sizes=\"(max-width: 300px) 100vw, 300px\" \/><\/a>Lei \u00e8 ovviamente certo di ci\u00f2 che asserisce: quindi ci siamo presi in giro per anni pensando di mangiare sano ma mangiando, in fondo, come chiunque altro?<\/strong><\/p>\n<p><em>No, come ho gi\u00e0 detto, sicuramente chi si nutre del cosiddetto Bio lo fa in maniera pi\u00f9 sana di chi non lo fa, ma rimane comunque un prodotto sempre tendenzialmente purtroppo inquinato.<\/em><br \/>\n<em> La mia \u00e8 una certezza personale ed \u00e8 determinata da ci\u00f2 che vedo,sento,leggo. Non credo che se un&#8217;azienda bio si trova nella cosiddetta <strong>terra dei fuochi \u00a0<\/strong>possa considerarsi tale. E chiss\u00e0 quante aziende ignare si trovano nella stessa condizione&#8230;\u00a0 Logicamente il mio \u00e8 un esempio esasperato, ma non molto lontano dalla realt\u00e0.<\/em><\/p>\n<p><strong>Alessandra Verzera<\/strong><\/p>\n","protected":false},"excerpt":{"rendered":"<p>Dalle pagine dei social il cuoco messinese che vive a Palermo lancia l&#8217;allarme sul prodotto biologico. Che non esisterebbe, sempre secondo Bonaccorso. Perch\u00e8 secondo lei non \u00e8 possibile avere del vero prodotto biologico? Nel mio intervento sul social ho spiegato il motivo per il quale secondo il mio modesto parere il biologico non esiste. Ci\u00f2 [&hellip;]<\/p>\n","protected":false},"author":18,"featured_media":14145,"comment_status":"open","ping_status":"open","sticky":false,"template":"","format":"standard","meta":[],"categories":[8,5435,5],"tags":[1252,8865,366,8866,8867,8864],"jetpack_featured_media_url":"https:\/\/www.sceltedigusto.it\/public\/wp-content\/uploads\/2017\/03\/bonaccorso-slide.jpg","_links":{"self":[{"href":"https:\/\/www.sceltedigusto.it\/public\/wp-json\/wp\/v2\/posts\/14139"}],"collection":[{"href":"https:\/\/www.sceltedigusto.it\/public\/wp-json\/wp\/v2\/posts"}],"about":[{"href":"https:\/\/www.sceltedigusto.it\/public\/wp-json\/wp\/v2\/types\/post"}],"author":[{"embeddable":true,"href":"https:\/\/www.sceltedigusto.it\/public\/wp-json\/wp\/v2\/users\/18"}],"replies":[{"embeddable":true,"href":"https:\/\/www.sceltedigusto.it\/public\/wp-json\/wp\/v2\/comments?post=14139"}],"version-history":[{"count":2,"href":"https:\/\/www.sceltedigusto.it\/public\/wp-json\/wp\/v2\/posts\/14139\/revisions"}],"predecessor-version":[{"id":14146,"href":"https:\/\/www.sceltedigusto.it\/public\/wp-json\/wp\/v2\/posts\/14139\/revisions\/14146"}],"wp:featuredmedia":[{"embeddable":true,"href":"https:\/\/www.sceltedigusto.it\/public\/wp-json\/wp\/v2\/media\/14145"}],"wp:attachment":[{"href":"https:\/\/www.sceltedigusto.it\/public\/wp-json\/wp\/v2\/media?parent=14139"}],"wp:term":[{"taxonomy":"category","embeddable":true,"href":"https:\/\/www.sceltedigusto.it\/public\/wp-json\/wp\/v2\/categories?post=14139"},{"taxonomy":"post_tag","embeddable":true,"href":"https:\/\/www.sceltedigusto.it\/public\/wp-json\/wp\/v2\/tags?post=14139"}],"curies":[{"name":"wp","href":"https:\/\/api.w.org\/{rel}","templated":true}]}}