{"id":1412,"date":"2011-09-23T09:51:31","date_gmt":"2011-09-23T07:51:31","guid":{"rendered":"http:\/\/www.sceltedigusto.it\/public\/Test\/a-savigliano-cuneo-una-sagra-rende-omaggio-al-pane\/"},"modified":"2013-11-16T21:11:31","modified_gmt":"2013-11-16T20:11:31","slug":"a-savigliano-cuneo-una-sagra-rende-omaggio-al-pane","status":"publish","type":"post","link":"https:\/\/www.sceltedigusto.it\/public\/a-savigliano-cuneo-una-sagra-rende-omaggio-al-pane\/","title":{"rendered":"A Savigliano (Cuneo) una sagra rende omaggio al pane"},"content":{"rendered":"<h3 style=\"text-align: justify;\"><span style=\"font-family: verdana,geneva; font-size: small;\"><img loading=\"lazy\" class=\" size-full wp-image-1406\" src=\"http:\/\/www.sceltedigusto.it\/public\/Test\/wp-content\/uploads\/2011\/09\/festa_pane.jpg\" border=\"0\" width=\"191\" height=\"201\" width=\"350\" height=\"347\" \/><\/span><\/h3>\n<h3 style=\"text-align: justify;\"><span style=\"font-family: verdana,geneva; font-size: small;\">Per anni due attori catanesi, Tuccio Musumeci e Pippo Pattavina, con una loro gag ci hanno tormentati sul valore del pane: &#8220;U purtau u pani u pap\u00e0?&#8221;. I<\/span><span style=\"font-family: verdana,geneva; font-size: small;\">l &#8220;principe&#8221; dei lievitati trionfa invece in una sagra a lui appositamente organizzata ed \u00e8 quella che si svolger\u00e0 da oggi a\u00a0domenica a Savigliano in Piemonte. Panificatori di tutta Italia e d&#8217;Europa si danno appuntamento per mettere in &#8220;vetrina&#8221; il meglio della\u00a0tradizione panificatoria.\u00a0(A.Fi.)<\/span><\/h3>\n<p><span style=\"font-family: verdana,geneva; font-size: small;\"> <\/span><\/p>\n<h3>  <!--more-->  <\/h3>\n<p>\u00a0<\/p>\n<div><span style=\"font-size: small;\"> <\/span><\/div>\n<p style=\"text-align: justify;\"><span style=\"font-family: verdana,geneva;\"><span style=\"font-size: small;\">A Savigliano, come si legge, nello slogan della manifestazione, &#8220;Lievitano le emozioni&#8221;. La festa \u00e8 affascinante viaggio nella storia e nella geografia del pane, con una manifestazione dedicata all\u2019alimento principe della nostra tavola in tutte le sue declinazioni.<br \/>Il pane, sintesi dell\u2019identit\u00e0 dei luoghi, del lavoro dei campi, della sapienza artigiana, del commercio, dei gusti, dei simboli e delle credenze, sar\u00e0 il protagonista assoluto di incontri, degustazioni, dibattiti, spettacoli, laboratori didattici e concerti.<\/span><\/span><\/p>\n<p style=\"text-align: center;\"><span style=\"font-family: verdana,geneva;\"><span style=\"font-size: small;\"><img loading=\"lazy\" class=\" size-full wp-image-1407\" src=\"http:\/\/www.sceltedigusto.it\/public\/Test\/wp-content\/uploads\/2011\/09\/savigliano.jpg\" border=\"0\" width=\"350\" height=\"210\" srcset=\"https:\/\/www.sceltedigusto.it\/public\/wp-content\/uploads\/2011\/09\/savigliano.jpg 350w, https:\/\/www.sceltedigusto.it\/public\/wp-content\/uploads\/2011\/09\/savigliano-300x180.jpg 300w\" sizes=\"(max-width: 350px) 100vw, 350px\" \/><\/span><\/span><\/p>\n<p style=\"text-align: justify;\"><span style=\"font-family: verdana,geneva;\"><span style=\"font-size: small;\">Piazza del Popolo e Piazza Santarosa si animeranno per due giorni con spazi dedicati ai forni, all\u2019intera filiera del pane e a laboratori degustativi e dimostrativi. Per tutti i gusti: pane da guardare, pane da assaggiare, pane da impastare, pane da raccontare e pane da ascoltare.<\/span><\/span><\/p>\n<p style=\"text-align: justify;\"><span style=\"font-family: verdana,geneva;\"><span style=\"font-size: small;\"><img loading=\"lazy\" class=\" size-full wp-image-1408\" src=\"http:\/\/www.sceltedigusto.it\/public\/Test\/wp-content\/uploads\/2011\/09\/forno pane.jpg\" border=\"0\" width=\"240\" height=\"204\" width=\"400\" height=\"266\" \/><\/span><\/span><\/p>\n<p style=\"text-align: justify;\"><span style=\"font-size: small;\"><span style=\"font-family: verdana,geneva;\">E, ancora, pane da condividere, poich\u00e9 il pane attraversa le generazioni ed \u00e8 denominatore comune alle popolazioni di tutto il mondo, da nord a sud, con le sue forme pi\u00f9 strane e i suoi sapori pi\u00f9 diversi. Una manifestazione ricca di sorprese che affasciner\u00e0 adulti e bambini. <\/span><\/span><\/p>\n<p style=\"text-align: justify; margin-bottom: 0cm;\"><span style=\"font-size: small;\"><span style=\"font-family: verdana,geneva;\"><span style=\"font-size: small;\">Oltre alla degustazione del pane in tutte le sue fragrane e forme tipiche, sar\u00e0 anche occasione di gustare prodotti locali come illardo della Val Varaita, culatello di ribello e crostoni di pane all&#8217;Alv\u00e0; zuppa di cipolle bionde di Andezeno su crostone di pane ai cereali;<br \/>piccolo scamone di vitello in crosta di pane aromatizzato alle erbe fini. Ed anche per la gioia di tutti e non solo dei bambini, il tradizionale pane e cioccolato.<\/span><\/span><\/span><\/p>\n<p style=\"text-align: center; margin-bottom: 0cm;\"><span style=\"font-size: small;\"><span style=\"font-family: verdana,geneva;\"><span style=\"font-size: small;\"><img loading=\"lazy\" class=\" size-full wp-image-1409\" src=\"http:\/\/www.sceltedigusto.it\/public\/Test\/wp-content\/uploads\/2011\/09\/pane savigliano.jpg\" border=\"0\" width=\"286\" height=\"210\" width=\"259\" height=\"194\" \/><\/span><\/span><\/span><\/p>\n<p style=\"text-align: justify; margin-bottom: 0cm;\"><span style=\"font-size: small;\"><span style=\"font-family: verdana,geneva;\"><span style=\"font-size: small;\">Le piazze e alcune strade di Savigliano per tre giorni si trasformeranno simbolicamente in un grande forno a cielo aperto per portare in trionfo il pane con tutte le sue innumerevoli forme e varianti. Insomma, il pane sar\u00e0 protagonista assoluto. Come dire &#8220;Dacci oggi il nostro pane quotidiano&#8230;&#8221;. Ed aveva ragione il religioso francese Jean Cardonnel quando espresse: &#8220;Quando gli uomini condividono il pane condividono la loro amicizia&#8221;.<\/span><\/span><\/span><\/p>\n<p style=\"text-align: center; margin-bottom: 0cm;\"><span style=\"font-family: verdana,geneva;\"><span style=\"font-size: small;\"><strong>IL PROGRAMMA<\/strong><\/span><\/span><\/p>\n<p style=\"text-align: justify; margin-bottom: 0.53cm;\"><span style=\"font-family: verdana,geneva;\"><span style=\"font-size: small;\"><em><strong>VENERDI&#8217; 23 SETTEMBRE 2011<\/p>\n<p><\/strong><\/em><br \/>Ore 18,30 &#8211; 22,00 &#8211; PIAZZA CESARE BATTISTI<br \/>I 1000 VOLTI DEL PANE &#8211; Degustazioni a base di pane, proposte da Pizzeria il Bucefalo e Ristorante Sapori in Movimento di Savigliano.<br \/>Ore 19.00 \u2013 22.00 &#8211; ALA POLIFUNZIONALE di Piazza del Popolo<br \/>Giro Pizza a \u201ckm zero\u201d: una degustazione di sei diversi tipi di pizza impastate e condite con prodotti del territorio.<br \/>Ore 21.30 &#8211; 23.30 &#8211; CRUSA&#8217; NEIRA (Piazza della Misericordia)<br \/>Inaugurazione Ufficiale della 6^ edizione della Festa del Pane con la presenza di Carlin Petrini<\/span><\/span><\/p>\n<p style=\"text-align: justify; margin-bottom: 0.53cm;\">\u00a0<\/p>\n<p>\u00a0<\/p>\n<p style=\"text-align: justify; margin-bottom: 0.53cm;\"><span style=\"font-family: verdana,geneva;\"><span style=\"font-size: small;\"><img loading=\"lazy\" class=\" size-full wp-image-1410\" src=\"http:\/\/www.sceltedigusto.it\/public\/Test\/wp-content\/uploads\/2011\/09\/pane_2.jpg\" border=\"0\" width=\"306\" height=\"209\" width=\"610\" height=\"457\" \/><br \/><\/span><\/span><span style=\"font-family: verdana,geneva;\"><span style=\"font-size: small;\"><em><strong> <\/strong><\/em><\/span><\/span><\/p>\n<p>\u00a0<\/p>\n<p>\u00a0<\/p>\n<p style=\"text-align: justify; margin-bottom: 0.53cm;\"><span style=\"font-family: verdana,geneva;\"><span style=\"font-size: small;\"><em><strong>SABATO 24 SETTEMBRE 2011<\/p>\n<p><\/strong><\/em>Ore 9.00 \u2013 24.00 \u2013 PIAZZA DEL POPOLO<br \/>Apertura area forni.<br \/>Ore 9.00 \u2013 24.00 &#8211; PIAZZA DEL POPOLO<br \/>Apertura stand gastronomici e commerciali.<br \/>Ore 9.00 \u2013 24.00 \u2013 PIAZZA SANTAROSA<br \/>Apertura Mercato di Campagna Amica. A cura di Coldiretti Cuneo.<br \/>Ore 9,30 &#8211; 12,30 &#8211; ALA POLIFUNZIONALE di Piazza del Popolo<br \/>Laboratorio dimostrativo di pasticceria. A cura del CNOS \u2013 FAP di Savigliano.<br \/>Ore 10.00 \u2013 Saletta della Banca CRS<br \/>Inaugurazione Mostra Fotografica Circolo Imago. <br \/>Ore 10.00 \u2013 24.00 ALA POLIFUNZIONALE di Piazza del Popolo<br \/>Apertura area espositiva con: Raccolta di immagini del pane e affini: filiera, dal grano al prodotto finito e commercializzato realizzate da viaggiatori in vari paesi del mondo. A cura dell\u2019Associazione Culturale di Promozione Sociale &#8220;Uomini e Terre&#8221; Savigliano. Quadri eseguiti con il vino. A cura dell\u2019artista Vincenzo Reda. Sculture di cioccolato. A cura dell\u2019Associazione Amici del Cioccolato Pasticceri della Provincia \u201cGranda\u201d.<br \/>Ore 11,00 &#8211; 24,00 &#8211; PIAZZA CESARE BATTISTI<br \/>I 1000 VOLTI DEL PANE &#8211; Degustazioni a base di pane, proposte da Pizzeria il Bucefalo e Ristorante Sapori in Movimento di Savigliano.<br \/>Ore 11.00 \u2013 12.30 ALA POLIFUNZIONALE di Piazza del Popolo<br \/>&#8220;CORSO DIVULGATIVO EXTRA VERGINE EDUCATION\u201d tenuto dal Prof. Marino Giordani \u2013 Vice Presidente Tecnico ONAOO. (Organizzazione Nazionale Assaggiatori Olio d&#8217;Oliva)<br \/>Ore 11.00 &#8211; CRUSA\u2019 NEIRA (Piazza della Misericordia)<br \/>\u201cNon di solo pane.Il Risorgimento romantico\u201d. Lezione sul Risorgimento a cura di Antonio Scurati<br \/>Ore 12.30 \u2013 14.30 &#8211; ALA POLIFUNZIONALE di Piazza del Popolo<br \/>Giro Pizza a \u201ckm zero\u201d: una degustazione di sei diversi tipi di pizza impastate e condite con prodotti del territorio.<br \/>Ore 13,00 \u2013 14,30 &#8211; ALA POLIFUNZIONALE di Piazza del Popolo<br \/>Laboratorio dimostrativo sulla preparazione della pasta fatta a mano (A cura di Mauro Musso).<br \/>Ore 14.30 \u2013 23.00 ALA POLIFUNZIONALE di Piazza del Popolo<br \/>Apertura laboratorio degustativo e dimostrativo sulla lavorazione del cioccolato. A cura dell\u2019Associazione \u201cAmici del Cioccolato Pasticceri della Provincia \u201cGranda\u201d.<br \/>ORE 15,30 \u2013 PIAZZA SANTAROSA<br \/>\u201cIl nostro pane quotidiano.Lontano da casa: Storie di storie di italiani scappati all\u2019estero per salvare e nutrire la propria creativit\u00e0.\u201d Incontro con Federico Taddia e Claudia Ceroni, autori del libro \u201cFuori luogo\u201d. Modera Federica De Maria. <br \/>Ore 15,00 &#8211; 18,00 &#8211; ALA POLIFUNZIONALE di Piazza del Popolo<br \/>Laboratorio interattivo sulla preparazione del MSSEMEN (tipica focaccia marocchina) da accompagnare con i the alla menta. A cura del Centro Famiglie di Savigliano. <br \/>Ore 17.00 &#8211; PIAZZA DEL POPOLO<br \/>\u201cDacci oggi il nostro pane quotidiano\u201d \u2013 Spettacolo teatrale a cura del saggista performer Luca Scarlini.<br \/>Ore 18.00 \u2013 19,30 &#8211; PIAZZA SANTAROSA<br \/>Premiazione del Concorso Savigliano in Fiore.<br \/>Ore 18,30 \u2013 PIAZZA SANTAROSA <br \/>\u201cBecause Patty Smith\u201d \u2013 La sacerdotessa del punk raccontata da Claudia Bonadonna ed Emilio Targia.<br \/>Ore 18,30 ALA POLIFUNZIONALE di Piazza del Popolo<br \/>\u201cIl vino e la pianura cuneese\u201d, storia, tradizione, cultura e territorio di una terra di grandi consumi di vini piemontesi. A cura dell\u2019enologo Tablino Lorenzo.<br \/>Ore 19,00 &#8211; 21.00 &#8211; PIAZZA DEL POPOLO<br \/>DJ Set a cura di Pony \u2013 Feel Good Production<br \/>Ore 19.00 \u2013 24.00 &#8211; ALA POLIFUNZIONALE di Piazza del Popolo<br \/>Giro Pizza a \u201ckm zero\u201d: una degustazione di sei diversi tipi di pizza impastate e condite con prodotti del territorio.<br \/>Ore 21.30 &#8211; PIAZZA DEL POPOLO<br \/>Maria Giua in concerto <br \/>Ore 21.30 &#8211; PIAZZA SANTAROSA <br \/>Concerto di Musica balcanica a cura dei \u201cMiskal\u00e8 klezmer &amp; gypsy music\u201d.<\/span><\/span><\/p>\n<p style=\"text-align: center; margin-bottom: 0.53cm;\"><span style=\"font-family: verdana,geneva;\"><span style=\"font-size: small;\"><img loading=\"lazy\" class=\" size-full wp-image-1411\" src=\"http:\/\/www.sceltedigusto.it\/public\/Test\/wp-content\/uploads\/2011\/09\/pane_3.jpg\" border=\"0\" width=\"320\" height=\"200\" width=\"200\" height=\"200\" \/><\/span><\/span><\/p>\n<p style=\"text-align: justify; margin-bottom: 0.53cm;\"><span style=\"font-family: verdana,geneva;\"><span style=\"font-size: small;\"><br \/><\/span><\/span><span style=\"font-family: verdana,geneva;\"><span style=\"font-size: small;\"><em><strong>DOMENICA 25 SETTEMBRE 2011<\/p>\n<p><\/strong><\/em>Ore 9.00 \u2013 20.00 &#8211; PIAZZA DEL POPOLO<br \/>Apertura area Forni.<br \/>Ore 9.00 \u2013 20.00 &#8211; PIAZZA DEL POPOLO<br \/>Apertura stand gastronomici e commerciali<br \/>Ore 9.00 \u2013 20.00 \u2013 PIAZZA SANTAROSA<br \/>Apertura Mercato di Campagna Amica. A cura di Coldiretti Cuneo.<br \/>Ore 10.00 \u2013 20.00 ALA POLIFUNZIONALE di Piazza del Popolo<br \/>Apertura area espositiva con Raccolta di immagini del pane e affini: filiera, dal grano al prodotto finito e commercializzato, realizzate da viaggiatori in vari paesi del mondo. A cura dell\u2019Associazione Culturale di Promozione Sociale &#8220;Uomini e Terre&#8221; Savigliano. Quadri eseguiti con il vino. A cura dell\u2019artista Vincenzo Reda. Sculture di cioccolato. A cura dell\u2019Associazione Amici del Cioccolato Pasticceri della Provincia \u201cGranda\u201d.<br \/>Ore 10.00 \u2013 20.00 ALA POLIFUNZIONALE di Piazza del Popolo<br \/>Apertura laboratorio degustativo e dimostrativo sulla lavorazione del cioccolato. A cura dell\u2019Associazione \u201cAmici del Cioccolato Pasticceri della Provincia \u201cGranda\u201d.<br \/>Ore 10.00 \u2013 12,30 ALA POLIFUNZIONALE di Piazza del Popolo<br \/>Dimostrazione sulla preparazione della tipica focaccia sanremese \u201csardenaira\u201d e degustazione. A cura di Vittoria e Carlo Silvano.<br \/>Ore 11,00 &#8211; 22,00 &#8211; PIAZZA CESARE BATTISTI<br \/>I 1000 VOLTI DEL PANE &#8211; Degustazioni a base di pane, proposte da Pizzeria il Bucefalo e Ristorante Sapori in Movimento di Savigliano<br \/>Ore 11,30 \u2013 PIAZZA SANTAROSA<br \/>Presentazione del libro \u201cAnime in carpione\u201d di Paolo Ferrero. Modera Filippo Margiaria.<br \/>Ore 12.30 \u2013 14.30 ALA POLIFUNZIONALE di Piazza del Popolo<br \/>Giro Pizza a \u201ckm zero\u201d: una degustazione di sei diversi tipi di pizza impastate e condite con prodotti del territorio.<br \/>Ore 15.00 \u2013 20.00 \u2013 PIAZZA DEL POPOLO<br \/>\u201cL\u2019omino di pan pepato ed altre storie\u201d . Animazione per bambini sotto la \u201ctenda del racconto\u201d a cura di Daniela Febino.<br \/>Ore 15.00 \u2013 20.00 PIAZZA DEL POPOLO<br \/>\u201cPane e teatro\u201d. Piccolo spettacolo intorno al pane a cura di Emanuele Buganza e del gruppo teatrale Katrina.<br \/>Ore 15.30 \u2013 18.30 ALA POLIFUNZIONALE di Piazza del Popolo<br \/>Laboratorio dimostrativo di pasticceria. A cura del CNOS \u2013 FAP di Savigliano<br \/>Ore 16.00 \u2013 PIAZZA SANTAROSA<br \/>\u201cIl pane degli altri\u201d. Tre esponenti di comunit\u00e0 religiose diverse a confronto per trovare punti di incontro ed indagare le simbologie del pane in un grande racconto mitico<br \/>Ore 19.00 \u2013 22.00 &#8211; ALA POLIFUNZIONALE di Piazza del Popolo<br \/>Giro Pizza a \u201ckm zero\u201d: una degustazione di sei diversi tipi di pizza impastate e condite con prodotti del territorio.<\/span><\/span><\/p>\n<p style=\"text-align: justify; margin-bottom: 0cm;\"><strong><span style=\"font-family: verdana,geneva;\"><span style=\"font-size: small;\">Antonio Fiasconaro<\/p>\n<p><\/span><\/span><\/strong><\/p>\n","protected":false},"excerpt":{"rendered":"<p>Per anni due attori catanesi, Tuccio Musumeci e Pippo Pattavina, con una loro gag ci hanno tormentati sul valore del pane: &#8220;U purtau u pani u pap\u00e0?&#8221;. Il &#8220;principe&#8221; dei lievitati trionfa invece in una sagra a lui appositamente organizzata ed \u00e8 quella che si svolger\u00e0 da oggi a\u00a0domenica a Savigliano in Piemonte. Panificatori di [&hellip;]<\/p>\n","protected":false},"author":18,"featured_media":1406,"comment_status":"open","ping_status":"open","sticky":false,"template":"","format":"standard","meta":[],"categories":[29],"tags":[130,1752,1758,1077,897,1755,1754,1757,1753,1756],"jetpack_featured_media_url":"https:\/\/www.sceltedigusto.it\/public\/wp-content\/uploads\/2011\/09\/festa_pane.jpg","_links":{"self":[{"href":"https:\/\/www.sceltedigusto.it\/public\/wp-json\/wp\/v2\/posts\/1412"}],"collection":[{"href":"https:\/\/www.sceltedigusto.it\/public\/wp-json\/wp\/v2\/posts"}],"about":[{"href":"https:\/\/www.sceltedigusto.it\/public\/wp-json\/wp\/v2\/types\/post"}],"author":[{"embeddable":true,"href":"https:\/\/www.sceltedigusto.it\/public\/wp-json\/wp\/v2\/users\/18"}],"replies":[{"embeddable":true,"href":"https:\/\/www.sceltedigusto.it\/public\/wp-json\/wp\/v2\/comments?post=1412"}],"version-history":[{"count":1,"href":"https:\/\/www.sceltedigusto.it\/public\/wp-json\/wp\/v2\/posts\/1412\/revisions"}],"predecessor-version":[{"id":4396,"href":"https:\/\/www.sceltedigusto.it\/public\/wp-json\/wp\/v2\/posts\/1412\/revisions\/4396"}],"wp:featuredmedia":[{"embeddable":true,"href":"https:\/\/www.sceltedigusto.it\/public\/wp-json\/wp\/v2\/media\/1406"}],"wp:attachment":[{"href":"https:\/\/www.sceltedigusto.it\/public\/wp-json\/wp\/v2\/media?parent=1412"}],"wp:term":[{"taxonomy":"category","embeddable":true,"href":"https:\/\/www.sceltedigusto.it\/public\/wp-json\/wp\/v2\/categories?post=1412"},{"taxonomy":"post_tag","embeddable":true,"href":"https:\/\/www.sceltedigusto.it\/public\/wp-json\/wp\/v2\/tags?post=1412"}],"curies":[{"name":"wp","href":"https:\/\/api.w.org\/{rel}","templated":true}]}}