{"id":14114,"date":"2017-03-20T17:34:34","date_gmt":"2017-03-20T16:34:34","guid":{"rendered":"http:\/\/www.sceltedigusto.it\/public\/?p=14114"},"modified":"2017-03-20T17:34:34","modified_gmt":"2017-03-20T16:34:34","slug":"frankenbier-fest-la-franconia-brassicola-a-villa-torlonia-a-roma","status":"publish","type":"post","link":"https:\/\/www.sceltedigusto.it\/public\/frankenbier-fest-la-franconia-brassicola-a-villa-torlonia-a-roma\/","title":{"rendered":"FrankenBier Fest: la Franconia brassicola a Villa Torlonia, a Roma"},"content":{"rendered":"<p><a href=\"http:\/\/www.sceltedigusto.it\/public\/wp-content\/uploads\/2017\/02\/birra.jpg\"><img loading=\"lazy\" class=\"wp-image-13952 alignleft\" src=\"http:\/\/www.sceltedigusto.it\/public\/wp-content\/uploads\/2017\/02\/birra.jpg\" alt=\"birra\" width=\"301\" height=\"200\" srcset=\"https:\/\/www.sceltedigusto.it\/public\/wp-content\/uploads\/2017\/02\/birra.jpg 275w, https:\/\/www.sceltedigusto.it\/public\/wp-content\/uploads\/2017\/02\/birra-100x65.jpg 100w\" sizes=\"(max-width: 301px) 100vw, 301px\" \/><\/a>La terza edizione del <strong>FrankenBierFest<\/strong> andr\u00e0 in scena nei giorni 7, 8 e 9 aprile. Un evento durante il quale verr\u00e0 ricreato un angolo di<strong> Franconia<\/strong>, splendida regione della <strong>Germania<\/strong>, nell\u2019esclusiva cornice della Limonaia di <strong>Villa Torlonia<\/strong> a Roma.<br \/>\nIl Festival sar\u00e0 l\u2019occasione per approfondire la forte tradizione birraria della regione tedesca con la pi\u00f9 alta concentrazione di birrifici al mondo, che ha nella citt\u00e0 di Bamberga il suo cuore pulsante. La maggior parte dei produttori della Franconia vanta una tradizione secolare e le birre sono contraddistinte da assoluta qualit\u00e0 e unicit\u00e0, talvolta prodotte in quantit\u00e0 limitata, legata quasi esclusivamente al territorio circostante e al consumo locale.<br \/>\n<a href=\"http:\/\/www.sceltedigusto.it\/public\/wp-content\/uploads\/2015\/05\/birra4.jpg\"><img loading=\"lazy\" class=\" wp-image-9453 alignright\" src=\"http:\/\/www.sceltedigusto.it\/public\/wp-content\/uploads\/2015\/05\/birra4.jpg\" alt=\"birra4\" width=\"341\" height=\"256\" srcset=\"https:\/\/www.sceltedigusto.it\/public\/wp-content\/uploads\/2015\/05\/birra4.jpg 400w, https:\/\/www.sceltedigusto.it\/public\/wp-content\/uploads\/2015\/05\/birra4-300x225.jpg 300w\" sizes=\"(max-width: 341px) 100vw, 341px\" \/><\/a>Al <strong>FrankenBierFest<\/strong> sar\u00e0 possibile degustare alcune di queste rarissime eccellenze, prodotti fortemente caratterizzati che rispecchiano un territorio che in gran parte \u00e8 rimasto inalterato, fedele alle sue origini e alla sua storia: Kellerbier, Rauchbier, Bock e alcune proposte innovative da parte dei nuovi sperimentatori della scena brassicola francone. La selezione sar\u00e0 curata da Manuele Colonna, esperto conoscitore della Franconia e tutte le birre arriveranno direttamente dalla loro terra d\u2019origine.<br \/>\nNella Limonaia verranno collocati numerosi banchi, il cui allestimento sar\u00e0 a cura di Tecnofrigo Service, dove sar\u00e0 possibile degustare rarit\u00e0 ed eccellenze, molte servite direttamente dalle tradizionali botticelle a caduta. Proprio l\u2019apertura di una di esse decreter\u00e0 l\u2019inizio del festival in grande stile.<br \/>\n<a href=\"http:\/\/www.sceltedigusto.it\/public\/wp-content\/uploads\/2015\/05\/birra.jpg\"><img loading=\"lazy\" class=\"wp-image-9450 alignleft\" src=\"http:\/\/www.sceltedigusto.it\/public\/wp-content\/uploads\/2015\/05\/birra.jpg\" alt=\"birra\" width=\"320\" height=\"247\" srcset=\"https:\/\/www.sceltedigusto.it\/public\/wp-content\/uploads\/2015\/05\/birra.jpg 406w, https:\/\/www.sceltedigusto.it\/public\/wp-content\/uploads\/2015\/05\/birra-300x231.jpg 300w\" sizes=\"(max-width: 320px) 100vw, 320px\" \/><\/a>L\u2019organizzazione \u00e8 a cura di Publigiovane Eventi.<br \/>\nLa comunicazione interna e gli strumenti che verranno messi a disposizione \u00a0&#8211; la guida contenente la mappa della Limonaia, con i percorsi interni e le descrizioni di tutte le birre e i birrifici presenti, e il bicchiere tradizionale o il boccale tipico della Franconia in ceramica &#8211; \u00a0permetteranno di affrontare un viaggio \u2018consapevole\u2019 attraverso il mondo birrario francone.<br \/>\nOltre ai birrai, saranno presenti alcune autorit\u00e0 della Franconia, esperti degustatori di fama internazionale e sar\u00e0 allestita una mostra fotografica sull\u2019argomento, curata da <strong>Michael James<\/strong>, beer traveller di fama mondiale. Inoltre sar\u00e0 presentato il libro \u201cBirra in Franconia\u201d, edito da Publigiovane e scritto da Manuele Colonna. Un viaggio attraverso le esperienze, gli ambienti, i tour, gli aneddoti, tutti rigorosamente di stampo birrario, vissuti dall\u2019autore nei suoi continui e lunghi viaggi in terra francone.<br \/>\nParticolare attenzione sar\u00e0 data anche al food, a cura della Limonaia, che presenter\u00e0 un\u2019offerta in stile tradizionale francone.<\/p>\n","protected":false},"excerpt":{"rendered":"<p>La terza edizione del FrankenBierFest andr\u00e0 in scena nei giorni 7, 8 e 9 aprile. Un evento durante il quale verr\u00e0 ricreato un angolo di Franconia, splendida regione della Germania, nell\u2019esclusiva cornice della Limonaia di Villa Torlonia a Roma. Il Festival sar\u00e0 l\u2019occasione per approfondire la forte tradizione birraria della regione tedesca con la pi\u00f9 [&hellip;]<\/p>\n","protected":false},"author":18,"featured_media":9451,"comment_status":"open","ping_status":"open","sticky":false,"template":"","format":"standard","meta":[],"categories":[4,29],"tags":[1634,8863,773,8862],"jetpack_featured_media_url":"https:\/\/www.sceltedigusto.it\/public\/wp-content\/uploads\/2015\/05\/birra2.jpg","_links":{"self":[{"href":"https:\/\/www.sceltedigusto.it\/public\/wp-json\/wp\/v2\/posts\/14114"}],"collection":[{"href":"https:\/\/www.sceltedigusto.it\/public\/wp-json\/wp\/v2\/posts"}],"about":[{"href":"https:\/\/www.sceltedigusto.it\/public\/wp-json\/wp\/v2\/types\/post"}],"author":[{"embeddable":true,"href":"https:\/\/www.sceltedigusto.it\/public\/wp-json\/wp\/v2\/users\/18"}],"replies":[{"embeddable":true,"href":"https:\/\/www.sceltedigusto.it\/public\/wp-json\/wp\/v2\/comments?post=14114"}],"version-history":[{"count":2,"href":"https:\/\/www.sceltedigusto.it\/public\/wp-json\/wp\/v2\/posts\/14114\/revisions"}],"predecessor-version":[{"id":14134,"href":"https:\/\/www.sceltedigusto.it\/public\/wp-json\/wp\/v2\/posts\/14114\/revisions\/14134"}],"wp:featuredmedia":[{"embeddable":true,"href":"https:\/\/www.sceltedigusto.it\/public\/wp-json\/wp\/v2\/media\/9451"}],"wp:attachment":[{"href":"https:\/\/www.sceltedigusto.it\/public\/wp-json\/wp\/v2\/media?parent=14114"}],"wp:term":[{"taxonomy":"category","embeddable":true,"href":"https:\/\/www.sceltedigusto.it\/public\/wp-json\/wp\/v2\/categories?post=14114"},{"taxonomy":"post_tag","embeddable":true,"href":"https:\/\/www.sceltedigusto.it\/public\/wp-json\/wp\/v2\/tags?post=14114"}],"curies":[{"name":"wp","href":"https:\/\/api.w.org\/{rel}","templated":true}]}}