{"id":1399,"date":"2011-09-23T05:50:46","date_gmt":"2011-09-23T03:50:46","guid":{"rendered":"http:\/\/www.sceltedigusto.it\/public\/Test\/ventisette-locali-siciliani-del-buon-formaggio-premiati-a-cheese-2011\/"},"modified":"2016-01-17T00:17:03","modified_gmt":"2016-01-16T23:17:03","slug":"ventisette-locali-siciliani-del-buon-formaggio-premiati-a-cheese-2011","status":"publish","type":"post","link":"https:\/\/www.sceltedigusto.it\/public\/ventisette-locali-siciliani-del-buon-formaggio-premiati-a-cheese-2011\/","title":{"rendered":"Ventisette locali siciliani del Buon Formaggio  premiati a Cheese 2011"},"content":{"rendered":"<h3 style=\"text-align: justify;\"><span style=\"font-family: verdana,geneva;\"><span style=\"font-size: small;\"><span style=\"font-family: verdana,geneva;\"><span style=\"font-size: small;\"><img loading=\"lazy\" class=\" size-full wp-image-1396\" src=\"http:\/\/www.sceltedigusto.it\/public\/Test\/wp-content\/uploads\/2011\/09\/formaggi3.jpg\" alt=\"\" width=\"231\" height=\"335\" border=\"0\" srcset=\"https:\/\/www.sceltedigusto.it\/public\/wp-content\/uploads\/2011\/09\/formaggi3.jpg 231w, https:\/\/www.sceltedigusto.it\/public\/wp-content\/uploads\/2011\/09\/formaggi3-207x300.jpg 207w, https:\/\/www.sceltedigusto.it\/public\/wp-content\/uploads\/2011\/09\/formaggi3-150x218.jpg 150w\" sizes=\"(max-width: 231px) 100vw, 231px\" \/><\/span><\/span><\/span><\/span><\/h3>\n<h3 style=\"text-align: justify;\"><\/h3>\n<h3 style=\"text-align: justify;\"><\/h3>\n<h3 style=\"text-align: justify;\"><span style=\"font-family: verdana,geneva;\"><span style=\"font-size: small;\">Altro prestigioso riconoscimento per l&#8217;enogastronomia siciliana. Ventisette tra osterie, ristoranti e negozi specializzati &#8211; selezionati tra 500 locali di tutta Italia esaminati da un&#8217;apposita commissione &#8211;\u00a0hanno ottenuto il premio del \u201cBuon Formaggio\u201d in occasione di \u201cCheese 2011\u201d, la manifestazione internazionale di &#8220;Slow Food&#8221;, dedicata a le forme del latte che si \u00e8 tenuta dal 16 al 19 settembre scorso a Bra, in provincia di Cuneo. (A.Fi)<\/span><\/span><\/h3>\n<h3 style=\"text-align: justify;\"><span style=\"font-family: verdana,geneva;\"><span style=\"font-size: small;\"> <!--more--> <\/span><\/span><\/h3>\n<p style=\"text-align: justify;\">\n<p style=\"text-align: justify;\"><span style=\"font-family: verdana,geneva;\"><span style=\"font-size: small;\">Si tratta di un riconoscimento al valore del lavoro che osti, ristoratori, negozianti e selezionatori portano avanti con impegno, passione e costanza nella promozione della produzione casearia buona, pulita e giusta.\u00a0 Il Premio non prende in considerazione solo l\u2019assortimento dei formaggi che il ristorante o il negozio specializzato offrono al pubblico, ma va oltre, mettendo in risalto l\u2019interesse e l\u2019attenzione del titolare del locale verso i formaggi.<\/span><\/span><\/p>\n<p style=\"text-align: justify;\"><span style=\"font-family: verdana,geneva;\"><span style=\"font-size: small;\"><img loading=\"lazy\" class=\" size-full wp-image-1397\" src=\"http:\/\/www.sceltedigusto.it\/public\/Test\/wp-content\/uploads\/2011\/09\/chesse_2.jpg\" alt=\"\" width=\"167\" height=\"220\" border=\"0\" \/><\/span><\/span><\/p>\n<p style=\"text-align: justify;\"><span style=\"font-family: verdana,geneva;\"><span style=\"font-size: small;\">Si deve cio\u00e8 presentare il formaggio, descrivendone gli ingredienti, la provenienza, le tecniche di lavorazione. Perch\u00e9 ogni prodotto ha una storia, che dipende da chi lo produce, dall\u2019alimentazione degli animali e dalla cantina di affinamento e stagionatura. \u00c8 prediletta, ovviamente, la presenza di formaggi a latte crudo e senza la presenza di fermenti di sintesi o di tecniche di produzione industriali.<\/span><\/span><\/p>\n<p style=\"text-align: justify;\"><span style=\"font-family: verdana,geneva;\"><span style=\"font-size: small;\">I consumatori ed i frequentatori dei locali potranno riconoscere i premiati grazie alla &#8220;vetrofania&#8221; che sar\u00e0 esposta agli ingressi per i prossimi due anni, quando si terr\u00e0 &#8220;Cheese 2013&#8221; e, di conseguenza, la nuova edizione del Premio.<\/span><\/span><\/p>\n<p style=\"text-align: center;\"><span style=\"font-family: verdana,geneva;\"><span style=\"font-size: small;\">\u00a0<\/span><\/span><\/p>\n<p style=\"text-align: justify;\"><span style=\"font-family: verdana,geneva;\"><span style=\"font-size: small;\">La parte da leone l&#8217;ha fatta la provincia di Palermo con otto premiati: Armetta, Bartolomeo Prezzemolo, Filippo Lisuzzo, La dispensa dei mons\u00f9, Mangia, Nangalarruni di Castelbuono, Osteria dei Vespri, Pizzo &amp; Pizzo. Con quattro la provincia di Messina: Fratelli Borrelli di Sinagra, Ristorante Villa Rant\u00f9 di Militello Rosmarino, Gastronomia Michele Nania di Milazzo e Trattoria Fratelli Borrello di Sinagra. Con altri 4 premi anche i locali della provincia di Ragusa: Casa del Formaggio di Modica, Casa del Formaggio &#8220;Sant&#8217;Anna&#8221;, Don Serafino, Salumeria Barocco. <\/span><\/span><\/p>\n<p style=\"text-align: justify;\"><span style=\"font-family: verdana,geneva;\"><span style=\"font-size: small;\"><img loading=\"lazy\" class=\" size-full wp-image-1398\" src=\"http:\/\/www.sceltedigusto.it\/public\/Test\/wp-content\/uploads\/2011\/09\/logo cheese2011.jpg\" alt=\"\" width=\"267\" height=\"189\" border=\"0\" \/><\/span><\/span><\/p>\n<p style=\"text-align: justify;\"><span style=\"font-family: verdana,geneva;\"><span style=\"font-size: small;\">Tre premi sono andati a locali del Catanese: Metr\u00f2, Salumeria Crisalli e Salumeria Scollo. Altri tre riconoscimenti a locali di Siracusa: Don Camillo, Don Serafino, Fratelli Burgio. Due premi alla provincia di Agrigento: Confermata di Sciacca e Terra di Agrigento. Un premio ciascuno, infine, per le province di Trapani ed Enna: Antica Salumeria Quartana di Erice e Letizie degli Erei di Enna.<\/span><\/span><\/p>\n<p style=\"text-align: justify;\"><span style=\"font-family: verdana,geneva;\"><span style=\"font-size: small;\"><img loading=\"lazy\" class=\" size-full wp-image-1302\" src=\"http:\/\/www.sceltedigusto.it\/public\/Test\/wp-content\/uploads\/2011\/09\/piero sardo.jpg\" alt=\"\" width=\"400\" height=\"300\" border=\"0\" srcset=\"https:\/\/www.sceltedigusto.it\/public\/wp-content\/uploads\/2011\/09\/piero%20sardo.jpg 400w, https:\/\/www.sceltedigusto.it\/public\/wp-content\/uploads\/2011\/09\/piero%20sardo-300x225.jpg 300w\" sizes=\"(max-width: 400px) 100vw, 400px\" \/><\/span><\/span><\/p>\n<p style=\"text-align: justify;\"><span style=\"font-family: verdana,geneva;\"><span style=\"font-size: small;\">Alla premiazione dei 500 locali selezionati hanno partecipato Roberto Burdese, presidente &#8220;Slow Food Italia&#8221;; Piero Sardo, presidente Fondazione &#8220;Slow Food per la Biodiversit\u00e0 per Onlus&#8221;; Marco Bolasco, amministratore delegato &#8220;Slow Food Editore&#8221;, Paolo Ciapparelli, presidente Consorzio di Salvaguardia del Bitto storico e Beppe Rovera, giornalista Rai.<\/span><\/span><\/p>\n<p style=\"text-align: justify; margin-bottom: 0cm;\"><span style=\"font-family: verdana,geneva;\"><span style=\"font-size: small;\">In occasione della cerimonia, Silvio Barbero, vicepresidente di Slow Food Italia, \u00e8 stato battitore dell\u2019Asta del Bitto con tre annate speciali (1996, 1997, 1998) di quello storico tutelato dal Presidio &#8220;Slow Food&#8221;. In questi anni i \u201cribelli del bitto\u201d hanno avuto in &#8220;Slow Food&#8221; un importante punto di riferimento. \u00c8 quindi sembrato pi\u00f9 che logico dedicare l&#8217;asta di queste particolari annate a &#8220;Slow Food&#8221; e alla loro nuova, importante iniziativa: tutti i proventi sono andati al progetto Mille orti per l&#8217;Africa, promosso da &#8220;Slow Food&#8221; per restituire sovranit\u00e0 alimentare a un migliaio di Comunit\u00e0 del cibo sparse in varie zone dell&#8217;Africa. <\/span><\/span><\/p>\n<p style=\"text-align: center; margin-bottom: 0cm;\"><span style=\"font-family: verdana,geneva;\"><span style=\"font-size: small;\">\u00a0<\/span><\/span><\/p>\n<p style=\"text-align: justify; margin-bottom: 0cm;\"><span style=\"font-family: verdana,geneva;\"><span style=\"font-size: small;\">Le prime due forme (1997 e 1998), prodotte dal casaro Carlo Duca e messe all&#8217;incanto in quarti di circa 2,5 chili ciascuno, sono state battute fra i 310 e i 430 euro al pezzo; quella del 2006, prodotta da Enrico Manni, un casaro storico oggi non pi\u00f9 in attivit\u00e0, e messa all&#8217;incanto per intero (circa 12 chili), \u00e8 stata battuta a 2200 euro. Se l&#8217;\u00e8 aggiudicata Virginio Cattaneo, titolare del ristorante La Brace di Forcola (So) e socio del Consorzio fin dall&#8217;inizio della sua istituzione. Cattaneo, non nascondendo la sua emozione, ha spiegato le ragioni dell&#8217;acquisto: restituire la forma al Consorzio, rimandandone il taglio al giorno in cui \u201csar\u00e0 maggiorenne\u201d, ovvero fra tre anni.<\/span><\/span><\/p>\n<p style=\"text-align: justify; margin-bottom: 0cm;\"><span style=\"font-family: verdana,geneva;\"><span style=\"font-size: small;\"><strong>Antonio Fiasconaro<\/strong><\/span><\/span><\/p>\n","protected":false},"excerpt":{"rendered":"<p>Altro prestigioso riconoscimento per l&#8217;enogastronomia siciliana. Ventisette tra osterie, ristoranti e negozi specializzati &#8211; selezionati tra 500 locali di tutta Italia esaminati da un&#8217;apposita commissione &#8211;\u00a0hanno ottenuto il premio del \u201cBuon Formaggio\u201d in occasione di \u201cCheese 2011\u201d, la manifestazione internazionale di &#8220;Slow Food&#8221;, dedicata a le forme del latte che si \u00e8 tenuta dal 16 [&hellip;]<\/p>\n","protected":false},"author":18,"featured_media":1396,"comment_status":"open","ping_status":"open","sticky":false,"template":"","format":"standard","meta":[],"categories":[4,29],"tags":[1741,1683,1737,1647,1742,81,1649,130,1744,1736,1738,91,1743,1746,1590,1745,1739,1740],"jetpack_featured_media_url":"https:\/\/www.sceltedigusto.it\/public\/wp-content\/uploads\/2011\/09\/formaggi3.jpg","_links":{"self":[{"href":"https:\/\/www.sceltedigusto.it\/public\/wp-json\/wp\/v2\/posts\/1399"}],"collection":[{"href":"https:\/\/www.sceltedigusto.it\/public\/wp-json\/wp\/v2\/posts"}],"about":[{"href":"https:\/\/www.sceltedigusto.it\/public\/wp-json\/wp\/v2\/types\/post"}],"author":[{"embeddable":true,"href":"https:\/\/www.sceltedigusto.it\/public\/wp-json\/wp\/v2\/users\/18"}],"replies":[{"embeddable":true,"href":"https:\/\/www.sceltedigusto.it\/public\/wp-json\/wp\/v2\/comments?post=1399"}],"version-history":[{"count":2,"href":"https:\/\/www.sceltedigusto.it\/public\/wp-json\/wp\/v2\/posts\/1399\/revisions"}],"predecessor-version":[{"id":11042,"href":"https:\/\/www.sceltedigusto.it\/public\/wp-json\/wp\/v2\/posts\/1399\/revisions\/11042"}],"wp:featuredmedia":[{"embeddable":true,"href":"https:\/\/www.sceltedigusto.it\/public\/wp-json\/wp\/v2\/media\/1396"}],"wp:attachment":[{"href":"https:\/\/www.sceltedigusto.it\/public\/wp-json\/wp\/v2\/media?parent=1399"}],"wp:term":[{"taxonomy":"category","embeddable":true,"href":"https:\/\/www.sceltedigusto.it\/public\/wp-json\/wp\/v2\/categories?post=1399"},{"taxonomy":"post_tag","embeddable":true,"href":"https:\/\/www.sceltedigusto.it\/public\/wp-json\/wp\/v2\/tags?post=1399"}],"curies":[{"name":"wp","href":"https:\/\/api.w.org\/{rel}","templated":true}]}}