{"id":13886,"date":"2017-01-30T18:47:12","date_gmt":"2017-01-30T17:47:12","guid":{"rendered":"http:\/\/www.sceltedigusto.it\/public\/?p=13886"},"modified":"2017-01-30T18:51:02","modified_gmt":"2017-01-30T17:51:02","slug":"agli-evoo-days-formazione-informazione-e-business-per-la-filiera-dellolio-extravergine","status":"publish","type":"post","link":"https:\/\/www.sceltedigusto.it\/public\/agli-evoo-days-formazione-informazione-e-business-per-la-filiera-dellolio-extravergine\/","title":{"rendered":"Agli EVOO Days formazione, informazione e business per la filiera dell&#8217;olio extravergine"},"content":{"rendered":"<p><a href=\"http:\/\/www.sceltedigusto.it\/public\/wp-content\/uploads\/2016\/06\/mantovani.jpg\"><img loading=\"lazy\" class=\"size-full wp-image-12344 alignleft\" src=\"http:\/\/www.sceltedigusto.it\/public\/wp-content\/uploads\/2016\/06\/mantovani.jpg\" alt=\"mantovani\" width=\"275\" height=\"183\" srcset=\"https:\/\/www.sceltedigusto.it\/public\/wp-content\/uploads\/2016\/06\/mantovani.jpg 275w, https:\/\/www.sceltedigusto.it\/public\/wp-content\/uploads\/2016\/06\/mantovani-150x100.jpg 150w\" sizes=\"(max-width: 275px) 100vw, 275px\" \/><\/a>Al via in occasione di Sol d\u2019Oro Emisfero Nord la nuova iniziativa di Veronafiere pensata per dare strumenti di conoscenza che facciano crescere la filiera oleicola e l\u2019export di olio extravergine di oliva di qualit\u00e0 made in Italy. Quattro le sessioni di lavoro, iscrizioni gi\u00e0 aperte. Gli EVOO Days hanno il patrocinio dell\u2019Accademia dei Georgofili e dell\u2019Accademia Nazionale dell\u2019Olivo e dell\u2019Olio. Ai lavori partecipa anche il Consiglio Oleicolo Internazionale con il direttore esecutivo. \u00a0<a href=\"http:\/\/www.sceltedigusto.it\/public\/wp-content\/uploads\/2014\/02\/verona-fiere-2013.jpg\"><img loading=\"lazy\" class=\"size-medium wp-image-6360 alignright\" src=\"http:\/\/www.sceltedigusto.it\/public\/wp-content\/uploads\/2014\/02\/verona-fiere-2013-300x158.jpg\" alt=\"verona-fiere-2013\" width=\"300\" height=\"158\" srcset=\"https:\/\/www.sceltedigusto.it\/public\/wp-content\/uploads\/2014\/02\/verona-fiere-2013-300x158.jpg 300w, https:\/\/www.sceltedigusto.it\/public\/wp-content\/uploads\/2014\/02\/verona-fiere-2013.jpg 472w\" sizes=\"(max-width: 300px) 100vw, 300px\" \/><\/a>Due giorni di lavori, con un fitto programma di seminari che spaziano dalle tecniche di coltivazione, all\u2019analisi del mercato mondiale e all\u2019export, dal packaging al marketing, dalla comunicazione di impresa e di prodotto all\u2019informazione, con relatori di fama internazionale provenienti oltre che dall\u2019Italia, da Spagna, Giappone, Taiwan, Usa e Marocco. Sono gli EVOO (Extra virgin olive Oil) Days, il primo forum per la formazione e il networking della filiera dell\u2019olio extravergine di oliva di qualit\u00e0, ideato da Veronafiere\/Sol&amp;Agrifood.<\/p>\n<p><a href=\"http:\/\/www.sceltedigusto.it\/public\/wp-content\/uploads\/2015\/01\/olio-dop.jpg\"><img loading=\"lazy\" class=\"size-medium wp-image-8806 alignleft\" src=\"http:\/\/www.sceltedigusto.it\/public\/wp-content\/uploads\/2015\/01\/olio-dop-300x168.jpg\" alt=\"olio dop\" width=\"300\" height=\"168\" \/><\/a>La prima edizione \u00e8 in programma luned\u00ec 20 e marted\u00ec 21 febbraio 2017 a Verona durante Sol d\u2019Oro Emisfero Nord, il pi\u00f9 autorevole concorso oleario internazionale.<\/p>\n<p>Gli <strong>EVOO Days<\/strong> nascono dall\u2019esperienza di wine2wine, il forum sul business del vino giunto alla sua terza edizione nel dicembre scorso. L\u2019obiettivo \u00e8 quello di dare agli attori della filiera oleicola uno spazio di aggiornamento e di confronto su tutti gli aspetti che, dal campo alla tavola, servono a costruire un prodotto vincente sui mercati.<\/p>\n<p><a href=\"http:\/\/www.sceltedigusto.it\/public\/wp-content\/uploads\/2012\/03\/olio-sicilia.jpg\"><img loading=\"lazy\" class=\"size-medium wp-image-3121 alignright\" src=\"http:\/\/www.sceltedigusto.it\/public\/wp-content\/uploads\/2012\/03\/olio-sicilia-197x300.jpg\" alt=\"olio-sicilia\" width=\"197\" height=\"300\" \/><\/a>\u00ab<em>Il focus \u00e8 sempre il business, ma come per il vino a wine2wine l\u2019ottica \u00e8 quella di mettere le professionalit\u00e0 in rete per migliorare il risultato finale, con una ricaduta economica positiva per tutti<\/em>\u00bb, dice <strong>Giovanni Mantovani<\/strong>, direttore generale di Veronafiere. \u00ab<em>Questa nuova iniziativa \u2013 prosegue \u2013 \u00e8 stata pensata con l\u2019intento di far crescere e valorizzare il potenziale umano e professionale della filiera oleicola, perch\u00e9 l\u2019olio di qualit\u00e0 \u00e8 frutto della cultura italiana. Un valore che deve essere mantenuto e allo stesso tempo aggiornato per essere leader e sviluppare sempre di pi\u00f9 le opportunit\u00e0 del mercato interno ed estero<\/em>\u00bb.<\/p>\n<p><strong>Quattro le sessioni di lavoro, due per giorno:<\/strong><\/p>\n<p><a href=\"http:\/\/www.sceltedigusto.it\/public\/wp-content\/uploads\/2017\/01\/olio-extravergine-214x300.jpg\"><img loading=\"lazy\" class=\"size-medium wp-image-13887 alignleft\" src=\"http:\/\/www.sceltedigusto.it\/public\/wp-content\/uploads\/2017\/01\/olio-extravergine-214x300-300x221.jpg\" alt=\"olio-extravergine-214x300\" width=\"300\" height=\"221\" srcset=\"https:\/\/www.sceltedigusto.it\/public\/wp-content\/uploads\/2017\/01\/olio-extravergine-214x300-300x221.jpg 300w, https:\/\/www.sceltedigusto.it\/public\/wp-content\/uploads\/2017\/01\/olio-extravergine-214x300-768x566.jpg 768w, https:\/\/www.sceltedigusto.it\/public\/wp-content\/uploads\/2017\/01\/olio-extravergine-214x300-150x111.jpg 150w, https:\/\/www.sceltedigusto.it\/public\/wp-content\/uploads\/2017\/01\/olio-extravergine-214x300-696x513.jpg 696w, https:\/\/www.sceltedigusto.it\/public\/wp-content\/uploads\/2017\/01\/olio-extravergine-214x300-570x420.jpg 570w, https:\/\/www.sceltedigusto.it\/public\/wp-content\/uploads\/2017\/01\/olio-extravergine-214x300-80x60.jpg 80w, https:\/\/www.sceltedigusto.it\/public\/wp-content\/uploads\/2017\/01\/olio-extravergine-214x300.jpg 1013w\" sizes=\"(max-width: 300px) 100vw, 300px\" \/><\/a>\u00d8 luned\u00ec 20 febbraio mattina \u2013 Olio extravergine di oliva, una risorsa economica e di immagine del made in Italy agroalimentare nel mondo. Come produrre di pi\u00f9 senza perdere identit\u00e0. Confronto su tecniche semplici ma poco utilizzate che possono incidere su produttivit\u00e0 e redditivit\u00e0 dell&#8217;oliveto, senza investire in un nuovo impianto;<br \/>\n\u00d8 luned\u00ec 20 febbraio pomeriggio \u2013 La qualit\u00e0 rispetto all\u2019evoluzione della normativa, la qualit\u00e0 organolettica e quella salutistica, cosa influenza la qualit\u00e0 dell\u2019olio extravergine di oliva nei processi di produzione. Dal frantoio in poi, come, quanto e dove intervenire per ottenere la qualit\u00e0 desiderata;<br \/>\n<a href=\"http:\/\/www.sceltedigusto.it\/public\/wp-content\/uploads\/2016\/02\/olio-cucchiaio.jpeg\"><img loading=\"lazy\" class=\" wp-image-11465 alignright\" src=\"http:\/\/www.sceltedigusto.it\/public\/wp-content\/uploads\/2016\/02\/olio-cucchiaio.jpeg\" alt=\"olio-cucchiaio\" width=\"163\" height=\"221\" \/><\/a>\u00d8 marted\u00ec 21 febbraio mattina \u2013 Analisi e prospettive del consumo di olio extravergine di oliva nel mondo, cosa si aspettano i mercati di riferimento (Usa e Asia) dal prodotto italiano, l&#8217;internazionalizzazione attraverso la partecipazione a fiere e concorsi;<br \/>\n<a href=\"http:\/\/www.sceltedigusto.it\/public\/wp-content\/uploads\/2014\/02\/OLIO-EXTRAVERGINE-DOLIVA.jpg\"><img loading=\"lazy\" class=\"size-medium wp-image-6431 alignleft\" src=\"http:\/\/www.sceltedigusto.it\/public\/wp-content\/uploads\/2014\/02\/OLIO-EXTRAVERGINE-DOLIVA-300x199.jpg\" alt=\"OLIO-EXTRAVERGINE-DOLIVA\" width=\"300\" height=\"199\" \/><\/a>\u00d8 marted\u00ec 21 febbraio pomeriggio \u2013 Non basta produrre qualit\u00e0 e neanche saper vendere, il valore aggiunto si nasconde nei dettagli: da come si costruisce un&#8217;etichetta dell&#8217;olio al sito internet delle aziende olivicole, gli strumenti disponibili spendendo molto poco, ma senza improvvisare.<\/p>\n<p>A conclusione dei lavori del primo giorno, verranno proclamati gli oli vincitori del Sol d\u2019Oro Emisfero Nord. Durante il secondo giorno, previa registrazione, sar\u00e0 possibile la degustazione guidata egli oli vincitori.<\/p>\n<p>Gli EVOO Days hanno il patrocinio dell\u2019Accademia dei Georgofili e dell\u2019Accademia Nazionale dell\u2019Olivo e dell\u2019Olio. Ai lavori partecipa anche il Consiglio Oleicolo Internazionale con il direttore esecutivo.<\/p>\n","protected":false},"excerpt":{"rendered":"<p>Al via in occasione di Sol d\u2019Oro Emisfero Nord la nuova iniziativa di Veronafiere pensata per dare strumenti di conoscenza che facciano crescere la filiera oleicola e l\u2019export di olio extravergine di oliva di qualit\u00e0 made in Italy. Quattro le sessioni di lavoro, iscrizioni gi\u00e0 aperte. Gli EVOO Days hanno il patrocinio dell\u2019Accademia dei Georgofili [&hellip;]<\/p>\n","protected":false},"author":18,"featured_media":6431,"comment_status":"open","ping_status":"open","sticky":false,"template":"","format":"standard","meta":[],"categories":[29,5435],"tags":[8797,4662,7018,2529,4700],"jetpack_featured_media_url":"https:\/\/www.sceltedigusto.it\/public\/wp-content\/uploads\/2014\/02\/OLIO-EXTRAVERGINE-DOLIVA.jpg","_links":{"self":[{"href":"https:\/\/www.sceltedigusto.it\/public\/wp-json\/wp\/v2\/posts\/13886"}],"collection":[{"href":"https:\/\/www.sceltedigusto.it\/public\/wp-json\/wp\/v2\/posts"}],"about":[{"href":"https:\/\/www.sceltedigusto.it\/public\/wp-json\/wp\/v2\/types\/post"}],"author":[{"embeddable":true,"href":"https:\/\/www.sceltedigusto.it\/public\/wp-json\/wp\/v2\/users\/18"}],"replies":[{"embeddable":true,"href":"https:\/\/www.sceltedigusto.it\/public\/wp-json\/wp\/v2\/comments?post=13886"}],"version-history":[{"count":3,"href":"https:\/\/www.sceltedigusto.it\/public\/wp-json\/wp\/v2\/posts\/13886\/revisions"}],"predecessor-version":[{"id":13890,"href":"https:\/\/www.sceltedigusto.it\/public\/wp-json\/wp\/v2\/posts\/13886\/revisions\/13890"}],"wp:featuredmedia":[{"embeddable":true,"href":"https:\/\/www.sceltedigusto.it\/public\/wp-json\/wp\/v2\/media\/6431"}],"wp:attachment":[{"href":"https:\/\/www.sceltedigusto.it\/public\/wp-json\/wp\/v2\/media?parent=13886"}],"wp:term":[{"taxonomy":"category","embeddable":true,"href":"https:\/\/www.sceltedigusto.it\/public\/wp-json\/wp\/v2\/categories?post=13886"},{"taxonomy":"post_tag","embeddable":true,"href":"https:\/\/www.sceltedigusto.it\/public\/wp-json\/wp\/v2\/tags?post=13886"}],"curies":[{"name":"wp","href":"https:\/\/api.w.org\/{rel}","templated":true}]}}