{"id":13823,"date":"2017-01-17T11:11:22","date_gmt":"2017-01-17T10:11:22","guid":{"rendered":"http:\/\/www.sceltedigusto.it\/public\/?p=13823"},"modified":"2017-01-17T13:08:01","modified_gmt":"2017-01-17T12:08:01","slug":"ariston-en-un-locale-bello-ma-da-ripensare","status":"publish","type":"post","link":"https:\/\/www.sceltedigusto.it\/public\/ariston-en-un-locale-bello-ma-da-ripensare\/","title":{"rendered":"Ariston ( En): un locale bello, ma da ripensare"},"content":{"rendered":"<p><a href=\"http:\/\/www.sceltedigusto.it\/public\/wp-content\/uploads\/2017\/01\/ariston4.jpg\"><img loading=\"lazy\" class=\"wp-image-13829 alignleft\" src=\"http:\/\/www.sceltedigusto.it\/public\/wp-content\/uploads\/2017\/01\/ariston4-300x180.jpg\" alt=\"ariston4\" width=\"353\" height=\"212\" srcset=\"https:\/\/www.sceltedigusto.it\/public\/wp-content\/uploads\/2017\/01\/ariston4-300x180.jpg 300w, https:\/\/www.sceltedigusto.it\/public\/wp-content\/uploads\/2017\/01\/ariston4.jpg 960w\" sizes=\"(max-width: 353px) 100vw, 353px\" \/><\/a>Di questo posto a me personalmente ci\u00f2 che piace di pi\u00f9 \u00e8 il <em>dehor,<\/em> in totale disarmo all&#8217;epoca della mia visita data la stagione, \u00a0incastonato in una delle pi\u00f9 belle piazze di <strong>Enna &#8211; Piazza Colajanni &#8211;\u00a0<\/strong>\u00a0e appena una manciata di gradini sotto il livello della strada. Una posizione dalla quale, alzando appena lo sguardo, si gode della vista di una maestosa chiesa e del suo campanile, la splendida Chiesa di santa Chiara, che campeggiano nella piazza. Enna, peraltro, \u00e8 ricca di scorci di tale suggestione forse non sempre adeguatamente valorizzati a causa di frequenti distrazioni amministrative.<\/p>\n<p><strong>Ariston<\/strong> \u00e8 il classico locale da cerimonie, comunioni ed eventi vari.<br \/>\n<a href=\"http:\/\/www.sceltedigusto.it\/public\/wp-content\/uploads\/2017\/01\/ariston2.jpg\"><img loading=\"lazy\" class=\"size-medium wp-image-13827 alignright\" src=\"http:\/\/www.sceltedigusto.it\/public\/wp-content\/uploads\/2017\/01\/ariston2-300x180.jpg\" alt=\"ariston2\" width=\"300\" height=\"180\" srcset=\"https:\/\/www.sceltedigusto.it\/public\/wp-content\/uploads\/2017\/01\/ariston2-300x180.jpg 300w, https:\/\/www.sceltedigusto.it\/public\/wp-content\/uploads\/2017\/01\/ariston2.jpg 960w\" sizes=\"(max-width: 300px) 100vw, 300px\" \/><\/a>Un allestimento che sicuramente non ha badato a spese ma che risulta abbastanza simile a moltissimi altri, omologati ad un certo tipo di gusto. Bench\u00e8 tutto sia curato nei dettagli, mancano quel &#8220;respiro&#8221; e quella nota di carattere che gli conferiscano personalit\u00e0. Lo stile \u00e8 contemporaneo, giocato anche abbastanza gradevolmente sui toni del bianco e del grigio che per\u00f2 &#8211; inaspettatamente &#8211; virano bruscamente verso il colore oro e verso un inspiegabile &#8220;tempietto&#8221;. Un azzardo che personalmente avrei evitato. Una bella illuminazione mediante lampade a sospensione risulta forse troppo &#8220;luminosa&#8221;, ma accettabile ed in ogni caso abbastanza di tendenza. <a href=\"http:\/\/www.sceltedigusto.it\/public\/wp-content\/uploads\/2017\/01\/ariston3.jpg\"><img loading=\"lazy\" class=\"size-medium wp-image-13828 alignleft\" src=\"http:\/\/www.sceltedigusto.it\/public\/wp-content\/uploads\/2017\/01\/ariston3-300x180.jpg\" alt=\"ariston3\" width=\"300\" height=\"180\" srcset=\"https:\/\/www.sceltedigusto.it\/public\/wp-content\/uploads\/2017\/01\/ariston3-300x180.jpg 300w, https:\/\/www.sceltedigusto.it\/public\/wp-content\/uploads\/2017\/01\/ariston3.jpg 960w\" sizes=\"(max-width: 300px) 100vw, 300px\" \/><\/a>Comode le poltroncine in pelle ecologica e sufficientemente curata la<em> mise en place<\/em>. La clientela media non esisterebbe a definire questo locale &#8220;bello&#8221;. \u00a0Bello \u00e8, e soprattutto oltre le pesanti tende, si gode di un panorana mozzafiato sulla citt\u00e0 di Enna. Ma allora cosa non funziona in questo locale? Molto di tutto il resto, iniziando dal men\u00f9.<\/p>\n<p>Il men\u00f9 \u00e8 di quelli che io definisco &#8220;da meditazione&#8221;: infatti ci si pu\u00f2 impiegare anche mezz&#8217;ora a scorrerlo tutto, dedicandosi quindi alla lettura. Troppo lungo. In quel men\u00f9 c&#8217;\u00e8 troppo di tutto, e risponde molto chiaramente ad una esigenza turistica che penalizza il locale e l&#8217;impegno economico che la propriet\u00e0 deve necessariamente aver sostenuto. <strong>Il problema \u00e8 sempre nella scelta: essere trattoria turistica o ristorante glamour<\/strong>. In questo limbo sovente si perdono e naufragano le migliori intenzioni di molti ristoratori. Ariston a mio avviso \u00e8 uno di questi casi. <a href=\"http:\/\/www.sceltedigusto.it\/public\/wp-content\/uploads\/2017\/01\/ariston5.jpg\"><img loading=\"lazy\" class=\"size-medium wp-image-13830 alignright\" src=\"http:\/\/www.sceltedigusto.it\/public\/wp-content\/uploads\/2017\/01\/ariston5-300x180.jpg\" alt=\"ariston5\" width=\"300\" height=\"180\" srcset=\"https:\/\/www.sceltedigusto.it\/public\/wp-content\/uploads\/2017\/01\/ariston5-300x180.jpg 300w, https:\/\/www.sceltedigusto.it\/public\/wp-content\/uploads\/2017\/01\/ariston5.jpg 960w\" sizes=\"(max-width: 300px) 100vw, 300px\" \/><\/a>Noi siamo in due, ma il mio compagno di viaggio non ha appetito. In una congerie di decine di antipasti opto per una scelta assai impersonale ma sicura, o almeno cos\u00ec pensavo, scegliendo un<strong> tris di affumicati,<\/strong> canonicamente composto da salmone, tonno, pesce spada. Il tris, piuttosto scarno, mi viene servito letteralmente inondato di succo di limone. Questo non \u00e8 accettabile neanche nella peggior trattoria del peggior sobborgo. Il limone deve certamente essere fornito al cliente, insieme all&#8217;olio, \u00a0ma il piatto va presentato in purezza. Sar\u00e0 una scelta del cliente se aggiungere limone e, soprattutto, quanto aggiungerne. L&#8217;eccessiva asperit\u00e0 di ci\u00f2 che allagava il mio tris non \u00e8 tuttavia bastata a celare la scarsa qualit\u00e0 del prodotto. E&#8217; ovvio che i tris di affumicati quasi ovunque vengono fuori da buste sottovuoto, ma \u00e8 vero che ci sono buste e buste.<br \/>\n<a href=\"http:\/\/www.sceltedigusto.it\/public\/wp-content\/uploads\/2017\/01\/ariston61.jpg\"><img loading=\"lazy\" class=\"size-medium wp-image-13835 alignleft\" src=\"http:\/\/www.sceltedigusto.it\/public\/wp-content\/uploads\/2017\/01\/ariston61-300x207.jpg\" alt=\"ariston6\" width=\"300\" height=\"207\" \/><\/a>Questa era di basso costo, e si percepiva alla perfezione. Passando al primo piatto riesco a coinvolgere anche il mio commensale: entrambi ordiniamo degli <strong>gnocchi di patate al gorgonzola.<\/strong> Ancora un piatto banale, retr\u00f2, che per\u00f2 \u00e8 molto difficile che non sia bene eseguito. Quello che ci viene presentato \u00e8 un piatto blando, pi\u00f9 somigliante ad un &#8220;quattro formaggi&#8221; che non ad un gorgonzola: di erborinatura infatti non v&#8217;era traccia, il che &#8220;confessa&#8221; anche a palati inesperti un uso di gorgonzola di bassa qualit\u00e0. Uno &#8220;<em><strong>zola<\/strong><\/em>&#8221; quanto \u00a0pi\u00f9 \u00e8 erborinato, tanto pi\u00f9 elevata sar\u00e0 la sua qualit\u00e0. Lo gnocco in s\u00e8 e per s\u00e8 si disfaceva in bocca creando una sensazione sgradevole di impastoiamento. E&#8217; superfluo dire che si trattava di prodotto industriale di sottomarca. Ovviamente un uso esagerato di panna ha smorzato anche quel minimo sentore di gorgonzola. \u00a0Laconico ed essenzialmente triste il commento del mio commensale :<em> &#8221; Bene, mi sento in mensa, in ospedale<\/em>&#8220;. <a href=\"http:\/\/www.sceltedigusto.it\/public\/wp-content\/uploads\/2017\/01\/ariston.jpg\"><img loading=\"lazy\" class=\"size-medium wp-image-13825 alignright\" src=\"http:\/\/www.sceltedigusto.it\/public\/wp-content\/uploads\/2017\/01\/ariston-300x180.jpg\" alt=\"ariston\" width=\"300\" height=\"180\" srcset=\"https:\/\/www.sceltedigusto.it\/public\/wp-content\/uploads\/2017\/01\/ariston-300x180.jpg 300w, https:\/\/www.sceltedigusto.it\/public\/wp-content\/uploads\/2017\/01\/ariston.jpg 960w\" sizes=\"(max-width: 300px) 100vw, 300px\" \/><\/a>Il perch\u00e8 \u00e8 presto spiegato: con tanta cura posta nell&#8217;arredo del locale, come mai a nessuno \u00e8 venuto in mente che si mangia prima con gli occhi e poi con la bocca? \u00a0Un piatto di gnocchi bianchi come il latte non puoi servirli in un piatto di portata bianco senza creare un sicuro effetto &#8220;corsia&#8221;. Intanto la quantit\u00e0 va ridotta, e poi il piatto di portata deve essere scuro. Nero, idealmente, o di un bel tono di grigio che tanto bene avrebbe sposato il tema cromatico della sala. La scelta del <em>ton sur ton<\/em>, pietanza bianca su piatto bianco, \u00e8 micidiale, antiestetica, sciatta. Una buona met\u00e0 delle due porzioni rimane nel piatto, ormai inesorabilmente fredda ed inestricabile. Ma il peggio purtroppo doveva ancora venire.<br \/>\n<a href=\"http:\/\/www.sceltedigusto.it\/public\/wp-content\/uploads\/2017\/01\/ariston71.jpg\"><img loading=\"lazy\" class=\"wp-image-13836 alignleft\" src=\"http:\/\/www.sceltedigusto.it\/public\/wp-content\/uploads\/2017\/01\/ariston71-300x180.jpg\" alt=\"ariston7\" width=\"342\" height=\"205\" srcset=\"https:\/\/www.sceltedigusto.it\/public\/wp-content\/uploads\/2017\/01\/ariston71-300x180.jpg 300w, https:\/\/www.sceltedigusto.it\/public\/wp-content\/uploads\/2017\/01\/ariston71.jpg 960w\" sizes=\"(max-width: 342px) 100vw, 342px\" \/><\/a>Ordino delle<strong> scaloppine di vitello al vino bianco<\/strong>. Il mio commensale mi guarda impietosito ma non cede alla mia esortazione a consumare qualcos&#8217;altro. In retrospettiva non lo biasimo. Arrivano le scaloppine, precedute da un odore pungente, fastidioso. Non appena il piatto mi viene adagiato sotto il naso giro la testa verso il mio commensale il quale prende il piatto e lo porta al naso. Quella carne non aveva un buon odore. La assaggio comunque, dato che a volte il naso fa brutti scherzi. Niente da fare. Il taglio \u00e8 sbagliato e da uno spessore eccessivo. Inoltre, al netto dell&#8217;olezzo, non sa di nulla: sicuramente non di vino bianco, ma un retrogusto acre mi fa pensare che siano al limone. Il vuoto gastronomico era riassunto in quel piatto di brutta carne. Cos\u00ec chiamo il cameriere e, con estremo garbo, gli dico che avevo chiesto scaloppine di vitello al vino bianco e non \u00a0al limone. Il cameriere insorge e tenta una strenua difesa del piatto. Ma si scontra con il mio sguardo pi\u00f9 che eloquente, e lo porta via. Lo riporta ancora piccato per la mia osservazione ed insiste : \u00a0\u00e8 vino bianco. Insisto a mia volta. Ne nasce una querelle tutto sommato inutile. <a href=\"http:\/\/www.sceltedigusto.it\/public\/wp-content\/uploads\/2017\/01\/ariston1.jpg\"><img loading=\"lazy\" class=\"wp-image-13826 alignright\" src=\"http:\/\/www.sceltedigusto.it\/public\/wp-content\/uploads\/2017\/01\/ariston1-300x180.jpg\" alt=\"ariston1\" width=\"353\" height=\"212\" srcset=\"https:\/\/www.sceltedigusto.it\/public\/wp-content\/uploads\/2017\/01\/ariston1-300x180.jpg 300w, https:\/\/www.sceltedigusto.it\/public\/wp-content\/uploads\/2017\/01\/ariston1.jpg 960w\" sizes=\"(max-width: 353px) 100vw, 353px\" \/><\/a>Il mio commensale sta per perdere la pazienza e colgo il suo fastidio con la coda dell&#8217;occhio. Cos\u00ec escono le fatidiche parole sulle quali scende un imbarazzante silenzio: &#8221; <em>Questa carne non \u00e8 particolarmente fresca<\/em>&#8220;. Va detto che anche questo piatto \u00e8 stato servito con una noncurante sciatteria non degna del locale: ancora una volta bianco su bianco. Pezzi di carne sbattuti svogliatamente su un piatto. Non va bene. \u00a0Il conto per un antipasto, due piatti di gnocchi ed una scaloppina, pi\u00f9 acqua e caff\u00e8: 110 euro. \u00a0Centodieci euro? Richiamiamo il cameriere ancora vagamente alterato. Insomma, nel conto c&#8217;era stato un errore ( e che errore&#8230;) dato che la cifra da pagare era in effetti 40.00 euro. Che, comunque, \u00e8 un&#8217;enormit\u00e0 rispetto a quello che ci \u00e8 stato servito. Non ci \u00e8 stato chiaro se anche le scaloppine, rimandate indietro praticamente intere, siano state addebitate o meno. Ma \u00e8 solo un dettaglio.<\/p>\n<p>Dispiace sempre molto penalizzare un locale in cui gente lavora ed ha riposto aspettative. Ma l&#8217;intento \u00e8 anche quello di fornire delle chiavi di lettura, dei modi interpretativi che migliorino l&#8217;immagine generale e che diano, nel breve termine, le giuste soddisfazioni, garantendo il ritorno della clientela e con essa quindi una continuit\u00e0 lavorativa. Delle volte basta veramente poco, pochi accorgimenti. Nel men\u00f9 di un locale che vuole distinguersi non possono esistere pi\u00f9 di cinque scelte per ogni portata. Se si vuole fare cucina espressa e soddisfare il cliente, i men\u00f9 delle dimensioni di una rivista vanno buttati e dimenticati. \u00a0Si vuole far viaggiare la pizzeria insieme al ristorante? Io sono assolutamente contraria, ma se proprio deve essere, che anche il men\u00f9 pizza sia breve, esclusivo, selettivo. Non \u00e8 accettabile che, in quel contesto che parla di stile e design, si vedano passare<strong> pizze con patate fritte e ketchup<\/strong> o piatti di<strong> tortellini con panna e prosciutto<\/strong>. <strong>Per fare questo tipo di cucina non serve avere quel locale<\/strong>, in pochissime parole. <a href=\"http:\/\/www.sceltedigusto.it\/public\/wp-content\/uploads\/2017\/01\/Gnocchi-zucca-e-patate.jpg\"><img loading=\"lazy\" class=\"size-medium wp-image-13834 alignleft\" src=\"http:\/\/www.sceltedigusto.it\/public\/wp-content\/uploads\/2017\/01\/Gnocchi-zucca-e-patate-300x199.jpg\" alt=\"Gnocchi-zucca-e-patate\" width=\"300\" height=\"199\" srcset=\"https:\/\/www.sceltedigusto.it\/public\/wp-content\/uploads\/2017\/01\/Gnocchi-zucca-e-patate-300x199.jpg 300w, https:\/\/www.sceltedigusto.it\/public\/wp-content\/uploads\/2017\/01\/Gnocchi-zucca-e-patate-100x65.jpg 100w, https:\/\/www.sceltedigusto.it\/public\/wp-content\/uploads\/2017\/01\/Gnocchi-zucca-e-patate.jpg 500w\" sizes=\"(max-width: 300px) 100vw, 300px\" \/><\/a>\u00a0Ma poi perch\u00e8 tanta cucina di mare ad Enna? Con un prodotto locale fiore all&#8217;occhiello e tipicamente montanaro, perch\u00e8 il pesce? \u00a0Avete mai visto Fondue Bourguignonne o Valdostane \u00a0servite in riva al mare? Ed allora perch\u00e8 il pesce dovrebbe essere servito in montagna? La tipicit\u00e0, la filiera corta, la specificit\u00e0: sono quelle le carte da giocare quando si vuole fare ristorazione seria. Ma, in cima a tutto, la qualit\u00e0 della materia prima. Che costa di pi\u00f9, ma che restituisce dieci volte tanto, sempre e comunque. Si pu\u00f2 fare cucina rustica, ruspante, per appetiti robusti, ma farla con materia prima eccellente. E poi da ogni men\u00f9 di ogni ristorante che voglia fare tendenza insieme a dell&#8217;ottima cucina, devono sparire i piatti banali da self service o da mensa ospedaliera. Ripensare un piatto di gnocchi, eliminando il lombardo gorgonzola ormai datato e sostituirlo con una crema di zucca \u00a0e burrata o ricotta? Quello, in quel contesto, \u00e8 un piatto di gnocchi vincente, di filiera, di buona struttura, di bella cromatizzazione. E poi p<a href=\"http:\/\/www.sceltedigusto.it\/public\/wp-content\/uploads\/2017\/01\/rag\u00f9-bianco.jpg\"><img loading=\"lazy\" class=\" wp-image-13833 alignright\" src=\"http:\/\/www.sceltedigusto.it\/public\/wp-content\/uploads\/2017\/01\/rag\u00f9-bianco-300x145.jpg\" alt=\"rag\u00f9 bianco\" width=\"348\" height=\"168\" srcset=\"https:\/\/www.sceltedigusto.it\/public\/wp-content\/uploads\/2017\/01\/rag\u00f9-bianco-300x145.jpg 300w, https:\/\/www.sceltedigusto.it\/public\/wp-content\/uploads\/2017\/01\/rag\u00f9-bianco.jpg 710w\" sizes=\"(max-width: 348px) 100vw, 348px\" \/><\/a>asta fresca, lavorata in loco, con uova certificate, condita anche con un semplice ragout bianco del miglior suino sulla piazza. \u00a0In conclusione: Ariston \u00e8 un ristorante con un grande potenziale dagli allestimenti contemporaei e gradevoli, adatto a gruppi, a famiglie, a piccoli eventi, ma anche a coppie per cene romantiche ed anniversari. Inserito in un contesto urbano storico, suggestivo e con grande facilit\u00e0 di parcheggio, Ariston deve ripensare alla propria identit\u00e0 &#8211; magari affidandosi ad un management esterno &#8211; \u00a0rielaborando la propria offerta gastronomica e limando i prezzi, perch\u00e8 pu\u00f2 capitare che una bella cornice distragga dalla qualit\u00e0 del dipinto che racchiude. Ma capita a volte, non con tutti e, soprattutto, non per sempre.<\/p>\n<p><strong>Alessandra Verzera<\/strong><\/p>\n<p>&nbsp;<\/p>\n<p><strong>Scheda:<\/strong><\/p>\n<p dir=\"ltr\">Coperti: <strong>&lt;\u00a0100\u00a0(in) \u2013 50 (out )<\/strong><\/p>\n<p>Range: <strong>Medio\u00a0<\/strong><\/p>\n<p>&nbsp;<\/p>\n<p>Categoria: <strong>Ristorante Pizzeria<\/strong><\/p>\n<p><strong>Ranking (*)<\/strong><\/p>\n<p dir=\"ltr\">Location:<strong>\u00a04<\/strong><\/p>\n<p>Cibo:<strong> 2<\/strong><\/p>\n<p>Carta Vini: <b>3<\/b><\/p>\n<p>Presentazione: <b>2<\/b><\/p>\n<p>Servizio: <b>3<\/b><\/p>\n<p>Mise en place: <b>3.5<\/b><\/p>\n<p>Atmosfera: <b>3.5<\/b><\/p>\n<p>Allestimenti: <b>4<\/b><\/p>\n<p><strong>(*) Legenda<\/strong> :<\/p>\n<p dir=\"ltr\">1 =\u00a0pessimo\u2028 \u00a0\u00a0\u00a0\u00a0\u00a0\u00a0\u00a0\u00a0 2 = scadente\u2028 \u00a0\u00a0\u00a0\u00a0\u00a0\u00a0\u00a0\u00a0 3 = sufficiente\u2028 \u00a0 \u00a0 \u00a0 \u00a0 4 = ottimo\u2028 \u00a0\u00a0\u00a0\u00a0\u00a0\u00a0\u00a0\u00a0\u00a0\u00a0 5 = eccellente.<\/p>\n","protected":false},"excerpt":{"rendered":"<p>Di questo posto a me personalmente ci\u00f2 che piace di pi\u00f9 \u00e8 il dehor, in totale disarmo all&#8217;epoca della mia visita data la stagione, \u00a0incastonato in una delle pi\u00f9 belle piazze di Enna &#8211; Piazza Colajanni &#8211;\u00a0\u00a0e appena una manciata di gradini sotto il livello della strada. Una posizione dalla quale, alzando appena lo sguardo, [&hellip;]<\/p>\n","protected":false},"author":18,"featured_media":13835,"comment_status":"open","ping_status":"open","sticky":false,"template":"","format":"standard","meta":[],"categories":[5435,6,13],"tags":[],"jetpack_featured_media_url":"https:\/\/www.sceltedigusto.it\/public\/wp-content\/uploads\/2017\/01\/ariston61.jpg","_links":{"self":[{"href":"https:\/\/www.sceltedigusto.it\/public\/wp-json\/wp\/v2\/posts\/13823"}],"collection":[{"href":"https:\/\/www.sceltedigusto.it\/public\/wp-json\/wp\/v2\/posts"}],"about":[{"href":"https:\/\/www.sceltedigusto.it\/public\/wp-json\/wp\/v2\/types\/post"}],"author":[{"embeddable":true,"href":"https:\/\/www.sceltedigusto.it\/public\/wp-json\/wp\/v2\/users\/18"}],"replies":[{"embeddable":true,"href":"https:\/\/www.sceltedigusto.it\/public\/wp-json\/wp\/v2\/comments?post=13823"}],"version-history":[{"count":4,"href":"https:\/\/www.sceltedigusto.it\/public\/wp-json\/wp\/v2\/posts\/13823\/revisions"}],"predecessor-version":[{"id":13840,"href":"https:\/\/www.sceltedigusto.it\/public\/wp-json\/wp\/v2\/posts\/13823\/revisions\/13840"}],"wp:featuredmedia":[{"embeddable":true,"href":"https:\/\/www.sceltedigusto.it\/public\/wp-json\/wp\/v2\/media\/13835"}],"wp:attachment":[{"href":"https:\/\/www.sceltedigusto.it\/public\/wp-json\/wp\/v2\/media?parent=13823"}],"wp:term":[{"taxonomy":"category","embeddable":true,"href":"https:\/\/www.sceltedigusto.it\/public\/wp-json\/wp\/v2\/categories?post=13823"},{"taxonomy":"post_tag","embeddable":true,"href":"https:\/\/www.sceltedigusto.it\/public\/wp-json\/wp\/v2\/tags?post=13823"}],"curies":[{"name":"wp","href":"https:\/\/api.w.org\/{rel}","templated":true}]}}