{"id":13820,"date":"2017-01-14T09:28:00","date_gmt":"2017-01-14T08:28:00","guid":{"rendered":"http:\/\/www.sceltedigusto.it\/public\/?p=13820"},"modified":"2017-01-14T09:28:00","modified_gmt":"2017-01-14T08:28:00","slug":"furti-nei-campi-cia-denunciate","status":"publish","type":"post","link":"https:\/\/www.sceltedigusto.it\/public\/furti-nei-campi-cia-denunciate\/","title":{"rendered":"Furti nei campi. CIA: &#8221; Denunciate&#8221;"},"content":{"rendered":"<p><a href=\"http:\/\/www.sceltedigusto.it\/public\/wp-content\/uploads\/2012\/06\/campagna2.jpg\"><img loading=\"lazy\" class=\"size-medium wp-image-3617 alignleft\" src=\"http:\/\/www.sceltedigusto.it\/public\/wp-content\/uploads\/2012\/06\/campagna2-300x199.jpg\" alt=\"campagna2\" width=\"300\" height=\"199\" srcset=\"https:\/\/www.sceltedigusto.it\/public\/wp-content\/uploads\/2012\/06\/campagna2-300x199.jpg 300w, https:\/\/www.sceltedigusto.it\/public\/wp-content\/uploads\/2012\/06\/campagna2.jpg 512w\" sizes=\"(max-width: 300px) 100vw, 300px\" \/><\/a>\u201c<em>Confidiamo molto nel buon esito della riunione di ieri in Prefettura a Catania affinch\u00e9 si inneschi un processo virtuoso fra produttori e Forze dell\u2019Ordine: \u00e8 necessario raggiungere, nel pi\u00f9 breve tempo possibile, un livello accettabile di sicurezza nelle campagne della Piana di Catania, dove, ad oggi, decine e decine di aziende agricole sono bersaglio di organizzazioni criminali che creano un clima di terrore intollerabile e danni economici insopportabili<\/em>\u201d. Lo dichiara il presidente provinciale della Cia di Catania, <strong>Giuseppe Di Silvestro<\/strong>, a margine dell\u2019incontro di ieri in Prefettura, presieduto dal vice prefetto <strong>Domenico Fichera<\/strong>, fortemente sollecitato dalla <strong>Confederazione degli Agricoltori Italiani.<\/strong><\/p>\n<p><a href=\"http:\/\/www.sceltedigusto.it\/public\/wp-content\/uploads\/2017\/01\/pomodori.jpg\"><img loading=\"lazy\" class=\"size-medium wp-image-13821 alignright\" src=\"http:\/\/www.sceltedigusto.it\/public\/wp-content\/uploads\/2017\/01\/pomodori-300x199.jpg\" alt=\"pomodori\" width=\"300\" height=\"199\" \/><\/a>Al tavolo prefettizio erano presenti i componenti del Comitato per la Sicurezza, comandanti di Carabinieri, Guardia di Finanza, Corpo Forestale, Repressioni frodi, rappresentanti Asp e di altre organizzazioni di categoria, tra gli altri, Lega delle cooperative, Codacons, Confcooperative, Distretto degli Agrumi, Coldiretti, Confagricoltura e il vice presidente CIA Catania Giosu\u00e8 Catania.<br \/>\nAll\u2019appello lanciato dalla CIA di Catania oltre un mese fa sull&#8217;\u2019inefficacia del protocollo di legalit\u00e0 siglato lo scorso febbraio, i rappresentanti del Governo a Catania hanno ribadito come non possano essere garantite azioni di prevenzione \u2018ad hoc\u2019 se mancano le denunce. <a href=\"http:\/\/www.sceltedigusto.it\/public\/wp-content\/uploads\/2014\/01\/campi.jpg\"><img loading=\"lazy\" class=\"size-medium wp-image-6002 alignleft\" src=\"http:\/\/www.sceltedigusto.it\/public\/wp-content\/uploads\/2014\/01\/campi-300x225.jpg\" alt=\"campi\" width=\"300\" height=\"225\" srcset=\"https:\/\/www.sceltedigusto.it\/public\/wp-content\/uploads\/2014\/01\/campi-300x225.jpg 300w, https:\/\/www.sceltedigusto.it\/public\/wp-content\/uploads\/2014\/01\/campi-150x113.jpg 150w, https:\/\/www.sceltedigusto.it\/public\/wp-content\/uploads\/2014\/01\/campi-559x420.jpg 559w, https:\/\/www.sceltedigusto.it\/public\/wp-content\/uploads\/2014\/01\/campi-80x60.jpg 80w, https:\/\/www.sceltedigusto.it\/public\/wp-content\/uploads\/2014\/01\/campi-265x198.jpg 265w, https:\/\/www.sceltedigusto.it\/public\/wp-content\/uploads\/2014\/01\/campi.jpg 614w\" sizes=\"(max-width: 300px) 100vw, 300px\" \/><\/a>\u201c<em>E\u2019 vero<\/em> \u2013 ha ammesso Di Silvestro \u2013<em>ma i produttori si sentono abbandonati ed hanno paura, ecco perch\u00e9 serve una presa di coscienza della societ\u00e0 civile a pi\u00f9 livelli: lo Stato faccia la sua parte, noi rinnoviamo l\u2019appello a tutti gli agricoltori a non temere ritorsioni che provengano dalle organizzazioni criminali che esercitano il loro potere di controllo sul territorio, con reati predatori e di natura intimidatoria<\/em>\u201d.\u201d <em>Il danno non \u00e8 quantificabile<\/em> \u2013 hanno proseguito di <strong>Silvestro e Catania<\/strong> \u2013<em>e va ad aggiungersi a quelli derivanti dalla gravissima crisi che ancora imperversa sul piano della concorrenza con i mercati esteri, dalle inefficaci misure di prevenzione sulle fitopatie che mettono a repentaglio la maggior parte dei raccolti di agrumi, e non ultimi, i danni derivanti dalle gelate di questi giorni che hanno distrutto la maggior parte del prodotto<\/em>\u201d.<\/p>\n<p>&nbsp;<\/p>\n<p>Credits:<\/p>\n<p>La foto di copertina \u00e8 di <strong>Massimo Sestini\u00a0<\/strong><\/p>\n<p><a href=\"http:\/\/www.themammothreflex.com\/around\/2016\/05\/30\/massimo-sestini-fotografie\/attachment\/massimo-sestini-raccolta-di-pomodori-puglia-2015\/\">http:\/\/www.themammothreflex.com\/around\/2016\/05\/30\/massimo-sestini-fotografie\/attachment\/massimo-sestini-raccolta-di-pomodori-puglia-2015\/<\/a><\/p>\n","protected":false},"excerpt":{"rendered":"<p>\u201cConfidiamo molto nel buon esito della riunione di ieri in Prefettura a Catania affinch\u00e9 si inneschi un processo virtuoso fra produttori e Forze dell\u2019Ordine: \u00e8 necessario raggiungere, nel pi\u00f9 breve tempo possibile, un livello accettabile di sicurezza nelle campagne della Piana di Catania, dove, ad oggi, decine e decine di aziende agricole sono bersaglio di [&hellip;]<\/p>\n","protected":false},"author":18,"featured_media":13821,"comment_status":"open","ping_status":"open","sticky":false,"template":"","format":"standard","meta":[],"categories":[4,5435],"tags":[],"jetpack_featured_media_url":"https:\/\/www.sceltedigusto.it\/public\/wp-content\/uploads\/2017\/01\/pomodori.jpg","_links":{"self":[{"href":"https:\/\/www.sceltedigusto.it\/public\/wp-json\/wp\/v2\/posts\/13820"}],"collection":[{"href":"https:\/\/www.sceltedigusto.it\/public\/wp-json\/wp\/v2\/posts"}],"about":[{"href":"https:\/\/www.sceltedigusto.it\/public\/wp-json\/wp\/v2\/types\/post"}],"author":[{"embeddable":true,"href":"https:\/\/www.sceltedigusto.it\/public\/wp-json\/wp\/v2\/users\/18"}],"replies":[{"embeddable":true,"href":"https:\/\/www.sceltedigusto.it\/public\/wp-json\/wp\/v2\/comments?post=13820"}],"version-history":[{"count":1,"href":"https:\/\/www.sceltedigusto.it\/public\/wp-json\/wp\/v2\/posts\/13820\/revisions"}],"predecessor-version":[{"id":13822,"href":"https:\/\/www.sceltedigusto.it\/public\/wp-json\/wp\/v2\/posts\/13820\/revisions\/13822"}],"wp:featuredmedia":[{"embeddable":true,"href":"https:\/\/www.sceltedigusto.it\/public\/wp-json\/wp\/v2\/media\/13821"}],"wp:attachment":[{"href":"https:\/\/www.sceltedigusto.it\/public\/wp-json\/wp\/v2\/media?parent=13820"}],"wp:term":[{"taxonomy":"category","embeddable":true,"href":"https:\/\/www.sceltedigusto.it\/public\/wp-json\/wp\/v2\/categories?post=13820"},{"taxonomy":"post_tag","embeddable":true,"href":"https:\/\/www.sceltedigusto.it\/public\/wp-json\/wp\/v2\/tags?post=13820"}],"curies":[{"name":"wp","href":"https:\/\/api.w.org\/{rel}","templated":true}]}}