{"id":13787,"date":"2017-01-12T11:32:33","date_gmt":"2017-01-12T10:32:33","guid":{"rendered":"http:\/\/www.sceltedigusto.it\/public\/?p=13787"},"modified":"2017-01-12T11:32:33","modified_gmt":"2017-01-12T10:32:33","slug":"a-vinitaly-le-cantine-scelgono-di-valorizzare-la-propria-identita","status":"publish","type":"post","link":"https:\/\/www.sceltedigusto.it\/public\/a-vinitaly-le-cantine-scelgono-di-valorizzare-la-propria-identita\/","title":{"rendered":"A Vinitaly le cantine scelgono di valorizzare la propria identit\u00e0"},"content":{"rendered":"<p><a href=\"http:\/\/www.sceltedigusto.it\/public\/wp-content\/uploads\/2016\/06\/Veronafiere_logo_RGB.jpg\"><img loading=\"lazy\" class=\"size-medium wp-image-12343 alignleft\" src=\"http:\/\/www.sceltedigusto.it\/public\/wp-content\/uploads\/2016\/06\/Veronafiere_logo_RGB-300x155.jpg\" alt=\"Veronafiere_logo_RGB\" width=\"300\" height=\"155\" srcset=\"https:\/\/www.sceltedigusto.it\/public\/wp-content\/uploads\/2016\/06\/Veronafiere_logo_RGB-300x155.jpg 300w, https:\/\/www.sceltedigusto.it\/public\/wp-content\/uploads\/2016\/06\/Veronafiere_logo_RGB.jpg 417w\" sizes=\"(max-width: 300px) 100vw, 300px\" \/><\/a>Aziende vitivinicole gi\u00e0 al lavoro per la prossima edizione di Vinitaly, in programma dal 9 al 12 aprile 2017 . Proprio dalla conferma quasi totale delle iscrizioni delle singole imprese presenti lo scorso anno e dal numero di new entry arriva il primo segnale della dinamicit\u00e0 del settore enologico italiano. Ed \u00e8 quello, inequivocabile, di una maggiore propensione ad investire in prima persona nella partecipazione alla fiera con stand individuali, marchio e stile riconoscibili.<\/p>\n<p><a href=\"http:\/\/www.sceltedigusto.it\/public\/wp-content\/uploads\/2016\/06\/mantovani.jpg\"><img loading=\"lazy\" class=\"size-full wp-image-12344 alignright\" src=\"http:\/\/www.sceltedigusto.it\/public\/wp-content\/uploads\/2016\/06\/mantovani.jpg\" alt=\"mantovani\" width=\"275\" height=\"183\" srcset=\"https:\/\/www.sceltedigusto.it\/public\/wp-content\/uploads\/2016\/06\/mantovani.jpg 275w, https:\/\/www.sceltedigusto.it\/public\/wp-content\/uploads\/2016\/06\/mantovani-150x100.jpg 150w\" sizes=\"(max-width: 275px) 100vw, 275px\" \/><\/a>\u00ab<em>Per essere attrattivi nei confronti degli espositori<\/em> \u2013 dice <strong>Giovanni Mantovani<\/strong>, direttore generale di Veronafiere \u2013 <em>abbiamo messo in campo negli ultimi anni nuovi servizi e progressivi rinnovamenti dei padiglioni, che gi\u00e0 per l\u2019edizione 2017 garantiscono pi\u00f9 spazio per aumentare il numero di cantine, con un miglioramento complessivo del layout del quartiere fieristico. Inoltre, il piano industriale del prossimo quadriennio di Veronafiere<\/em> \u2013 prosegue Mantovani \u2013 <em>destina 72 milioni su 94 al miglioramento delle infrastrutture di quartiere, alla digital transformation e alla costruzione di parcheggi per oltre 3.000 posti auto<\/em>\u00bb.<\/p>\n<p><a href=\"http:\/\/www.sceltedigusto.it\/public\/wp-content\/uploads\/2011\/04\/logo_vinitaly.jpg\"><img loading=\"lazy\" class=\"size-medium wp-image-146 alignleft\" src=\"http:\/\/www.sceltedigusto.it\/public\/wp-content\/uploads\/2011\/04\/logo_vinitaly-300x134.jpg\" alt=\"logo_vinitaly\" width=\"300\" height=\"134\" srcset=\"https:\/\/www.sceltedigusto.it\/public\/wp-content\/uploads\/2011\/04\/logo_vinitaly-300x134.jpg 300w, https:\/\/www.sceltedigusto.it\/public\/wp-content\/uploads\/2011\/04\/logo_vinitaly-768x344.jpg 768w, https:\/\/www.sceltedigusto.it\/public\/wp-content\/uploads\/2011\/04\/logo_vinitaly-150x67.jpg 150w, https:\/\/www.sceltedigusto.it\/public\/wp-content\/uploads\/2011\/04\/logo_vinitaly-696x311.jpg 696w, https:\/\/www.sceltedigusto.it\/public\/wp-content\/uploads\/2011\/04\/logo_vinitaly-604x270.jpg 604w, https:\/\/www.sceltedigusto.it\/public\/wp-content\/uploads\/2011\/04\/logo_vinitaly.jpg 800w\" sizes=\"(max-width: 300px) 100vw, 300px\" \/><\/a>Pi\u00f9 spazio e un nuovo padiglione. Cresce il Piemonte, grazie all\u2019ampliamento e al restyling del padiglione 10: un miglioramento che incontra le esigenze di accogliere le richieste di nuovi espositori e dall\u2019altro per alcune cantine di posizionarsi all\u2019interno della propria area geografica di riferimento.<\/p>\n<p>Aumentano l\u2019area espositiva anche i produttori della Sardegna nel padiglione 8, quello che ospita i saloni speciali Vinitalybio e Vivit-Vigne Vignaioli Terroir e della collettiva Fivi (Federazione italiana vignaioli indipendenti).<\/p>\n<p>Novit\u00e0 pure per Toscana e Vininternational, con la creazione di un grande spazio espositivo di circa 4.000 metri quadrati che sostituisce le due tensostrutture separate allestite fino all\u2019edizione 2016.<\/p>\n<p>Modifiche al layout e nuovi arrivi. \u00ab<em>Il rinnovamento del layout<\/em> &#8211; sottolinea <strong>Gianni Bruno<\/strong>, area manager di Vinitaly &#8211; <em>permette ad alcune aziende di collocare il proprio stand nel padiglione della propria regione o ad alcune di rientrare con una partecipazione importante e di immagine<\/em>\u00bb.<\/p>\n<p><a href=\"http:\/\/www.sceltedigusto.it\/public\/wp-content\/uploads\/2014\/02\/vinitaly.jpg\"><img loading=\"lazy\" class=\"size-full wp-image-6534 alignright\" src=\"http:\/\/www.sceltedigusto.it\/public\/wp-content\/uploads\/2014\/02\/vinitaly.jpg\" alt=\"vinitaly\" width=\"240\" height=\"160\" srcset=\"https:\/\/www.sceltedigusto.it\/public\/wp-content\/uploads\/2014\/02\/vinitaly.jpg 240w, https:\/\/www.sceltedigusto.it\/public\/wp-content\/uploads\/2014\/02\/vinitaly-150x100.jpg 150w\" sizes=\"(max-width: 240px) 100vw, 240px\" \/><\/a>Tra i nuovi arrivi, per la prima volta a Vininternational cantine da Usa e Regno Unito, che si aggiungono alla collettiva spagnola realizzata in collaborazione con Icex e agli espositori di Svizzera, Francia, Azerbaijan, Georgia, Croazia, Argentina, Portogallo, Australia e Sudafrica.<\/p>\n<p>Per i buyer esteri il servizio free badge e incontri b2b con Taste &amp; Buy. Da gennaio sar\u00e0 operativo per gli espositori il servizio di invito degli operatori esteri tramite Vinitaly, con invio dei free badge per l\u2019ingresso gratuito. Attivato nel 2016, ha dato immediatamente ottimi riscontri, facilitando la gestione degli inviti da parte della aziende e migliorando la qualit\u00e0 degli operatori, grazie alle verifiche effettuate direttamente dalla Fiera.<\/p>\n<p><a href=\"http:\/\/www.sceltedigusto.it\/public\/wp-content\/uploads\/2014\/02\/Vinitaly-2014-3.jpg\"><img loading=\"lazy\" class=\"size-medium wp-image-6320 alignleft\" src=\"http:\/\/www.sceltedigusto.it\/public\/wp-content\/uploads\/2014\/02\/Vinitaly-2014-3-300x199.jpg\" alt=\"Vinitaly-2014-3\" width=\"300\" height=\"199\" srcset=\"https:\/\/www.sceltedigusto.it\/public\/wp-content\/uploads\/2014\/02\/Vinitaly-2014-3-300x199.jpg 300w, https:\/\/www.sceltedigusto.it\/public\/wp-content\/uploads\/2014\/02\/Vinitaly-2014-3-100x65.jpg 100w, https:\/\/www.sceltedigusto.it\/public\/wp-content\/uploads\/2014\/02\/Vinitaly-2014-3.jpg 1024w\" sizes=\"(max-width: 300px) 100vw, 300px\" \/><\/a>Per il b2b puro, confermata l\u2019iniziativa Taste &amp; Buy, che organizza incontri tra i buyer esteri dell\u2019incoming realizzato direttamente da Vinitaly e le aziende espositrici, la cui richiesta di partecipazione cresce di anno in anno.<\/p>\n<p>Tanti appuntamenti prima di Vinitaly. A precedere il salone veronese molte le iniziative realizzate sotto il marchio di Vinitaly, pensate per promuovere i vini e offrire strumenti di marketing alle migliori aziende. A fare da filo conduttore, tra gennaio e marzo, le tappe di Vinitaly International a San Francisco, New York, Miami, Houston e a Chengdu in Cina.<\/p>\n<p>In programma l\u20191 marzo il Concorso Internazionale Packaging, mentre dal 31 marzo al 2 aprile torna il 5 Star Wines Award con in contemporanea il primo giorno (31 marzo) il premio Wine without Walls, dedicato ai vini senza solfiti o con un contenuto non superiore a 40 mg\/l. <a href=\"http:\/\/www.sceltedigusto.it\/public\/wp-content\/uploads\/2017\/01\/OperaWine.jpg\"><img loading=\"lazy\" class=\"size-medium wp-image-13788 alignright\" src=\"http:\/\/www.sceltedigusto.it\/public\/wp-content\/uploads\/2017\/01\/OperaWine-300x57.jpg\" alt=\"Stampa\" width=\"300\" height=\"57\" srcset=\"https:\/\/www.sceltedigusto.it\/public\/wp-content\/uploads\/2017\/01\/OperaWine-300x57.jpg 300w, https:\/\/www.sceltedigusto.it\/public\/wp-content\/uploads\/2017\/01\/OperaWine.jpg 568w\" sizes=\"(max-width: 300px) 100vw, 300px\" \/><\/a>Alla vigilia di Vinitaly, l\u20198 aprile, il calendario il grand tasting <strong>OperaWine<\/strong> a cura di Vinitaly International, anticipato dal 4 all\u20198 aprile dal corso di certificazione della Vinitaly International Academy (www.vinitalyinternational.com\/vinitaly-international-academy).<\/p>\n<p><strong><a href=\"http:\/\/www.sceltedigusto.it\/public\/wp-content\/uploads\/2016\/02\/buy-wine-2.jpeg\"><img loading=\"lazy\" class=\"size-medium wp-image-11371 alignleft\" src=\"http:\/\/www.sceltedigusto.it\/public\/wp-content\/uploads\/2016\/02\/buy-wine-2-300x140.jpeg\" alt=\"buy-wine-2\" width=\"300\" height=\"140\" srcset=\"https:\/\/www.sceltedigusto.it\/public\/wp-content\/uploads\/2016\/02\/buy-wine-2-300x140.jpeg 300w, https:\/\/www.sceltedigusto.it\/public\/wp-content\/uploads\/2016\/02\/buy-wine-2.jpeg 328w\" sizes=\"(max-width: 300px) 100vw, 300px\" \/><\/a>Sol&amp;Agrifood ed Enolitech<\/strong>. In contemporanea con Vinitaly si svolge Sol&amp;Agrifood (www.solagrifood.com), preceduto dal 15 al 20 febbraio da Sol d\u2019Oro Emisfero Nord e, nei giorni del 20 e 21 febbraio, dagli Evoo Days, la nuova iniziativa di formazione e informazione dedicata agli operatori della filiera dell\u2019olio extravergine di oliva.<\/p>\n<p><a href=\"http:\/\/www.sceltedigusto.it\/public\/wp-content\/uploads\/2014\/01\/enolitech-2014.jpg\"><img loading=\"lazy\" class=\"size-medium wp-image-6070 alignright\" src=\"http:\/\/www.sceltedigusto.it\/public\/wp-content\/uploads\/2014\/01\/enolitech-2014-300x95.jpg\" alt=\"enolitech-2014\" width=\"300\" height=\"95\" srcset=\"https:\/\/www.sceltedigusto.it\/public\/wp-content\/uploads\/2014\/01\/enolitech-2014-300x95.jpg 300w, https:\/\/www.sceltedigusto.it\/public\/wp-content\/uploads\/2014\/01\/enolitech-2014.jpg 310w\" sizes=\"(max-width: 300px) 100vw, 300px\" \/><\/a>Con Vinitaly anche Enolitech, da quest\u2019anno ancora pi\u00f9 integrato con i padiglioni di Vinitaly, grazie a un ulteriore avvicinamento del padiglione F che lo ospita al padiglione del Piemonte (pad. 10).<\/p>\n<p>Affari in fiera, wine lover in citt\u00e0. I 29.000 wine lover del 2016 trovano anche nel 2017 il loro spazio di degustazione, cultura del vino e convivialit\u00e0 a Vinitaly and the City, da venerd\u00ec 7 a marted\u00ec 11 aprile. Dopo il potenziamento dello scorso anno del fuori salone, con un programma ampliato e pi\u00f9 diffuso nei luoghi storici della citt\u00e0, Veronafiere riconferma la volont\u00e0 di tenere nettamente separati i momenti b2c da quelli b2b nel quartiere fieristico.<\/p>\n<p>&nbsp;<\/p>\n","protected":false},"excerpt":{"rendered":"<p>Aziende vitivinicole gi\u00e0 al lavoro per la prossima edizione di Vinitaly, in programma dal 9 al 12 aprile 2017 . Proprio dalla conferma quasi totale delle iscrizioni delle singole imprese presenti lo scorso anno e dal numero di new entry arriva il primo segnale della dinamicit\u00e0 del settore enologico italiano. Ed \u00e8 quello, inequivocabile, di [&hellip;]<\/p>\n","protected":false},"author":18,"featured_media":12344,"comment_status":"open","ping_status":"open","sticky":false,"template":"","format":"standard","meta":[],"categories":[4,5438],"tags":[6208,8788,6207,8789,89],"jetpack_featured_media_url":"https:\/\/www.sceltedigusto.it\/public\/wp-content\/uploads\/2016\/06\/mantovani.jpg","_links":{"self":[{"href":"https:\/\/www.sceltedigusto.it\/public\/wp-json\/wp\/v2\/posts\/13787"}],"collection":[{"href":"https:\/\/www.sceltedigusto.it\/public\/wp-json\/wp\/v2\/posts"}],"about":[{"href":"https:\/\/www.sceltedigusto.it\/public\/wp-json\/wp\/v2\/types\/post"}],"author":[{"embeddable":true,"href":"https:\/\/www.sceltedigusto.it\/public\/wp-json\/wp\/v2\/users\/18"}],"replies":[{"embeddable":true,"href":"https:\/\/www.sceltedigusto.it\/public\/wp-json\/wp\/v2\/comments?post=13787"}],"version-history":[{"count":1,"href":"https:\/\/www.sceltedigusto.it\/public\/wp-json\/wp\/v2\/posts\/13787\/revisions"}],"predecessor-version":[{"id":13789,"href":"https:\/\/www.sceltedigusto.it\/public\/wp-json\/wp\/v2\/posts\/13787\/revisions\/13789"}],"wp:featuredmedia":[{"embeddable":true,"href":"https:\/\/www.sceltedigusto.it\/public\/wp-json\/wp\/v2\/media\/12344"}],"wp:attachment":[{"href":"https:\/\/www.sceltedigusto.it\/public\/wp-json\/wp\/v2\/media?parent=13787"}],"wp:term":[{"taxonomy":"category","embeddable":true,"href":"https:\/\/www.sceltedigusto.it\/public\/wp-json\/wp\/v2\/categories?post=13787"},{"taxonomy":"post_tag","embeddable":true,"href":"https:\/\/www.sceltedigusto.it\/public\/wp-json\/wp\/v2\/tags?post=13787"}],"curies":[{"name":"wp","href":"https:\/\/api.w.org\/{rel}","templated":true}]}}