{"id":13626,"date":"2016-11-26T13:42:41","date_gmt":"2016-11-26T12:42:41","guid":{"rendered":"http:\/\/www.sceltedigusto.it\/public\/?p=13626"},"modified":"2016-11-26T13:42:41","modified_gmt":"2016-11-26T12:42:41","slug":"terra-luce-benesserea-pachino-un-ponte-festivo-allinsegna-della-cultura-enogastronomica","status":"publish","type":"post","link":"https:\/\/www.sceltedigusto.it\/public\/terra-luce-benesserea-pachino-un-ponte-festivo-allinsegna-della-cultura-enogastronomica\/","title":{"rendered":"Terra, Luce, Benessere:a Pachino un ponte festivo all&#8217;insegna della cultura enogastronomica"},"content":{"rendered":"<p><a href=\"http:\/\/www.sceltedigusto.it\/public\/wp-content\/uploads\/2014\/10\/Pomodorini2.jpg\"><img loading=\"lazy\" class=\"size-medium wp-image-8232 alignleft\" src=\"http:\/\/www.sceltedigusto.it\/public\/wp-content\/uploads\/2014\/10\/Pomodorini2-300x270.jpg\" alt=\"Pomodorini2\" width=\"300\" height=\"270\" srcset=\"https:\/\/www.sceltedigusto.it\/public\/wp-content\/uploads\/2014\/10\/Pomodorini2-300x270.jpg 300w, https:\/\/www.sceltedigusto.it\/public\/wp-content\/uploads\/2014\/10\/Pomodorini2.jpg 320w\" sizes=\"(max-width: 300px) 100vw, 300px\" \/><\/a>Sar\u00e0 \u00a0rivolto a tutti coloro che vogliono concedersi un break per una vacanza diversa,stimolante, energetica, piena di fascino con un\u2019immersione nella <em>Sicilianit\u00e0<\/em> vera, il prossimo ponte dell\u2019Immacolata, da gioved\u00ec 8 dicembre domenica 11, a<strong> Pachino<\/strong>, patria del noto pomodorino a cui da il nome e che \u00e8 una delle grandi<strong> IGP siciliane<\/strong>.<\/p>\n<p>&#8220;<em><strong>Terra Luce Benessere<\/strong><\/em>&#8221; \u00a0\u00e8 infatti un nuovo <em>concept<\/em> che proprio nei giorni della prima festa che apre il periodo natalizio, vede esso stesso la luce, trattandosi della sua prima edizione. \u00a0Le parole chiave che rendono questo evento unico nel suo genere? La capacit\u00e0 di attrarre un nuovo ceto medio internazionale, professionalizzato, intellettualizzato e cosmopolita, una classe creativa che domanda qualit\u00e0 ed eccellenza culturale. Un evento per tutti, ma anche per i siciliani che con il gusto del viaggiatore vogliono riscoprire quella Sicilia,\u00a0 lontana dalle mete turistiche pi\u00f9 note e forse meno appariscente, ma pi\u00f9 vera e autentica. Un lungo weekend all\u2019insegna della diversit\u00e0 e dell\u2019energia immergendosi nella Sicilia vera. L\u2019evento costituisce \u00a0un momento dal forte impatto emozionale perch\u00e9 cerca di offrire una forte immagine del territorio.<br \/>\n<a href=\"http:\/\/www.sceltedigusto.it\/public\/wp-content\/uploads\/2016\/11\/Antonio-Moretti.png\"><img loading=\"lazy\" class=\"size-medium wp-image-13631 alignright\" src=\"http:\/\/www.sceltedigusto.it\/public\/wp-content\/uploads\/2016\/11\/Antonio-Moretti-300x251.png\" alt=\"antonio-moretti\" width=\"300\" height=\"251\" \/><\/a>Tra gli altri appuntamenti, sabato mattina si terr\u00e0 un incontro dibattito dal titolo \u201c<strong>SALUTE &amp; ARMONIA\u00a0 UN<\/strong> <strong>MIX\u00a0 CHE FA GOLA\u201d<\/strong> ospitato al <strong>Feudo Maccari<\/strong> . La scelta al Feudo \u00e8 stata una scelta voluta perch\u00e9 la forza del vino nella vita contemporanea diventa un perfetto emblema di localismo, territorialit\u00e0 e autenticit\u00e0 in una societ\u00e0 sempre pi\u00f9 globalizzata e virtuale.<\/p>\n<p>L\u2019intenzione \u00a0degli organizzatori \u00e8 infatti proprio \u00a0quella di legare un \u201c<em>percorso culturale, espositivo, sensoriale<\/em>\u201d alle realt\u00e0 territoriali per creare una piacevole occasione di scoperta e di crescita per i \u201cviaggiatori\u201d che vogliano unire la biodiversit\u00e0 del territorio alle qualit\u00e0 del paesaggio e dell\u2019ambiente naturale.<br \/>\nTrasformare l\u2019evento in un momento dal forte impatto emozionale \u00e8 l&#8217;obiettivo primario; consentire uno specifico coinvolgimento di tutte le componenti sociali. Le tre giornate \u00a0intendono offrire una forte immagine del territorio, dando corpo ad uno dei grandi progetti di sviluppo della Sicilia e del Mezzogiorno: ovvero, il turismo &#8220;gastroculturale&#8221; e soprattutto destagionalizzato. <a href=\"http:\/\/www.sceltedigusto.it\/public\/wp-content\/uploads\/2016\/11\/pachino.jpg\"><img loading=\"lazy\" class=\"size-medium wp-image-13632 alignleft\" src=\"http:\/\/www.sceltedigusto.it\/public\/wp-content\/uploads\/2016\/11\/pachino-300x199.jpg\" alt=\"pachino\" width=\"300\" height=\"199\" srcset=\"https:\/\/www.sceltedigusto.it\/public\/wp-content\/uploads\/2016\/11\/pachino-300x199.jpg 300w, https:\/\/www.sceltedigusto.it\/public\/wp-content\/uploads\/2016\/11\/pachino-100x65.jpg 100w, https:\/\/www.sceltedigusto.it\/public\/wp-content\/uploads\/2016\/11\/pachino.jpg 500w\" sizes=\"(max-width: 300px) 100vw, 300px\" \/><\/a>\u00a0Attrarre interesse a livello turistico, consentire la rinascita della tradizione autentica, diffondere a livello nazionale e internazionale la sicilianit\u00e0 , riscoprire e valorizzare le tradizioni locali, creare un evento che animi il territorio apportando benefici economici a tutta la comunit\u00e0, sono pertanto gli imperativi categorici di questa manifestazione.<br \/>\nTante sono le \u00a0iniziative in programma: \u00a0convegni, mostre, proiezioni, workshop. Momenti e spazi aggregativi che sviluppino nei visitatori locali un ancor \u00a0pi\u00f9 profondo \u00a0senso di appartenenza e, nei visitatori provenienti da altri luoghi, la con<a href=\"http:\/\/www.sceltedigusto.it\/public\/wp-content\/uploads\/2011\/05\/pomodoribio1.jpg\"><img loading=\"lazy\" class=\"size-medium wp-image-5693 alignright\" src=\"http:\/\/www.sceltedigusto.it\/public\/wp-content\/uploads\/2011\/05\/pomodoribio1-241x300.jpg\" alt=\"pomodoribio\" width=\"241\" height=\"300\" \/><\/a>sapevolezza di ci\u00f2 che la storia dei popoli \u00e8u\u00f2 &#8211; ed anzi deve &#8211; raccontare, anche attraverso il cibo, l&#8217;arte, la storia antropologica.<br \/>\n.Dall\u20198 all\u201911 \u201c Il Cortile dei Tesori\u201d &#8211; un luogo, col fascino del<strong> Museo del Vino<\/strong> di Nele Nobile-valorizzer\u00e0 le eccellenze dell\u2019artigianato e del gusto. In piccole postazioni fatte di &#8220;casuzze&#8221; integrate nel Cortile troveranno spazio artigiani della ceramica, della cera, della pietra, del cuoio. Ma ci sar\u00e0 spazio anche per corner di assaggi di qualit\u00e0 della produzione enogastronomica locale di eccellenza e di nicchia.<br \/>\nAll\u2019interno del cortile \u00a0ci sar\u00e0 anche la possibilit\u00e0 di visitare il Museo di Nele Nobile (dove esistono 250 pezzi di alto valore antropologico certificati dalla Soprintendenza di Palermo) avendo come guida il Signor Nobile \u2013 memoria storica della lavorazione del vino di Pachino. E si potr\u00e0 anche \u00a0salire sul &#8220;carretto siciliano\u201d e attraverso la campagna visitare un\u2019 azienda agricola ed entrare in una serra dove viene coltivato il pomodorino di Pachino. In quella realt\u00e0 rurale e mediterranea si potr\u00e0 anche \u00a0acquistare il prodotto e degustare pane condito con pomodorini e olio siciliano.In programma anche una <em>cooking class<\/em> al termine della quale le pietanze cucinate potranno essere consumate dai visitatori.<\/p>\n<p><strong>SdG<\/strong><\/p>\n<p>Credits: Foto &#8220;pomodorino e aglio&#8221;, copyright \u00a0di Tiziana Nicoletti<\/p>\n","protected":false},"excerpt":{"rendered":"<p>Sar\u00e0 \u00a0rivolto a tutti coloro che vogliono concedersi un break per una vacanza diversa,stimolante, energetica, piena di fascino con un\u2019immersione nella Sicilianit\u00e0 vera, il prossimo ponte dell\u2019Immacolata, da gioved\u00ec 8 dicembre domenica 11, a Pachino, patria del noto pomodorino a cui da il nome e che \u00e8 una delle grandi IGP siciliane. &#8220;Terra Luce Benessere&#8221; [&hellip;]<\/p>\n","protected":false},"author":18,"featured_media":13631,"comment_status":"open","ping_status":"open","sticky":false,"template":"","format":"standard","meta":[],"categories":[4,29,1],"tags":[],"jetpack_featured_media_url":"https:\/\/www.sceltedigusto.it\/public\/wp-content\/uploads\/2016\/11\/Antonio-Moretti.png","_links":{"self":[{"href":"https:\/\/www.sceltedigusto.it\/public\/wp-json\/wp\/v2\/posts\/13626"}],"collection":[{"href":"https:\/\/www.sceltedigusto.it\/public\/wp-json\/wp\/v2\/posts"}],"about":[{"href":"https:\/\/www.sceltedigusto.it\/public\/wp-json\/wp\/v2\/types\/post"}],"author":[{"embeddable":true,"href":"https:\/\/www.sceltedigusto.it\/public\/wp-json\/wp\/v2\/users\/18"}],"replies":[{"embeddable":true,"href":"https:\/\/www.sceltedigusto.it\/public\/wp-json\/wp\/v2\/comments?post=13626"}],"version-history":[{"count":4,"href":"https:\/\/www.sceltedigusto.it\/public\/wp-json\/wp\/v2\/posts\/13626\/revisions"}],"predecessor-version":[{"id":13633,"href":"https:\/\/www.sceltedigusto.it\/public\/wp-json\/wp\/v2\/posts\/13626\/revisions\/13633"}],"wp:featuredmedia":[{"embeddable":true,"href":"https:\/\/www.sceltedigusto.it\/public\/wp-json\/wp\/v2\/media\/13631"}],"wp:attachment":[{"href":"https:\/\/www.sceltedigusto.it\/public\/wp-json\/wp\/v2\/media?parent=13626"}],"wp:term":[{"taxonomy":"category","embeddable":true,"href":"https:\/\/www.sceltedigusto.it\/public\/wp-json\/wp\/v2\/categories?post=13626"},{"taxonomy":"post_tag","embeddable":true,"href":"https:\/\/www.sceltedigusto.it\/public\/wp-json\/wp\/v2\/tags?post=13626"}],"curies":[{"name":"wp","href":"https:\/\/api.w.org\/{rel}","templated":true}]}}