{"id":13337,"date":"2016-10-21T10:03:33","date_gmt":"2016-10-21T08:03:33","guid":{"rendered":"http:\/\/www.sceltedigusto.it\/public\/?p=13337"},"modified":"2016-10-21T10:26:26","modified_gmt":"2016-10-21T08:26:26","slug":"leditoriale-se-quel-pane-quotidiano","status":"publish","type":"post","link":"https:\/\/www.sceltedigusto.it\/public\/leditoriale-se-quel-pane-quotidiano\/","title":{"rendered":"L&#8217;Editoriale. Se quel pane quotidiano&#8230;"},"content":{"rendered":"<p style=\"text-align: left;\"><a href=\"http:\/\/www.sceltedigusto.it\/public\/wp-content\/uploads\/2014\/02\/pane21.jpg\"><img loading=\"lazy\" class=\"size-medium wp-image-6520 alignleft\" src=\"http:\/\/www.sceltedigusto.it\/public\/wp-content\/uploads\/2014\/02\/pane21-300x190.jpg\" alt=\"pane2\" width=\"300\" height=\"190\" \/><\/a>Il <strong>pane quotidiano<\/strong>, per i credenti citato anche nelle preghiere che si imparano e si recitano sin da bambini. L&#8217;alimento principe che tutto il mondo prepara e consuma, con modalit\u00e0 diverse. Non esiste posto del mondo in cui non esista il pane. \u00a0Acqua e farina, a sostentare il mondo. Il pane \u00e8 quotidiano. Costa poco e profuma tanto. Pochi profumi nell&#8217;aria possono essere confortanti e rasserenanti quanto quello del pane appena sfornato. \u00a0Il pane evoca infanzia, unione, desco. E&#8217; compiacimento per l&#8217;olfatto ma anche per la memoria; chi non ricorda la nonna spalmare qualcosa su una fetta di pane &#8211; fosse anche solo zucchero bagnato &#8211; o \u00a0il pap\u00e0 tornare a casa la sera con la busta del pane? <a href=\"http:\/\/www.sceltedigusto.it\/public\/wp-content\/uploads\/2014\/02\/pane3.jpg\"><img loading=\"lazy\" class=\"size-medium wp-image-6521 alignright\" src=\"http:\/\/www.sceltedigusto.it\/public\/wp-content\/uploads\/2014\/02\/pane3-300x300.jpg\" alt=\"pane3\" width=\"300\" height=\"300\" srcset=\"https:\/\/www.sceltedigusto.it\/public\/wp-content\/uploads\/2014\/02\/pane3-300x300.jpg 300w, https:\/\/www.sceltedigusto.it\/public\/wp-content\/uploads\/2014\/02\/pane3-150x150.jpg 150w, https:\/\/www.sceltedigusto.it\/public\/wp-content\/uploads\/2014\/02\/pane3-210x210.jpg 210w, https:\/\/www.sceltedigusto.it\/public\/wp-content\/uploads\/2014\/02\/pane3.jpg 308w\" sizes=\"(max-width: 300px) 100vw, 300px\" \/><\/a>E se i bordi della busta di carta erano aperti allora questo significava unicamente una cosa: quel pane era caldo, appena sfornato. \u00a0Quel pane che lo compri e, se \u00e8 il caso. cominci gi\u00e0 a sbocconcellarlo per strada, incurante degli altri. Perch\u00e8 il pane non \u00e8 gola, \u00e8 essenza. <strong>Il pane \u00e8 sacro<\/strong>. Ma quel pane quotidiano non \u00e8 pi\u00f9 alla portata di tutti. Sembra incredibile, specie a chi ne avanza, lo butta o ne fa pan grattato, ma non tutte le famiglie italiane possono ancora \u00a0permettersi il pane. Non ci si riflette, ci si bada poco, ma \u00e8 proprio cos\u00ec. <a href=\"http:\/\/www.sceltedigusto.it\/public\/wp-content\/uploads\/2016\/10\/pane-giulia.jpg\"><img loading=\"lazy\" class=\" wp-image-13338 alignleft\" src=\"http:\/\/www.sceltedigusto.it\/public\/wp-content\/uploads\/2016\/10\/pane-giulia-180x300.jpg\" alt=\"pane-giulia\" width=\"250\" height=\"417\" srcset=\"https:\/\/www.sceltedigusto.it\/public\/wp-content\/uploads\/2016\/10\/pane-giulia-180x300.jpg 180w, https:\/\/www.sceltedigusto.it\/public\/wp-content\/uploads\/2016\/10\/pane-giulia.jpg 480w\" sizes=\"(max-width: 250px) 100vw, 250px\" \/><\/a>Ed ecco che, una mattina qualsiasi mentre organizzo il lavoro mio e degli altri e mentre do un&#8217;occhiata ai <em>social<\/em> con il mio caff\u00e8 e, purtroppo, anche la mia sigaretta, mi imbatto in qualcosa che da un senso &#8211; gi\u00e0 di per s\u00e8 stesso &#8211; alla giornata. Qualcosa che esula dai soliti saluti a slavina, dalla solita montagna di foto di tazze di caff\u00e8 e croissant, dai soliti aforismi di vario amore a raffica. Qualcosa di tanto importante che mi cambia la giornata, e con essa il lavoro che avevo gi\u00e0 in buona parte organizzato e distribuito. Quello che cattura il mio interesse e mi siede alla mia scrivania insieme alla mia coscienza e ad una riflessione \u00e8 un semplice cartello, apposto sulla vetrina di un panificio. Il <strong>panificio di Giulia<\/strong>. Chiss\u00e0 chi \u00e8 Giulia, non mi \u00e8 dato di sapere. Chiss\u00e0 dove si trova la sua forneria: poco importa. Giulia non ha bisogno di pubblicit\u00e0 perch\u00e8 \u00a0<strong>Giulia<\/strong> non \u00a0\u00e8 una catena della grande distribuzione, non \u00e8 un supermercato. Giulia ha un piccolo panificio, possibilmente di quartiere: di quale citt\u00e0 lo ignoro totalmente. Ma Giulia, dai suoi forse pochi e forse piccoli scaffali, lancia un messaggio immenso: che vale molto pi\u00f9 di tanto &#8220;amore scritto&#8221; su tanti bigliettini telematici precostituiti. Il suo cartello \u00a0\u00e8 li per essere visto. Non serve a Giulia per mettersi a posto la coscienza; le serve per fare del bene , e per farlo veramente. Ci\u00f2 che \u00e8 scritto su quel cartello lo vedete da voi.<\/p>\n<p>Giulia \u00e8 una di decine di migliaia di fornaie d&#8217;Italia. <a href=\"http:\/\/www.sceltedigusto.it\/public\/wp-content\/uploads\/2014\/09\/rosticceria.jpg\"><img loading=\"lazy\" class=\"size-medium wp-image-7963 alignright\" src=\"http:\/\/www.sceltedigusto.it\/public\/wp-content\/uploads\/2014\/09\/rosticceria-225x300.jpg\" alt=\"rosticceria\" width=\"225\" height=\"300\" srcset=\"https:\/\/www.sceltedigusto.it\/public\/wp-content\/uploads\/2014\/09\/rosticceria-225x300.jpg 225w, https:\/\/www.sceltedigusto.it\/public\/wp-content\/uploads\/2014\/09\/rosticceria-768x1024.jpg 768w, https:\/\/www.sceltedigusto.it\/public\/wp-content\/uploads\/2014\/09\/rosticceria.jpg 1224w\" sizes=\"(max-width: 225px) 100vw, 225px\" \/><\/a>La mia citt\u00e0 \u00e8 <strong>Palermo<\/strong>: da questa citt\u00e0 sono seduta a scrivervi, ma il mio giornale gira l&#8217;Italia intera ed anche una buona parte di mondo. Io so, perch\u00e8 lo so da cinquant&#8217;anni, che in nessun posto del mondo i panifici sono stracarichi di ogni ben di Dio quanto lo sono a Palermo. Nei &#8220;forni&#8221; palermitani si produce di tutto: il pane, certamente, ma anche le<strong> pizze, gli sfincioni, i calzoni, la pasta al forno, le lasagne, le sfogliate, le torte salate, la parmigiana i bomboloni, i biscotti<\/strong> di ogni tipo&#8230;una variet\u00e0 immensa di prodotto dolce e salato. Un&#8217;immensit\u00e0 di cibo. Questo vorrei. Vorrei che i fornai palermitani aderissero alla stessa iniziativa che Giulia ha avviato nella sua forse piccola citt\u00e0, nel suo forse piccolo quartiere, regalando ci\u00f2 che avanza a chi non avanza mai niente. <a href=\"http:\/\/www.sceltedigusto.it\/public\/wp-content\/uploads\/2016\/10\/vetrina_2.jpg\"><img loading=\"lazy\" class=\"size-medium wp-image-13339 alignleft\" src=\"http:\/\/www.sceltedigusto.it\/public\/wp-content\/uploads\/2016\/10\/vetrina_2-300x225.jpg\" alt=\"vetrina_2\" width=\"300\" height=\"225\" srcset=\"https:\/\/www.sceltedigusto.it\/public\/wp-content\/uploads\/2016\/10\/vetrina_2-300x225.jpg 300w, https:\/\/www.sceltedigusto.it\/public\/wp-content\/uploads\/2016\/10\/vetrina_2-1024x768.jpg 1024w, https:\/\/www.sceltedigusto.it\/public\/wp-content\/uploads\/2016\/10\/vetrina_2.jpg 1500w\" sizes=\"(max-width: 300px) 100vw, 300px\" \/><\/a>Vorrei che qualsiasi bambino potesse avere in mano un trancio di pizza, e che qualsiasi padre potesse portare a casa il pane quotidiano, ma anche un pezzo di sfincione, o qualche biscotto Excelsior, o qualche <strong>genovese con la ricotta, o un occhio di bue con la marmellata, o i biscotti algerini<\/strong>. Vorrei che ogni fornaio avesse una mano libera da mettersi sul cuore e che ogni mio concittadino potesse soddisfare una piccola voglia, che per lui \u00e8 un lusso. Vorrei che ogni madre avesse sempre un piccolo capriccetto da portare in tavola, e vorrei che ci\u00f2 potesse allietare o perlomeno sopire per un po&#8217;, la mestizia che accompagna i pasti di tante famiglie, \u00a0delle quali non abbiamo neanche la minima idea. E non solo i fornai dovrebbero farlo: ma anche i fruttivendoli, i pescivendoli, i macellai. <a href=\"http:\/\/www.sceltedigusto.it\/public\/wp-content\/uploads\/2012\/02\/ortofrutta_1.jpg\"><img loading=\"lazy\" class=\"wp-image-2883 alignright\" src=\"http:\/\/www.sceltedigusto.it\/public\/wp-content\/uploads\/2012\/02\/ortofrutta_1.jpg\" alt=\"ortofrutta_1\" width=\"269\" height=\"202\" \/><\/a>Tutti quegli esercizi che vendono prodotto fresco e deperibile dovrebbero non consentire a s\u00e8 stessi di gettarlo via. Immaginate che grado di civilt\u00e0 raggiungerebbe Palermo se una famiglia di poveretti uscisse con zero euro in tasca e potesse tornare a casa con tre panini, due fette di pesce spada, tre mele e magari anche un hamburger per il piccolo di casa che non mangia il pesce. Pensate per un attimo alla gioia di sapere di aver sfamato una famiglia, laddove prima mettevate tutto in un cassonetto. Pensate a quanto bene ci\u00f2 vi farebbe sentire, nel momento in cui voi stessi doveste sbucciare una mela. <a href=\"http:\/\/www.sceltedigusto.it\/public\/wp-content\/uploads\/2011\/05\/bancofrutta.jpg\"><img loading=\"lazy\" class=\"size-medium wp-image-286 alignleft\" src=\"http:\/\/www.sceltedigusto.it\/public\/wp-content\/uploads\/2011\/05\/bancofrutta-300x225.jpg\" alt=\"bancofrutta\" width=\"300\" height=\"225\" srcset=\"https:\/\/www.sceltedigusto.it\/public\/wp-content\/uploads\/2011\/05\/bancofrutta-300x225.jpg 300w, https:\/\/www.sceltedigusto.it\/public\/wp-content\/uploads\/2011\/05\/bancofrutta.jpg 500w\" sizes=\"(max-width: 300px) 100vw, 300px\" \/><\/a>Questo vorrei, idealmente: che ogni negozio avesse un piccolo banco a parte, in cui esporre la merce di immenso valore e perci\u00f2 senza prezzo. Ma naturalmente vorrei che non ne approfittassero quelli che poi di fatto girano in Mercedes: ma questa, eventualmente, \u00e8 un&#8217;altra storia. Ma soprattutto vorrei che chiudessero un occhio \u00a0i signori della Guardia di Finanza cos\u00ec come quelli della Polizia Municipale: che senso ha multare un esercente perch\u00e8 regala un panino e, dunque, non emette lo scontrino fiscale? \u00a0Che senso ha dissuadere la gente dalla solidariet\u00e0 e condannarla all&#8217;egoismo che spreca e che getta via per paura di una sanzione ingiusta? Che senso ha, nell&#8217;economia dei veri grandi evasori a diversi zeri, pensare di &#8220;pizzicare&#8221; un fornaio che ha regalato un panino ad un extracomunitario o ad un&#8217;anziana signora? Non c&#8217;\u00e8 niente di illecito: \u00e8 merce gi\u00e0 certificata che era gi\u00e0 idonea alla vendita e che non \u00e8 stata venduta. E&#8217; un dono, un regalo: \u00e8 beneficenza. Siate buoni con voi stessi per amore degli altri, per piacere&#8230;<\/p>\n<p><strong>Alessandra Verzera<\/strong><\/p>\n<p>&nbsp;<\/p>\n","protected":false},"excerpt":{"rendered":"<p>Il pane quotidiano, per i credenti citato anche nelle preghiere che si imparano e si recitano sin da bambini. L&#8217;alimento principe che tutto il mondo prepara e consuma, con modalit\u00e0 diverse. Non esiste posto del mondo in cui non esista il pane. \u00a0Acqua e farina, a sostentare il mondo. Il pane \u00e8 quotidiano. Costa poco [&hellip;]<\/p>\n","protected":false},"author":18,"featured_media":6520,"comment_status":"open","ping_status":"open","sticky":false,"template":"","format":"standard","meta":[],"categories":[5436,5435],"tags":[1252,8644,8647,5473,2250,104,897,8646,1521,1548,1547,8645],"jetpack_featured_media_url":"https:\/\/www.sceltedigusto.it\/public\/wp-content\/uploads\/2014\/02\/pane21.jpg","_links":{"self":[{"href":"https:\/\/www.sceltedigusto.it\/public\/wp-json\/wp\/v2\/posts\/13337"}],"collection":[{"href":"https:\/\/www.sceltedigusto.it\/public\/wp-json\/wp\/v2\/posts"}],"about":[{"href":"https:\/\/www.sceltedigusto.it\/public\/wp-json\/wp\/v2\/types\/post"}],"author":[{"embeddable":true,"href":"https:\/\/www.sceltedigusto.it\/public\/wp-json\/wp\/v2\/users\/18"}],"replies":[{"embeddable":true,"href":"https:\/\/www.sceltedigusto.it\/public\/wp-json\/wp\/v2\/comments?post=13337"}],"version-history":[{"count":4,"href":"https:\/\/www.sceltedigusto.it\/public\/wp-json\/wp\/v2\/posts\/13337\/revisions"}],"predecessor-version":[{"id":13343,"href":"https:\/\/www.sceltedigusto.it\/public\/wp-json\/wp\/v2\/posts\/13337\/revisions\/13343"}],"wp:featuredmedia":[{"embeddable":true,"href":"https:\/\/www.sceltedigusto.it\/public\/wp-json\/wp\/v2\/media\/6520"}],"wp:attachment":[{"href":"https:\/\/www.sceltedigusto.it\/public\/wp-json\/wp\/v2\/media?parent=13337"}],"wp:term":[{"taxonomy":"category","embeddable":true,"href":"https:\/\/www.sceltedigusto.it\/public\/wp-json\/wp\/v2\/categories?post=13337"},{"taxonomy":"post_tag","embeddable":true,"href":"https:\/\/www.sceltedigusto.it\/public\/wp-json\/wp\/v2\/tags?post=13337"}],"curies":[{"name":"wp","href":"https:\/\/api.w.org\/{rel}","templated":true}]}}