{"id":13246,"date":"2016-10-15T15:09:31","date_gmt":"2016-10-15T13:09:31","guid":{"rendered":"http:\/\/www.sceltedigusto.it\/public\/?p=13246"},"modified":"2016-10-15T15:09:31","modified_gmt":"2016-10-15T13:09:31","slug":"tenuta-bubudello-azienda-agricola-dove-il-gusto-profuma-di-antico","status":"publish","type":"post","link":"https:\/\/www.sceltedigusto.it\/public\/tenuta-bubudello-azienda-agricola-dove-il-gusto-profuma-di-antico\/","title":{"rendered":"Tenuta Bubudello Azienda agricola: dove il gusto profuma di antico"},"content":{"rendered":"<p><a href=\"http:\/\/www.sceltedigusto.it\/public\/wp-content\/uploads\/2016\/10\/enna-dallalto.jpg\"><img loading=\"lazy\" class=\"wp-image-13248 alignleft\" src=\"http:\/\/www.sceltedigusto.it\/public\/wp-content\/uploads\/2016\/10\/enna-dallalto-300x195.jpg\" alt=\"enna-dallalto\" width=\"302\" height=\"196\" srcset=\"https:\/\/www.sceltedigusto.it\/public\/wp-content\/uploads\/2016\/10\/enna-dallalto-300x195.jpg 300w, https:\/\/www.sceltedigusto.it\/public\/wp-content\/uploads\/2016\/10\/enna-dallalto-100x65.jpg 100w, https:\/\/www.sceltedigusto.it\/public\/wp-content\/uploads\/2016\/10\/enna-dallalto.jpg 402w\" sizes=\"(max-width: 302px) 100vw, 302px\" \/><\/a>E&#8217; un territorio ricco, quello dell&#8217;ennese, popolato di gente operosa che &#8211; abituata ad anni di un isolamento dal quale \u00e8 lentamente uscita &#8211; ha sempre saputo fare tesoro di ci\u00f2 che ha ed ha avuto. E non \u00e8 poco, dato che questa terra feconda e ricca di eccellenti pascoli offre prodotti di elevatissima qualit\u00e0. \u00a0Cos\u00ec, con<a href=\"http:\/\/www.sceltedigusto.it\/public\/wp-content\/uploads\/2016\/10\/formaggi.jpg\"><img loading=\"lazy\" class=\" wp-image-13250 alignright\" src=\"http:\/\/www.sceltedigusto.it\/public\/wp-content\/uploads\/2016\/10\/formaggi-151x300.jpg\" alt=\"formaggi\" width=\"168\" height=\"334\" srcset=\"https:\/\/www.sceltedigusto.it\/public\/wp-content\/uploads\/2016\/10\/formaggi-151x300.jpg 151w, https:\/\/www.sceltedigusto.it\/public\/wp-content\/uploads\/2016\/10\/formaggi.jpg 424w\" sizes=\"(max-width: 168px) 100vw, 168px\" \/><\/a> una guida d&#8217;eccezione nella persona di<strong> Pino Pedone<\/strong> &#8211; un&#8217;autorit\u00e0 in fatto di eccellenza enogastronomica locale &#8211; metto piede in quello che sembra semplicemente un panificio. \u00a0Ma che scopro essere uno dei due punti vendita cittadini \u00a0di una bella azienda agricola: una delle pochissime &#8211; cinque in tutto &#8211; a poter esibire un attestato importantissimo che certifica la produzione del Piacentinu ennese &#8221; come disciplinare comanda&#8221;. \u00a0L&#8217;azienda agricola di <strong>Luigi Faraci<\/strong> \u00e8 la <strong>Tenuta Bubudello<\/strong>, che prende il nome dalla contrada in cui si trova; a met\u00e0 strada tra Enna e Barrafranca. <a href=\"http:\/\/www.sceltedigusto.it\/public\/wp-content\/uploads\/2016\/10\/formaggi-attestato.jpg\"><img loading=\"lazy\" class=\"size-medium wp-image-13251 alignleft\" src=\"http:\/\/www.sceltedigusto.it\/public\/wp-content\/uploads\/2016\/10\/formaggi-attestato-229x300.jpg\" alt=\"formaggi-attestato\" width=\"229\" height=\"300\" srcset=\"https:\/\/www.sceltedigusto.it\/public\/wp-content\/uploads\/2016\/10\/formaggi-attestato-229x300.jpg 229w, https:\/\/www.sceltedigusto.it\/public\/wp-content\/uploads\/2016\/10\/formaggi-attestato.jpg 515w\" sizes=\"(max-width: 229px) 100vw, 229px\" \/><\/a>L&#8217;azienda, come detto, \u00e8 una delle poche produttrici di questo spettacolare formaggio che deve la sua peculiarit\u00e0 ad una consistente presenza di zafferano che, oltre a conferirgli il tipico colore giallo ocra, gli regala un gusto unico.<\/p>\n<p>Naturalmente i disciplinari sono rigidi &#8211; come del resto il loro stesso nome lascia intuire : rigore e disciplina nella realizzazione di qualsiasi prodotto che ambisca a divenire una DOP, come nel caso del Piacentinu, che \u00e8 anche un presidio Slow Food ed un&#8217;eccellenza assoluta. Ci\u00f2 implica che qualsiasi elemento componga quel dato prodotto deve avere delle caratteristiche peculiari imprescindibili: fosse anche il solo sale.<\/p>\n<p><a href=\"http:\/\/www.sceltedigusto.it\/public\/wp-content\/uploads\/2016\/10\/formaggi1.jpg\"><img loading=\"lazy\" class=\" wp-image-13252 alignright\" src=\"http:\/\/www.sceltedigusto.it\/public\/wp-content\/uploads\/2016\/10\/formaggi1-300x211.jpg\" alt=\"formaggi1\" width=\"267\" height=\"188\" srcset=\"https:\/\/www.sceltedigusto.it\/public\/wp-content\/uploads\/2016\/10\/formaggi1-300x211.jpg 300w, https:\/\/www.sceltedigusto.it\/public\/wp-content\/uploads\/2016\/10\/formaggi1-1024x721.jpg 1024w, https:\/\/www.sceltedigusto.it\/public\/wp-content\/uploads\/2016\/10\/formaggi1.jpg 1107w\" sizes=\"(max-width: 267px) 100vw, 267px\" \/><\/a>Ed ecco perch\u00e8 la rosa dei produttori certificati \u00e8 cos\u00ec ristretta. Di <strong>Piacentinu ennese<\/strong> in giro ce n&#8217;\u00e8 pi\u00f9 di quanto vorremmo sinceramente vederne: e ce n&#8217;\u00e8 cos\u00ec tanto perch\u00e8 viene prodotto il pi\u00f9 delle volte al di fuori delle linee guida del disciplinare. \u00a0Ma quello sul quale ho messo prima gli occhi e poi le mani parla da solo. Ha una lucentezza splendida dato che &#8221; suda&#8221; la sua componente grassa imperlando la superficie di una patina lucente; il suo colore \u00e8 ocra intenso compatto ed uniforme, e al gusto \u00e8 una perfetta armonia di sapidit\u00e0 ed aromatizzazione.<\/p>\n<p><a href=\"http:\/\/www.sceltedigusto.it\/public\/wp-content\/uploads\/2016\/10\/formaggi3.jpg\"><img loading=\"lazy\" class=\"size-medium wp-image-13253 alignleft\" src=\"http:\/\/www.sceltedigusto.it\/public\/wp-content\/uploads\/2016\/10\/formaggi3-300x211.jpg\" alt=\"formaggi3\" width=\"300\" height=\"211\" srcset=\"https:\/\/www.sceltedigusto.it\/public\/wp-content\/uploads\/2016\/10\/formaggi3-300x211.jpg 300w, https:\/\/www.sceltedigusto.it\/public\/wp-content\/uploads\/2016\/10\/formaggi3-1024x722.jpg 1024w, https:\/\/www.sceltedigusto.it\/public\/wp-content\/uploads\/2016\/10\/formaggi3.jpg 1222w\" sizes=\"(max-width: 300px) 100vw, 300px\" \/><\/a>Nella vetrinetta ordinata e che sa di antico, un bel campionario di formaggi locali: dopo esseremi appropriata di una bella fetta di Piacentinu ed avere colto ogni sfumatura di questo gusto delicato ma intenso, sapido ed aromatico, armonico e pieno, noto anche la presenza di una ricottina salata anch&#8217;essa addizionata di zafferano. \u00a0La bella notizia \u00e8 lo spunto per una ricetta golosa: semplicemente grattata sulla pasta o, meglio ancora, su un risottino semplice. <a href=\"http:\/\/www.sceltedigusto.it\/public\/wp-content\/uploads\/2016\/10\/formaggi4.jpg\"><img loading=\"lazy\" class=\"size-medium wp-image-13254 alignright\" src=\"http:\/\/www.sceltedigusto.it\/public\/wp-content\/uploads\/2016\/10\/formaggi4-300x149.jpg\" alt=\"formaggi4\" width=\"300\" height=\"149\" srcset=\"https:\/\/www.sceltedigusto.it\/public\/wp-content\/uploads\/2016\/10\/formaggi4-300x149.jpg 300w, https:\/\/www.sceltedigusto.it\/public\/wp-content\/uploads\/2016\/10\/formaggi4-1024x510.jpg 1024w, https:\/\/www.sceltedigusto.it\/public\/wp-content\/uploads\/2016\/10\/formaggi4-768x382.jpg 768w, https:\/\/www.sceltedigusto.it\/public\/wp-content\/uploads\/2016\/10\/formaggi4-150x75.jpg 150w, https:\/\/www.sceltedigusto.it\/public\/wp-content\/uploads\/2016\/10\/formaggi4-696x347.jpg 696w, https:\/\/www.sceltedigusto.it\/public\/wp-content\/uploads\/2016\/10\/formaggi4-1068x532.jpg 1068w, https:\/\/www.sceltedigusto.it\/public\/wp-content\/uploads\/2016\/10\/formaggi4-843x420.jpg 843w, https:\/\/www.sceltedigusto.it\/public\/wp-content\/uploads\/2016\/10\/formaggi4-324x160.jpg 324w, https:\/\/www.sceltedigusto.it\/public\/wp-content\/uploads\/2016\/10\/formaggi4.jpg 1496w\" sizes=\"(max-width: 300px) 100vw, 300px\" \/><\/a>Ma non manca la tuma, o il primo sale. Ma quello che trova il consenso pieno delle mie papille, oltre al Piacentinu , \u00e8 il &#8220;<strong>secondo sale&#8221;<\/strong>: un formaggio di produzione locale che potrei collocare &#8211; come caratteristica organolettica &#8211; tra un buon parmigiano ed un ottimo provolone piccante; solo che \u00e8 morbido, umido, delizioso. Lo accompagno con un&#8217;altra tipicit\u00e0 del luogo, che \u00e8 la &#8220;<strong>guastedda<\/strong>&#8220;: per rendere l&#8217;idea quanto pi\u00f9 sia possibile, una sorta di <strong>covaccino<\/strong> pi\u00f9 pastoso di un normale covaccino. Gli ennesi lo usano come pane a tutti gli effetti, ma lo farciscono facendone una focaccia, o lo condiscono con pomodoro e mozzarella facendone una pizza. Insomma, un jolly della tavola che accompagna benissimo il mio &#8220;secondo sale&#8221; ma che per gli ennesi \u00e8 accompagnamento anche di salumi. <a href=\"http:\/\/www.sceltedigusto.it\/public\/wp-content\/uploads\/2016\/10\/formaggi6.jpg\"><img loading=\"lazy\" class=\"wp-image-13255 alignleft\" src=\"http:\/\/www.sceltedigusto.it\/public\/wp-content\/uploads\/2016\/10\/formaggi6-300x131.jpg\" alt=\"formaggi6\" width=\"362\" height=\"158\" srcset=\"https:\/\/www.sceltedigusto.it\/public\/wp-content\/uploads\/2016\/10\/formaggi6-300x131.jpg 300w, https:\/\/www.sceltedigusto.it\/public\/wp-content\/uploads\/2016\/10\/formaggi6-1024x448.jpg 1024w, https:\/\/www.sceltedigusto.it\/public\/wp-content\/uploads\/2016\/10\/formaggi6.jpg 1116w\" sizes=\"(max-width: 362px) 100vw, 362px\" \/><\/a>Il suo portamento \u00e8 esattamente quello di una pizza: passandola in forno infatti si gonfia creando delle bolle d&#8217;aria. Una volta che si fredda \u00e8 possibile farlo rinvenire passandolo nuovamente in forno, magari dopo averla farcita come la fantasia suggerisce.<\/p>\n<p><a href=\"http:\/\/www.sceltedigusto.it\/public\/wp-content\/uploads\/2016\/10\/formaggi7.jpg\"><img loading=\"lazy\" class=\"size-medium wp-image-13256 alignright\" src=\"http:\/\/www.sceltedigusto.it\/public\/wp-content\/uploads\/2016\/10\/formaggi7-300x170.jpg\" alt=\"formaggi7\" width=\"300\" height=\"170\" srcset=\"https:\/\/www.sceltedigusto.it\/public\/wp-content\/uploads\/2016\/10\/formaggi7-300x170.jpg 300w, https:\/\/www.sceltedigusto.it\/public\/wp-content\/uploads\/2016\/10\/formaggi7-1024x582.jpg 1024w, https:\/\/www.sceltedigusto.it\/public\/wp-content\/uploads\/2016\/10\/formaggi7.jpg 1538w\" sizes=\"(max-width: 300px) 100vw, 300px\" \/><\/a>E quindi, in questo piccolo forno dagli arredi semplici, si vende del prodotto altamente qualitativo: e il bello \u00e8 che la domenica, e direttamente in azienda, si organizzano golose degustazioni a base di &#8220;ricotta cu siri&#8221; ( con il siero, nda), di &#8220;guastedda ca tuma&#8221;, ma anche di focacce in ogni forma e composizione e di &#8220;pani cunzatu&#8221;. Quindi ricordatevi della contrada Bubudello, tra Barrafranca ed il lago di Pergusa , e che dispone anche di un punto vendita interno dove acquistare i prodotti in degustazione. Per maggiori dettagli questo il sito dell&#8217;azienda\u00a0<a href=\"http:\/\/www.tenutabubudello.it\/\">http:\/\/www.tenutabubudello.it\/<\/a><\/p>\n<p>E il mio viaggio tra le eccellenze enogastronomiche dell&#8217;ennese non finisce qui: mi aspettano le favolose <strong>Mozzarelle di Bufala di Nicosia<\/strong>. Una storia d&#8217;amore ancora \u00a0tutta da raccontare.<\/p>\n<p>&nbsp;<\/p>\n<p><strong>Alessandra Verzera<\/strong><\/p>\n<p>&nbsp;<\/p>\n<p>&nbsp;<\/p>\n<p>&nbsp;<\/p>\n","protected":false},"excerpt":{"rendered":"<p>E&#8217; un territorio ricco, quello dell&#8217;ennese, popolato di gente operosa che &#8211; abituata ad anni di un isolamento dal quale \u00e8 lentamente uscita &#8211; ha sempre saputo fare tesoro di ci\u00f2 che ha ed ha avuto. E non \u00e8 poco, dato che questa terra feconda e ricca di eccellenti pascoli offre prodotti di elevatissima qualit\u00e0. [&hellip;]<\/p>\n","protected":false},"author":18,"featured_media":13254,"comment_status":"open","ping_status":"open","sticky":false,"template":"","format":"standard","meta":[],"categories":[10,4,31],"tags":[1252,2127,741,8615,8609,8607,8613,3583,8610,8612,8614,8611,8608,2910],"jetpack_featured_media_url":"https:\/\/www.sceltedigusto.it\/public\/wp-content\/uploads\/2016\/10\/formaggi4.jpg","_links":{"self":[{"href":"https:\/\/www.sceltedigusto.it\/public\/wp-json\/wp\/v2\/posts\/13246"}],"collection":[{"href":"https:\/\/www.sceltedigusto.it\/public\/wp-json\/wp\/v2\/posts"}],"about":[{"href":"https:\/\/www.sceltedigusto.it\/public\/wp-json\/wp\/v2\/types\/post"}],"author":[{"embeddable":true,"href":"https:\/\/www.sceltedigusto.it\/public\/wp-json\/wp\/v2\/users\/18"}],"replies":[{"embeddable":true,"href":"https:\/\/www.sceltedigusto.it\/public\/wp-json\/wp\/v2\/comments?post=13246"}],"version-history":[{"count":3,"href":"https:\/\/www.sceltedigusto.it\/public\/wp-json\/wp\/v2\/posts\/13246\/revisions"}],"predecessor-version":[{"id":13257,"href":"https:\/\/www.sceltedigusto.it\/public\/wp-json\/wp\/v2\/posts\/13246\/revisions\/13257"}],"wp:featuredmedia":[{"embeddable":true,"href":"https:\/\/www.sceltedigusto.it\/public\/wp-json\/wp\/v2\/media\/13254"}],"wp:attachment":[{"href":"https:\/\/www.sceltedigusto.it\/public\/wp-json\/wp\/v2\/media?parent=13246"}],"wp:term":[{"taxonomy":"category","embeddable":true,"href":"https:\/\/www.sceltedigusto.it\/public\/wp-json\/wp\/v2\/categories?post=13246"},{"taxonomy":"post_tag","embeddable":true,"href":"https:\/\/www.sceltedigusto.it\/public\/wp-json\/wp\/v2\/tags?post=13246"}],"curies":[{"name":"wp","href":"https:\/\/api.w.org\/{rel}","templated":true}]}}