{"id":12904,"date":"2016-09-20T12:13:46","date_gmt":"2016-09-20T10:13:46","guid":{"rendered":"http:\/\/www.sceltedigusto.it\/public\/?p=12904"},"modified":"2016-09-20T12:13:46","modified_gmt":"2016-09-20T10:13:46","slug":"la-grappa-nella-cultura-enogastronomica-italiana-elvio-bonollo-al-douja-dor","status":"publish","type":"post","link":"https:\/\/www.sceltedigusto.it\/public\/la-grappa-nella-cultura-enogastronomica-italiana-elvio-bonollo-al-douja-dor\/","title":{"rendered":"La Grappa nella cultura enogastronomica italiana: Elvio Bonollo al Douja d&#8217;Or"},"content":{"rendered":"<p><a href=\"http:\/\/www.sceltedigusto.it\/public\/wp-content\/uploads\/2016\/09\/Elvio-Bonollo-Presidente-Istituto-Nazionale-Grappa.png\"><img loading=\"lazy\" class=\"size-full wp-image-12922 alignleft\" src=\"http:\/\/www.sceltedigusto.it\/public\/wp-content\/uploads\/2016\/09\/Elvio-Bonollo-Presidente-Istituto-Nazionale-Grappa.png\" alt=\"elvio-bonollo-presidente-istituto-nazionale-grappa\" width=\"261\" height=\"193\" \/><\/a>Una passerella della migliore produzione dell&#8217;arte distillatoria selezionata dal <strong>Premio Alambicco d&#8217;Oro<\/strong> e una occasione di confronto su come la grappa sia di fatto entrata a far parte nell&#8217;immaginario collettivo della cultura enogastronomica italiana: <strong>Elvio Bonollo<\/strong>, Presidente dell&#8217;Istituto Nazionale Grappa, intervenendo all&#8217;incontro &#8220;La grappa e le acquaviti nella cultura enogastronomica italiana&#8221; in occasione della cinquantesima edizione del Douja d&#8217;Or di Asti \u00a0insieme ad ANAG, parla del ruolo dei distillatori nella promozione della peculiarit\u00e0 italiana che, ci tiene a ricordare, non \u00e8 soltanto saper utilizzare i canali di comunicazione ma essere aperti e pronti a sposare nuove modalit\u00e0 di avvicinamento del consumatore, ivi compresa la contestualizzazione ambientale e la valorizzazione dei territori di produzione. Un esempio di ci\u00f2 \u00e8 la tredicesima edizione di <strong>Grapperie Aperte<\/strong> in programma per il prossimo 2 ottobre, con 28 distillerie di tutta Italia che hanno risposto all&#8217;invito dell&#8217;<strong>Istituto Nazionale Grappa<\/strong>.<\/p>\n<p><a href=\"http:\/\/www.sceltedigusto.it\/public\/wp-content\/uploads\/2016\/09\/grappa.jpg\"><img loading=\"lazy\" class=\"size-medium wp-image-12923 alignright\" src=\"http:\/\/www.sceltedigusto.it\/public\/wp-content\/uploads\/2016\/09\/grappa-300x187.jpg\" alt=\"grappa\" width=\"300\" height=\"187\" srcset=\"https:\/\/www.sceltedigusto.it\/public\/wp-content\/uploads\/2016\/09\/grappa-300x187.jpg 300w, https:\/\/www.sceltedigusto.it\/public\/wp-content\/uploads\/2016\/09\/grappa-1024x640.jpg 1024w, https:\/\/www.sceltedigusto.it\/public\/wp-content\/uploads\/2016\/09\/grappa.jpg 1280w\" sizes=\"(max-width: 300px) 100vw, 300px\" \/><\/a>&#8220;<em>L&#8217;italianit\u00e0 della grappa<\/em> &#8211; ha spiegato il Presidente dell&#8217;Istituto Nazionale Grappa <strong>Elvio Bonoll<\/strong>o &#8211;<em> \u00e8 un valore che oggi pu\u00f2 essere efficacemente trasmesso in primis attraverso il packaging: da esso dipende, infatti, il primo contatto visivo che il consumatore ha con il prodotto e da esso dovrebbe derivare l\u2019immediata riconoscibilit\u00e0 dello stesso. Il packaging nel settore della grappa si \u00e8 molto evoluto in termini di originalit\u00e0, eleganza, forza comunicativa: ma le aspettative create dal packaging richiedono poi di trovare riscontro nel contenuto. Le grappe di oggi, da questo punto di vista, riescono a rispondere ai gusti anche dei consumatori pi\u00f9 esigenti e raffinati. Il modo migliore ed insuperabile per farle apprezzare in tutta la loro intensit\u00e0, ampiezza, ricchezza, eleganza, franchezza \u00e8 la degustazione, singolare o in abbinamento con cibi o altri prodotti che contribuiscono alla sua esaltazione<\/em>&#8220;.<br \/>\n<a href=\"http:\/\/www.sceltedigusto.it\/public\/wp-content\/uploads\/2016\/09\/grappa_generica.jpg\"><img loading=\"lazy\" class=\"size-medium wp-image-12924 alignleft\" src=\"http:\/\/www.sceltedigusto.it\/public\/wp-content\/uploads\/2016\/09\/grappa_generica-300x225.jpg\" alt=\"grappa_generica\" width=\"300\" height=\"225\" srcset=\"https:\/\/www.sceltedigusto.it\/public\/wp-content\/uploads\/2016\/09\/grappa_generica-300x225.jpg 300w, https:\/\/www.sceltedigusto.it\/public\/wp-content\/uploads\/2016\/09\/grappa_generica-150x113.jpg 150w, https:\/\/www.sceltedigusto.it\/public\/wp-content\/uploads\/2016\/09\/grappa_generica-560x420.jpg 560w, https:\/\/www.sceltedigusto.it\/public\/wp-content\/uploads\/2016\/09\/grappa_generica-80x60.jpg 80w, https:\/\/www.sceltedigusto.it\/public\/wp-content\/uploads\/2016\/09\/grappa_generica-265x198.jpg 265w, https:\/\/www.sceltedigusto.it\/public\/wp-content\/uploads\/2016\/09\/grappa_generica.jpg 600w\" sizes=\"(max-width: 300px) 100vw, 300px\" \/><\/a>Indubbiamente ogni azienda ha la propria ricetta esclusiva ma gli elementi centrali che vengono comunicati sono da un lato il prodotto, inteso come contenitore (packaging) e contenuto (le caratteristiche distintive della grappa proposta), dall\u2019altro \u201cil mondo\u201d che sta alla base di quella grappa: un mondo che il consumatore non pu\u00f2 conoscere dal solo prodotto, ma di cui molto spesso vuole sapere per dar ulteriore valore e capire meglio il prodotto stesso.<br \/>\n<a href=\"http:\/\/www.sceltedigusto.it\/public\/wp-content\/uploads\/2016\/09\/grappa2.jpg\"><img loading=\"lazy\" class=\" wp-image-12925 alignright\" src=\"http:\/\/www.sceltedigusto.it\/public\/wp-content\/uploads\/2016\/09\/grappa2-300x150.jpg\" alt=\"grappa2\" width=\"346\" height=\"173\" srcset=\"https:\/\/www.sceltedigusto.it\/public\/wp-content\/uploads\/2016\/09\/grappa2-300x150.jpg 300w, https:\/\/www.sceltedigusto.it\/public\/wp-content\/uploads\/2016\/09\/grappa2.jpg 800w\" sizes=\"(max-width: 346px) 100vw, 346px\" \/><\/a>&#8220;<em>Se per comunicare la grappa in maniera efficace occorre conoscenza, passione e la disponibilit\u00e0 in loco dello stesso per poterlo degustare<\/em> &#8211; ha aggiunto Bonollo &#8211;<em> l\u2019efficacia massima della spiegazione e l\u2019effettiva comprensione del \u201cmondo\u201d affascinante che sta dietro alla nostra acquavite nazionale richiede inevitabilmente la visita in distilleria. L\u2019esperienza diventa anche qui concretamente sensoriale: dai profumi di vinaccia ai vapori della grappa. E\u2019 solo in distilleria che, vedendo la grappa sgorgare lentamente dall\u2019alambicco ed ascoltando i segreti produttivi di chi la fa, si respirano secoli di tradizione, storia, passion<\/em>e&#8221;.<\/p>\n<p>Un intervento, quello legato all&#8217;importanza del packaging, che si contestualizza a pieno anche con la premiazione dei prodotti &#8220;spiritosi&#8221; selezionati al 33\u00b0 Premio Alambicco d&#8217;Oro in programma dopo l&#8217;incontro: oltre ai riconoscimenti tradizionali, quest&#8217;anno \u00e8 stata introdotta una nuova categoria, ovvero <strong>\u2018Il vestito della grappa<\/strong>\u2019, premio di design assegnato per la prima volta da Anag alla bottiglia giudicata pi\u00f9 bella per etichetta e forma valutandone eleganza, creativit\u00e0, innovazione, originalit\u00e0 e appeal verso il consumatore.<\/p>\n","protected":false},"excerpt":{"rendered":"<p>Una passerella della migliore produzione dell&#8217;arte distillatoria selezionata dal Premio Alambicco d&#8217;Oro e una occasione di confronto su come la grappa sia di fatto entrata a far parte nell&#8217;immaginario collettivo della cultura enogastronomica italiana: Elvio Bonollo, Presidente dell&#8217;Istituto Nazionale Grappa, intervenendo all&#8217;incontro &#8220;La grappa e le acquaviti nella cultura enogastronomica italiana&#8221; in occasione della cinquantesima [&hellip;]<\/p>\n","protected":false},"author":18,"featured_media":12924,"comment_status":"open","ping_status":"open","sticky":false,"template":"","format":"standard","meta":[],"categories":[4,31],"tags":[],"jetpack_featured_media_url":"https:\/\/www.sceltedigusto.it\/public\/wp-content\/uploads\/2016\/09\/grappa_generica.jpg","_links":{"self":[{"href":"https:\/\/www.sceltedigusto.it\/public\/wp-json\/wp\/v2\/posts\/12904"}],"collection":[{"href":"https:\/\/www.sceltedigusto.it\/public\/wp-json\/wp\/v2\/posts"}],"about":[{"href":"https:\/\/www.sceltedigusto.it\/public\/wp-json\/wp\/v2\/types\/post"}],"author":[{"embeddable":true,"href":"https:\/\/www.sceltedigusto.it\/public\/wp-json\/wp\/v2\/users\/18"}],"replies":[{"embeddable":true,"href":"https:\/\/www.sceltedigusto.it\/public\/wp-json\/wp\/v2\/comments?post=12904"}],"version-history":[{"count":2,"href":"https:\/\/www.sceltedigusto.it\/public\/wp-json\/wp\/v2\/posts\/12904\/revisions"}],"predecessor-version":[{"id":12926,"href":"https:\/\/www.sceltedigusto.it\/public\/wp-json\/wp\/v2\/posts\/12904\/revisions\/12926"}],"wp:featuredmedia":[{"embeddable":true,"href":"https:\/\/www.sceltedigusto.it\/public\/wp-json\/wp\/v2\/media\/12924"}],"wp:attachment":[{"href":"https:\/\/www.sceltedigusto.it\/public\/wp-json\/wp\/v2\/media?parent=12904"}],"wp:term":[{"taxonomy":"category","embeddable":true,"href":"https:\/\/www.sceltedigusto.it\/public\/wp-json\/wp\/v2\/categories?post=12904"},{"taxonomy":"post_tag","embeddable":true,"href":"https:\/\/www.sceltedigusto.it\/public\/wp-json\/wp\/v2\/tags?post=12904"}],"curies":[{"name":"wp","href":"https:\/\/api.w.org\/{rel}","templated":true}]}}