{"id":12894,"date":"2016-09-20T11:37:13","date_gmt":"2016-09-20T09:37:13","guid":{"rendered":"http:\/\/www.sceltedigusto.it\/public\/?p=12894"},"modified":"2016-09-20T11:37:13","modified_gmt":"2016-09-20T09:37:13","slug":"indicazioni-geografiche-globali-nuovi-sistemi-di-tutela-anche-per-i-piccoli-produttori","status":"publish","type":"post","link":"https:\/\/www.sceltedigusto.it\/public\/indicazioni-geografiche-globali-nuovi-sistemi-di-tutela-anche-per-i-piccoli-produttori\/","title":{"rendered":"Indicazioni Geografiche Globali, nuovi sistemi di tutela anche per i piccoli produttori."},"content":{"rendered":"<p><a href=\"http:\/\/www.sceltedigusto.it\/public\/wp-content\/uploads\/2016\/09\/desimoni.jpg\"><img loading=\"lazy\" class=\"size-medium wp-image-12908 alignleft\" src=\"http:\/\/www.sceltedigusto.it\/public\/wp-content\/uploads\/2016\/09\/desimoni-300x202.jpg\" alt=\"desimoni\" width=\"300\" height=\"202\" srcset=\"https:\/\/www.sceltedigusto.it\/public\/wp-content\/uploads\/2016\/09\/desimoni-300x202.jpg 300w, https:\/\/www.sceltedigusto.it\/public\/wp-content\/uploads\/2016\/09\/desimoni.jpg 831w\" sizes=\"(max-width: 300px) 100vw, 300px\" \/><\/a>In occasione del World Congress dell&#8217;AIPPI-<strong>Associazione Internazionale per la Protezione della Propriet\u00e0 Intellettuale<\/strong> in corso a Milano, si \u00e8 svolto ieri un Panel dedicato al futuro delle<strong> Indicazioni Geografiche<\/strong> a livello globale. Unico relatore italiano che ha preso parte a questa sezione \u00e8 stato <strong>Federico Desimoni<\/strong>, Direttore del Consorzio di <strong>Tutela dell&#8217;Aceto Balsamico di Modena IGP<\/strong>. L\u2019avv. Desimoni, soddisfatto del dibattito e della reazione degli intervenuti, riprende alcuni passaggi del Panel.<\/p>\n<p><a href=\"http:\/\/www.sceltedigusto.it\/public\/wp-content\/uploads\/2016\/09\/aceto.jpg\"><img loading=\"lazy\" class=\"size-medium wp-image-12754 alignright\" src=\"http:\/\/www.sceltedigusto.it\/public\/wp-content\/uploads\/2016\/09\/aceto-300x168.jpg\" alt=\"aceto\" width=\"300\" height=\"168\" srcset=\"https:\/\/www.sceltedigusto.it\/public\/wp-content\/uploads\/2016\/09\/aceto-300x168.jpg 300w, https:\/\/www.sceltedigusto.it\/public\/wp-content\/uploads\/2016\/09\/aceto-1024x576.jpg 1024w, https:\/\/www.sceltedigusto.it\/public\/wp-content\/uploads\/2016\/09\/aceto.jpg 1408w\" sizes=\"(max-width: 300px) 100vw, 300px\" \/><\/a>&#8220;<em>Il confronto sviluppato tra i rappresentanti del WIPO e l\u2019avvocato giapponese presenti al tavolo della discussione<\/em> &#8211; spiega Desimoni &#8211; <em>ha individuato degli interventi necessari a livello internazionale sulla tutela delle IG. Sono emersi punti di vista diversi sulla stessa problematica, ma il nocciolo della questione non \u00e8 se si debbano tutelare o meno le IG, questo anche il WTO lo dichiara apertamente, bens\u00ec come e perch\u00e9 ci\u00f2 debba essere fatto. L\u2019esperienza che ho portato dal Consorzio di tutela ci ha insegnato che ci\u00f2 \u00e8 giusto perch\u00e9 protegge nei fatti l&#8217;interesse pubblico, i territori e le persone che dalla produzione e vendita di prodotti IG traggono il proprio sostentamento economico, e difende la sostenibilit\u00e0 sociale ed ambientale che crea valore e sviluppo locale. Per tutelare un prodotto e i diritti di propriet\u00e0 intellettuale ad esso collegati \u00e8 indispensabile disporre di strumenti giuridici efficaci. I marchi registrati pregressi continueranno ad essere tutelati indipendentemente, tuttavia l&#8217;auspicio \u00e8 che anche la tutela per le IG possa avere la stessa dignit\u00e0 e la stessa attenzione che ruota attorno ai grandi brand<\/em>&#8220;.<\/p>\n<p><a href=\"http:\/\/www.sceltedigusto.it\/public\/wp-content\/uploads\/2014\/01\/aceto-balsamico.jpg\"><img loading=\"lazy\" class=\"size-medium wp-image-6287 alignleft\" src=\"http:\/\/www.sceltedigusto.it\/public\/wp-content\/uploads\/2014\/01\/aceto-balsamico-300x200.jpg\" alt=\"aceto balsamico\" width=\"300\" height=\"200\" srcset=\"https:\/\/www.sceltedigusto.it\/public\/wp-content\/uploads\/2014\/01\/aceto-balsamico-300x200.jpg 300w, https:\/\/www.sceltedigusto.it\/public\/wp-content\/uploads\/2014\/01\/aceto-balsamico-1024x683.jpg 1024w, https:\/\/www.sceltedigusto.it\/public\/wp-content\/uploads\/2014\/01\/aceto-balsamico-768x512.jpg 768w, https:\/\/www.sceltedigusto.it\/public\/wp-content\/uploads\/2014\/01\/aceto-balsamico-1536x1024.jpg 1536w, https:\/\/www.sceltedigusto.it\/public\/wp-content\/uploads\/2014\/01\/aceto-balsamico-2048x1366.jpg 2048w, https:\/\/www.sceltedigusto.it\/public\/wp-content\/uploads\/2014\/01\/aceto-balsamico-150x100.jpg 150w, https:\/\/www.sceltedigusto.it\/public\/wp-content\/uploads\/2014\/01\/aceto-balsamico-696x464.jpg 696w, https:\/\/www.sceltedigusto.it\/public\/wp-content\/uploads\/2014\/01\/aceto-balsamico-1068x712.jpg 1068w, https:\/\/www.sceltedigusto.it\/public\/wp-content\/uploads\/2014\/01\/aceto-balsamico-1920x1280.jpg 1920w, https:\/\/www.sceltedigusto.it\/public\/wp-content\/uploads\/2014\/01\/aceto-balsamico-630x420.jpg 630w\" sizes=\"(max-width: 300px) 100vw, 300px\" \/><\/a>Nel parlare di tutela degli interessi di un territorio ben definito, Desimoni ha specificatamente portato l&#8217;esempio dell&#8217;Aceto Balsamico di Modena IGP: &#8220;<em>ad oggi il sistema di tutela internazionale riguarda solo i marchi registrati, il che significa difendere l&#8217;interesse di pochi. Con l&#8217;introduzione di sistemi di tutela delle IG l&#8217;obiettivo \u00e8 di arrivare a tutelare l&#8217;interesse di tanti piccoli produttori che insieme fanno l&#8217;interesse collettivo di un territorio. Le campagne attorno a Modena ad esempio, rimangono vivaci e vitali perch\u00e9 su quei territori nascono prodotti di eccellenza come l&#8217;aceto balsamico che, per la sua notoriet\u00e0 anche all&#8217;estero &#8211; viene esportato oltre il 90% della produzione totale &#8211; porta un ritorno economico e quindi benessere per il tessuto sociale local<\/em>e&#8221;.<\/p>\n<p>Ci\u00f2 che \u00e8 emerso da questo incontro con numerosi giuristi di tutto il mondo, protagonisti di tre giorni di lavoro su panel di diversa natura, \u00e8 un messaggio ben preciso: non deve passare l&#8217;idea che ci sia uno scontro tra i Paesi che proteggono le IG e Paesi che invece rifiutano loro qualsiasi protezione. Piuttosto, mentre \u00e8 generalmente accettato che le IG meritino protezione, nascono conflitti per quanto riguarda la forma, il contenuto e la forza di tale protezione. <a href=\"http:\/\/www.sceltedigusto.it\/public\/wp-content\/uploads\/2015\/12\/parmigianoslide.jpg\"><img loading=\"lazy\" class=\"size-medium wp-image-10105 alignright\" src=\"http:\/\/www.sceltedigusto.it\/public\/wp-content\/uploads\/2015\/12\/parmigianoslide-300x200.jpg\" alt=\"parmigianoslide\" width=\"300\" height=\"200\" srcset=\"https:\/\/www.sceltedigusto.it\/public\/wp-content\/uploads\/2015\/12\/parmigianoslide-300x200.jpg 300w, https:\/\/www.sceltedigusto.it\/public\/wp-content\/uploads\/2015\/12\/parmigianoslide-1024x682.jpg 1024w\" sizes=\"(max-width: 300px) 100vw, 300px\" \/><\/a>I lavori si sono articolati partendo dalle disposizioni della<strong> legge di Ginevra<\/strong> e hanno sviluppato i seguenti temi: estensione della protezione delle Indicazioni Geografiche, in particolare di una protezione &#8220;di base&#8221; per non indurre in errore il pubblico e una protezione pi\u00f9 forte contro gli attacchi esterni; genericit\u00e0 e posizioni concernenti le Indicazioni Geografiche divenute generiche (ci\u00f2 che accade quando solo una parte dell&#8217;IG \u00e8 generico o quando terzi presuppongono che un termine simile all&#8217;IG sia generico e possa essere utilizzato liberamente come ad esempio &#8220;parmigiano&#8221; rispetto a &#8220;Parmigiano Reggiano&#8221;); relazione tra IG e marchi precedenti; forme di tutela delle Indicazioni Geografiche e sanzioni; rifiuto degli effetti di una registrazione internazionale IG e possibili motivi di un rifiuto e nullit\u00e0 dell&#8217;efficacia di una registrazione internazionale.<\/p>\n","protected":false},"excerpt":{"rendered":"<p>In occasione del World Congress dell&#8217;AIPPI-Associazione Internazionale per la Protezione della Propriet\u00e0 Intellettuale in corso a Milano, si \u00e8 svolto ieri un Panel dedicato al futuro delle Indicazioni Geografiche a livello globale. Unico relatore italiano che ha preso parte a questa sezione \u00e8 stato Federico Desimoni, Direttore del Consorzio di Tutela dell&#8217;Aceto Balsamico di Modena [&hellip;]<\/p>\n","protected":false},"author":18,"featured_media":6287,"comment_status":"open","ping_status":"open","sticky":false,"template":"","format":"standard","meta":[],"categories":[4,5435,31],"tags":[],"jetpack_featured_media_url":"https:\/\/www.sceltedigusto.it\/public\/wp-content\/uploads\/2014\/01\/aceto-balsamico-scaled.jpg","_links":{"self":[{"href":"https:\/\/www.sceltedigusto.it\/public\/wp-json\/wp\/v2\/posts\/12894"}],"collection":[{"href":"https:\/\/www.sceltedigusto.it\/public\/wp-json\/wp\/v2\/posts"}],"about":[{"href":"https:\/\/www.sceltedigusto.it\/public\/wp-json\/wp\/v2\/types\/post"}],"author":[{"embeddable":true,"href":"https:\/\/www.sceltedigusto.it\/public\/wp-json\/wp\/v2\/users\/18"}],"replies":[{"embeddable":true,"href":"https:\/\/www.sceltedigusto.it\/public\/wp-json\/wp\/v2\/comments?post=12894"}],"version-history":[{"count":2,"href":"https:\/\/www.sceltedigusto.it\/public\/wp-json\/wp\/v2\/posts\/12894\/revisions"}],"predecessor-version":[{"id":12909,"href":"https:\/\/www.sceltedigusto.it\/public\/wp-json\/wp\/v2\/posts\/12894\/revisions\/12909"}],"wp:featuredmedia":[{"embeddable":true,"href":"https:\/\/www.sceltedigusto.it\/public\/wp-json\/wp\/v2\/media\/6287"}],"wp:attachment":[{"href":"https:\/\/www.sceltedigusto.it\/public\/wp-json\/wp\/v2\/media?parent=12894"}],"wp:term":[{"taxonomy":"category","embeddable":true,"href":"https:\/\/www.sceltedigusto.it\/public\/wp-json\/wp\/v2\/categories?post=12894"},{"taxonomy":"post_tag","embeddable":true,"href":"https:\/\/www.sceltedigusto.it\/public\/wp-json\/wp\/v2\/tags?post=12894"}],"curies":[{"name":"wp","href":"https:\/\/api.w.org\/{rel}","templated":true}]}}