{"id":1288,"date":"2011-09-16T15:00:48","date_gmt":"2011-09-16T13:00:48","guid":{"rendered":"http:\/\/www.sceltedigusto.it\/public\/Test\/in-blue-jeans-gustando-panini-e-mozart\/"},"modified":"2013-11-16T21:11:32","modified_gmt":"2013-11-16T20:11:32","slug":"in-blue-jeans-gustando-panini-e-mozart","status":"publish","type":"post","link":"https:\/\/www.sceltedigusto.it\/public\/in-blue-jeans-gustando-panini-e-mozart\/","title":{"rendered":"In blue jeans, gustando panini e Mozart"},"content":{"rendered":"<h3 style=\"text-align: justify;\"><img loading=\"lazy\" class=\" size-full wp-image-1281\" src=\"http:\/\/www.sceltedigusto.it\/public\/Test\/wp-content\/uploads\/2011\/09\/orchestra.jpg\" border=\"0\" width=\"300\" height=\"212\" srcset=\"https:\/\/www.sceltedigusto.it\/public\/wp-content\/uploads\/2011\/09\/orchestra.jpg 300w, https:\/\/www.sceltedigusto.it\/public\/wp-content\/uploads\/2011\/09\/orchestra-150x106.jpg 150w, https:\/\/www.sceltedigusto.it\/public\/wp-content\/uploads\/2011\/09\/orchestra-100x70.jpg 100w\" sizes=\"(max-width: 300px) 100vw, 300px\" \/><\/h3>\n<h3 style=\"text-align: justify;\">In Italia, a differenza che in paesi come l\u2019Austria o la Germania, se si desidera assaporare il calore delle note di Mozart, Pergolesi, Durante, Manfredini, Vivaldi, Bach, bisogna vestirsi adeguatamente, prenotare per tempo e recarsi a teatro. Ecco perch\u00e9 l\u2019iniziativa \u201cArcana, musica e misteri\u201d \u00e8 innovativa e valida, nel suo avvicinare la musica da camera alla gente tutta (Ti.Ni.)    <!--more-->  <\/h3>\n<p style=\"text-align: justify;\">Una serata calma, serena, che regala un venticello di novit\u00e0. Finalmente il caldo oppressivo della giornata appena vissuta concede tregua, si allenta, mentre tra Corso Vittorio Emanuele, Piazza Pretoria, i Quattro Canti, il giardino della Cattedrale e Piazza Bellini, un brulicare di preparativi annunciano l\u2019evento. Cinque i palchi che da ieri sera sostano su altrettanti punti della citt\u00e0 di Palermo.<\/p>\n<p style=\"text-align: justify;\"><img loading=\"lazy\" class=\" size-full wp-image-1282\" src=\"http:\/\/www.sceltedigusto.it\/public\/Test\/wp-content\/uploads\/2011\/09\/piazzapretoria.jpg\" border=\"0\" width=\"500\" height=\"500\" srcset=\"https:\/\/www.sceltedigusto.it\/public\/wp-content\/uploads\/2011\/09\/piazzapretoria.jpg 500w, https:\/\/www.sceltedigusto.it\/public\/wp-content\/uploads\/2011\/09\/piazzapretoria-150x150.jpg 150w, https:\/\/www.sceltedigusto.it\/public\/wp-content\/uploads\/2011\/09\/piazzapretoria-300x300.jpg 300w\" sizes=\"(max-width: 500px) 100vw, 500px\" \/><\/p>\n<p style=\"text-align: justify;\">La novit\u00e0? Poter gustare Vivaldi e Mozart, un\u2019arte senza tempo, in blue jeans, comodamente e senza troppe cerimonie. Orecchie aperte, sensi in estasi e per cena panini che tra milza, panelle e crocch\u00e8, raccontano una sicilianit\u00e0 nuova che non manca di rispetto all\u2019Orchestra Sinfonica diretta dal Maestro Marco Rapattoni.<\/p>\n<p style=\"text-align: justify;\"><img loading=\"lazy\" class=\" size-full wp-image-1283\" src=\"http:\/\/www.sceltedigusto.it\/public\/Test\/wp-content\/uploads\/2011\/09\/paninitipici.jpg\" border=\"0\" width=\"500\" height=\"500\" srcset=\"https:\/\/www.sceltedigusto.it\/public\/wp-content\/uploads\/2011\/09\/paninitipici.jpg 500w, https:\/\/www.sceltedigusto.it\/public\/wp-content\/uploads\/2011\/09\/paninitipici-150x150.jpg 150w, https:\/\/www.sceltedigusto.it\/public\/wp-content\/uploads\/2011\/09\/paninitipici-300x300.jpg 300w\" sizes=\"(max-width: 500px) 100vw, 500px\" \/><\/p>\n<p style=\"text-align: justify;\">Il centro storico di Palermo, nelle serate del <strong>15, 16 e 17 Settembre<\/strong>, diventa proscenio per concerti sinfonici, corali, per il teatro dei pupi di Cuticchio, per artisti di strada e per cavalli atti a far divertire bimbi nel provar la giostra antica. Un po\u2019 come dire che la musica, quella di qualit\u00e0, d\u2019elite, diventa accessibile a tutti; cos\u00ec come un panino lo \u00e8, a differenza di un sontuoso pasto&#8230; in stretta assonanza e in gustosa variazione.<\/p>\n<p style=\"text-align: justify;\"><img loading=\"lazy\" class=\" size-full wp-image-1284\" src=\"http:\/\/www.sceltedigusto.it\/public\/Test\/wp-content\/uploads\/2011\/09\/giostraantica.jpg\" border=\"0\" width=\"500\" height=\"500\" srcset=\"https:\/\/www.sceltedigusto.it\/public\/wp-content\/uploads\/2011\/09\/giostraantica.jpg 500w, https:\/\/www.sceltedigusto.it\/public\/wp-content\/uploads\/2011\/09\/giostraantica-150x150.jpg 150w, https:\/\/www.sceltedigusto.it\/public\/wp-content\/uploads\/2011\/09\/giostraantica-300x300.jpg 300w\" sizes=\"(max-width: 500px) 100vw, 500px\" \/><\/p>\n<p style=\"text-align: justify;\">L\u2019<strong>Orchestra Sinfonica Siciliana<\/strong> per la prima volta regala la sua maestria ad un pubblico che adesso pu\u00f2 accostarsi, ripagando solo con il suono dei propri applausi, a tali melodie dimenticando fronzoli e convenzioni. Musica che appaga l\u2019ascoltatore \u00e8 che ha il compito di far dimenticare il degrado culturale verso il quale troppo spesso si tende a scivolare.<\/p>\n<p style=\"text-align: justify;\"><img loading=\"lazy\" class=\" size-full wp-image-1285\" src=\"http:\/\/www.sceltedigusto.it\/public\/Test\/wp-content\/uploads\/2011\/09\/orchestra2.jpg\" border=\"0\" width=\"500\" height=\"333\" srcset=\"https:\/\/www.sceltedigusto.it\/public\/wp-content\/uploads\/2011\/09\/orchestra2.jpg 500w, https:\/\/www.sceltedigusto.it\/public\/wp-content\/uploads\/2011\/09\/orchestra2-300x199.jpg 300w\" sizes=\"(max-width: 500px) 100vw, 500px\" \/><\/p>\n<p style=\"text-align: justify;\">Lungo Corso Vittorio Emanuele, soffermandosi per sfamare l\u2019appetito con un panino \u2013 condito seguendo il gusto, cos\u00ec sar\u00e0 con milza schietto o maritato, oppure con panelle e crocch\u00e8 \u2013 percorrendo in risalita verso i Quattro Canti \u00e8 stato un piacere sentire note e accordi, \u00e8 stato un vero onore potersi sedere tra quelle sedie modeste per assaporare una sinfonia lussuosa.<\/p>\n<p style=\"text-align: justify;\"><img loading=\"lazy\" class=\" size-full wp-image-1286\" src=\"http:\/\/www.sceltedigusto.it\/public\/Test\/wp-content\/uploads\/2011\/09\/piazzapretoria2.jpg\" border=\"0\" width=\"500\" height=\"490\" srcset=\"https:\/\/www.sceltedigusto.it\/public\/wp-content\/uploads\/2011\/09\/piazzapretoria2.jpg 500w, https:\/\/www.sceltedigusto.it\/public\/wp-content\/uploads\/2011\/09\/piazzapretoria2-300x294.jpg 300w\" sizes=\"(max-width: 500px) 100vw, 500px\" \/><\/p>\n<p style=\"text-align: justify;\">\u00c8 una scelta di Gusto, quella che ci sentiamo di proporvi per le due serate, questa sera e domani, ancora da vivere e con le stesse modalit\u00e0. Ed ancora una menzione e il plauso va alla mezzosoprano Natalia Lunar, che con la dolcezza di un usignolo ha intonato \u201cCh\u2019io mi scordi di te\u201d\u2026 noi non scorderemo.<\/p>\n<p style=\"text-align: justify;\"><img loading=\"lazy\" class=\" size-full wp-image-1287\" src=\"http:\/\/www.sceltedigusto.it\/public\/Test\/wp-content\/uploads\/2011\/09\/damine.jpg\" border=\"0\" width=\"500\" height=\"500\" srcset=\"https:\/\/www.sceltedigusto.it\/public\/wp-content\/uploads\/2011\/09\/damine.jpg 500w, https:\/\/www.sceltedigusto.it\/public\/wp-content\/uploads\/2011\/09\/damine-150x150.jpg 150w, https:\/\/www.sceltedigusto.it\/public\/wp-content\/uploads\/2011\/09\/damine-300x300.jpg 300w\" sizes=\"(max-width: 500px) 100vw, 500px\" \/><\/p>\n<p style=\"text-align: justify;\">Per il programma completo: <a href=\"http:\/\/www.balarm.it\/file\/programma_arcana2011.pdf\">http:\/\/www.balarm.it\/file\/programma_arcana2011.pdf<\/a><\/p>\n<p style=\"text-align: justify;\">Mentre per chi non avesse modo di scaricarlo da internet, sappiate che signorine in abiti settecenteschi saranno in giro per quelle vie disposte a provvedere.<\/p>\n<p style=\"text-align: justify;\">\u00a0<\/p>\n<p style=\"text-align: justify;\"><strong>Tiziana Nicoletti<\/strong><\/p>\n","protected":false},"excerpt":{"rendered":"<p>In Italia, a differenza che in paesi come l\u2019Austria o la Germania, se si desidera assaporare il calore delle note di Mozart, Pergolesi, Durante, Manfredini, Vivaldi, Bach, bisogna vestirsi adeguatamente, prenotare per tempo e recarsi a teatro. Ecco perch\u00e9 l\u2019iniziativa \u201cArcana, musica e misteri\u201d \u00e8 innovativa e valida, nel suo avvicinare la musica da camera [&hellip;]<\/p>\n","protected":false},"author":18,"featured_media":1281,"comment_status":"open","ping_status":"open","sticky":false,"template":"","format":"standard","meta":[],"categories":[29],"tags":[1634,1624,106,1630,1627,1626,1628,1629,1636,1637,926,1625,1633,1632,994,1635,1631],"jetpack_featured_media_url":"https:\/\/www.sceltedigusto.it\/public\/wp-content\/uploads\/2011\/09\/orchestra.jpg","_links":{"self":[{"href":"https:\/\/www.sceltedigusto.it\/public\/wp-json\/wp\/v2\/posts\/1288"}],"collection":[{"href":"https:\/\/www.sceltedigusto.it\/public\/wp-json\/wp\/v2\/posts"}],"about":[{"href":"https:\/\/www.sceltedigusto.it\/public\/wp-json\/wp\/v2\/types\/post"}],"author":[{"embeddable":true,"href":"https:\/\/www.sceltedigusto.it\/public\/wp-json\/wp\/v2\/users\/18"}],"replies":[{"embeddable":true,"href":"https:\/\/www.sceltedigusto.it\/public\/wp-json\/wp\/v2\/comments?post=1288"}],"version-history":[{"count":1,"href":"https:\/\/www.sceltedigusto.it\/public\/wp-json\/wp\/v2\/posts\/1288\/revisions"}],"predecessor-version":[{"id":4402,"href":"https:\/\/www.sceltedigusto.it\/public\/wp-json\/wp\/v2\/posts\/1288\/revisions\/4402"}],"wp:featuredmedia":[{"embeddable":true,"href":"https:\/\/www.sceltedigusto.it\/public\/wp-json\/wp\/v2\/media\/1281"}],"wp:attachment":[{"href":"https:\/\/www.sceltedigusto.it\/public\/wp-json\/wp\/v2\/media?parent=1288"}],"wp:term":[{"taxonomy":"category","embeddable":true,"href":"https:\/\/www.sceltedigusto.it\/public\/wp-json\/wp\/v2\/categories?post=1288"},{"taxonomy":"post_tag","embeddable":true,"href":"https:\/\/www.sceltedigusto.it\/public\/wp-json\/wp\/v2\/tags?post=1288"}],"curies":[{"name":"wp","href":"https:\/\/api.w.org\/{rel}","templated":true}]}}