{"id":12646,"date":"2016-08-18T11:15:20","date_gmt":"2016-08-18T09:15:20","guid":{"rendered":"http:\/\/www.sceltedigusto.it\/public\/?p=12646"},"modified":"2016-08-18T17:43:21","modified_gmt":"2016-08-18T15:43:21","slug":"marianna-de-micheli-la-mia-cucina-e-in-alto-mare","status":"publish","type":"post","link":"https:\/\/www.sceltedigusto.it\/public\/marianna-de-micheli-la-mia-cucina-e-in-alto-mare\/","title":{"rendered":"Marianna De Micheli: &#8220;La mia cucina? E&#8217; in alto mare&#8221;"},"content":{"rendered":"<p><a href=\"http:\/\/www.sceltedigusto.it\/public\/wp-content\/uploads\/2016\/08\/carol.jpg\"><img loading=\"lazy\" class=\"size-medium wp-image-12649 alignleft\" src=\"http:\/\/www.sceltedigusto.it\/public\/wp-content\/uploads\/2016\/08\/carol-300x180.jpg\" alt=\"carol\" width=\"300\" height=\"180\" srcset=\"https:\/\/www.sceltedigusto.it\/public\/wp-content\/uploads\/2016\/08\/carol-300x180.jpg 300w, https:\/\/www.sceltedigusto.it\/public\/wp-content\/uploads\/2016\/08\/carol-1024x614.jpg 1024w, https:\/\/www.sceltedigusto.it\/public\/wp-content\/uploads\/2016\/08\/carol-768x461.jpg 768w, https:\/\/www.sceltedigusto.it\/public\/wp-content\/uploads\/2016\/08\/carol-1536x922.jpg 1536w, https:\/\/www.sceltedigusto.it\/public\/wp-content\/uploads\/2016\/08\/carol-2048x1229.jpg 2048w, https:\/\/www.sceltedigusto.it\/public\/wp-content\/uploads\/2016\/08\/carol-150x90.jpg 150w, https:\/\/www.sceltedigusto.it\/public\/wp-content\/uploads\/2016\/08\/carol-696x418.jpg 696w, https:\/\/www.sceltedigusto.it\/public\/wp-content\/uploads\/2016\/08\/carol-1068x641.jpg 1068w, https:\/\/www.sceltedigusto.it\/public\/wp-content\/uploads\/2016\/08\/carol-1920x1152.jpg 1920w, https:\/\/www.sceltedigusto.it\/public\/wp-content\/uploads\/2016\/08\/carol-700x420.jpg 700w\" sizes=\"(max-width: 300px) 100vw, 300px\" \/><\/a>Incontro <strong>Marianna De Micheli<\/strong> , la bellissima protagonista di <strong>Centovetrine<\/strong> conosciuta al grande pubblico per avere interpretato il ruolo di <strong>Carol Grimani<\/strong>, in quel di San Nicola l&#8217;Arena dove la brava attrice dal sorriso irresistibile era ormeggiata a bordo del suo <em><strong>Maipenra<\/strong><\/em>i: una barca a vela di nove metri in cui \u00a0l&#8217;attrice vive da due anni insieme al suo gatto, navigando i mari italiani all&#8217;insegna di una libert\u00e0 lunga migliaia di miglia.<a href=\"http:\/\/www.sceltedigusto.it\/public\/wp-content\/uploads\/2016\/08\/carol4.jpg\"><img loading=\"lazy\" class=\"size-medium wp-image-12653 alignright\" src=\"http:\/\/www.sceltedigusto.it\/public\/wp-content\/uploads\/2016\/08\/carol4-300x225.jpg\" alt=\"carol4\" width=\"300\" height=\"225\" srcset=\"https:\/\/www.sceltedigusto.it\/public\/wp-content\/uploads\/2016\/08\/carol4-300x225.jpg 300w, https:\/\/www.sceltedigusto.it\/public\/wp-content\/uploads\/2016\/08\/carol4.jpg 800w\" sizes=\"(max-width: 300px) 100vw, 300px\" \/><\/a> La De Micheli, elegante di portamento per natura ed anche al di fuori dei panni della ricca manager, conserva anche nei confronti della sua barca le attenzioni leziose che una donna riserva alla propria &#8220;casa&#8221;: cos\u00ec, quando la vedo letteralmente saltare dalla barca alla banchina del molo senza usare la passerella, mi sento trasalire. Ma lei mi dice &#8221; <strong>No, niente passerelle: ho appena rifatto il teak e non lascer\u00f2 che si graffi<\/strong>&#8220;. E poi salta gi\u00f9, come e forse meglio del suo gatto. Strabiliante.<\/p>\n<p><strong><a href=\"http:\/\/www.sceltedigusto.it\/public\/wp-content\/uploads\/2016\/08\/carol-gatto.jpg\"><img loading=\"lazy\" class=\"size-medium wp-image-12657 alignleft\" src=\"http:\/\/www.sceltedigusto.it\/public\/wp-content\/uploads\/2016\/08\/carol-gatto-300x180.jpg\" alt=\"carol gatto\" width=\"300\" height=\"180\" srcset=\"https:\/\/www.sceltedigusto.it\/public\/wp-content\/uploads\/2016\/08\/carol-gatto-300x180.jpg 300w, https:\/\/www.sceltedigusto.it\/public\/wp-content\/uploads\/2016\/08\/carol-gatto-1024x614.jpg 1024w\" sizes=\"(max-width: 300px) 100vw, 300px\" \/><\/a>Signora De Micheli, come mai un scelta tanto drastica?<\/strong><\/p>\n<p><em>La barca a vela, e pi\u00f9 in generale il mare, \u00e8 da sempre una mia grande passione. Diciamo che circa due anni fa si sono venute a creare le condizioni affinch\u00e8 la passione diventasse anche uno stile di vita, con la decisione da parte della produzione di chiudere <strong>Centovetrine<\/strong>, a cui lavoravo da otto anni nel ruolo di una delle protagoniste principali, la perfida<strong> Carol Grimani<\/strong>. Questo ha comportato che mi sia ritrovata all&#8217;improvviso disoccupata, cos\u00ec come molti altri colleghi, ma con il mutuo di un appartamento acquistato a Milano sulle spalle. E cos\u00ec, dato che il mutuo da solo non si paga di certo, ho messo in affitto l&#8217;appartamento e mi sono trasferita sulla mia Maipenrai insieme al mio gattone. Cosa che rifarei ancora ed ancora. Fondamentalmente \u00e8 stato un viaggio in Thailandia che ha modificato il mio punto di vista e che ha dato corpo ad un desiderio che coltivavo da tempo. Ecco, i viaggi mi hanno cambiata molto. Tra parentesi, il nome della mia barca \u00e8 proprio in lingua thailandese e significa &#8220;non importa&#8221;. Il mio fedele compagno di viaggio, il mio gatto, si chiama invece\u00a0<strong>Jingjok <\/strong>\u00a0che significa &#8220;Geco&#8221;. Studio la lingua thailandese: un&#8217;altra delle mie passioni.<\/em><\/p>\n<p><strong><a href=\"http:\/\/www.sceltedigusto.it\/public\/wp-content\/uploads\/2016\/08\/carol3.jpg\"><img loading=\"lazy\" class=\"size-medium wp-image-12651 alignright\" src=\"http:\/\/www.sceltedigusto.it\/public\/wp-content\/uploads\/2016\/08\/carol3-233x300.jpg\" alt=\"carol3\" width=\"233\" height=\"300\" srcset=\"https:\/\/www.sceltedigusto.it\/public\/wp-content\/uploads\/2016\/08\/carol3-233x300.jpg 233w, https:\/\/www.sceltedigusto.it\/public\/wp-content\/uploads\/2016\/08\/carol3.jpg 250w\" sizes=\"(max-width: 233px) 100vw, 233px\" \/><\/a>Ma non le mancano i comforts di una vera casa, i rumori della citt\u00e0, ma anche le opportunit\u00e0 di una citt\u00e0?I grandi negozi, i ristoranti?<\/strong><\/p>\n<p><em>No. Qui, e in generale in barca, ho tutto. Non c&#8217;\u00e8 niente di ci\u00f2 che facevo nelle citt\u00e0 in cui ho vissuto che non possa fare sulla mia barca. Il porto \u00e8 il contatto con le citt\u00e0. Scendendo a terra ritrovo, se ne ho voglia, tutto quello di cui lei parla. Per il resto lo stile di vita \u00e8 decisamente pi\u00f9 sano, cos\u00ec come sono pi\u00f9 sani i contatti umani: quel darsi una mano, quell&#8217;accogliersi senza conoscersi. Sono cose difficili da immaginare dall&#8217;esterno, ma che quando le vivi sono impagabili.<\/em><\/p>\n<p><strong>Ma l&#8217;inverno&#8230;<\/strong><\/p>\n<p><em>Niente di drammatico. Il prossimo inverno per\u00f2, dato che nel frattempo mi sono fidanzata, credo che lo passer\u00f2 a terra insieme al mio compagno.<\/em><\/p>\n<p><strong>Ma lei non ha paura, in mare, da sola, la notte?<\/strong><\/p>\n<p><em>Io ho sempre paura quando sono in mare. Guai a non averne: si rischierebbe molto \u00a0cedendo all&#8217;incoscienza. Ma non \u00e8 una paura paralizzante, anzi&#8230; E&#8217; una di quelle paure che nascono dal rispetto, del mare in questo caso, e che vanno vinte poco per volta, un giorno dopo l&#8217;altro.<\/em><\/p>\n<p><strong>E poi dovr\u00e0 prima o poi tornare a lavorare: come pensa di gestire questo stile di vita dovendo recitare?<\/strong><\/p>\n<p><a href=\"http:\/\/www.sceltedigusto.it\/public\/wp-content\/uploads\/2016\/08\/carol-e-io.jpg\"><img loading=\"lazy\" class=\"size-medium wp-image-12647 alignleft\" src=\"http:\/\/www.sceltedigusto.it\/public\/wp-content\/uploads\/2016\/08\/carol-e-io-300x180.jpg\" alt=\"carol e io\" width=\"300\" height=\"180\" srcset=\"https:\/\/www.sceltedigusto.it\/public\/wp-content\/uploads\/2016\/08\/carol-e-io-300x180.jpg 300w, https:\/\/www.sceltedigusto.it\/public\/wp-content\/uploads\/2016\/08\/carol-e-io-1024x614.jpg 1024w\" sizes=\"(max-width: 300px) 100vw, 300px\" \/><\/a><em>Le due cose saranno assolutamente compatibili. E certamente il lavoro \u00e8 una priorit\u00e0. Nel frattempo \u00a0ho iniziato a curare un blog per La Stampa. E poi c&#8217;\u00e8 il mio libro&#8230;<\/em><\/p>\n<p><strong>Eccoci al suo libro: Centoboline. Che ricorda, nel titolo, anche la celebre soap che l&#8217;ha vista protagonista per molti anni, ed amatissima a dispetto del personaggio &#8220;cattivello&#8221; che interpretava..<\/strong><\/p>\n<p><em>Esatto.<strong> Centoboline<\/strong> \u00e8 \u00a0essenzialmente il mio diario di bordo. Arricchito di esperienze, luoghi, persone, situazioni, emozioni. Ma \u00e8 anche il risultato di un percorso interiore che ho intrapreso nel corso dei miei viaggi, in particolare in Thailandia. Da tutte queste esperienze \u00e8 nata l&#8217;idea di\u00a0un libro. Un&#8217;esperienza a cui ero del tutto nuova e che reputo molto impegnativa, ma che mi ha resa felice. Sono contenta non soltanto di averlo dunque scritto , ma di poter raccontare &#8211; giorno dopo giorno &#8211; la mia esperienza in mare aperto. E&#8217; sempre una grande emozione.<\/em><\/p>\n<p><strong><a href=\"http:\/\/www.sceltedigusto.it\/public\/wp-content\/uploads\/2016\/08\/DeMicheliCentovetrine2.jpeg\"><img loading=\"lazy\" class=\"size-medium wp-image-12650 alignright\" src=\"http:\/\/www.sceltedigusto.it\/public\/wp-content\/uploads\/2016\/08\/DeMicheliCentovetrine2-300x167.jpeg\" alt=\"DeMicheliCentovetrine2\" width=\"300\" height=\"167\" srcset=\"https:\/\/www.sceltedigusto.it\/public\/wp-content\/uploads\/2016\/08\/DeMicheliCentovetrine2-300x167.jpeg 300w, https:\/\/www.sceltedigusto.it\/public\/wp-content\/uploads\/2016\/08\/DeMicheliCentovetrine2.jpeg 639w\" sizes=\"(max-width: 300px) 100vw, 300px\" \/><\/a><a href=\"http:\/\/www.sceltedigusto.it\/public\/wp-content\/uploads\/2016\/08\/libro.jpg\"><img loading=\"lazy\" class=\"wp-image-12660 alignleft\" src=\"http:\/\/www.sceltedigusto.it\/public\/wp-content\/uploads\/2016\/08\/libro-300x289.jpg\" alt=\"libro\" width=\"221\" height=\"213\" srcset=\"https:\/\/www.sceltedigusto.it\/public\/wp-content\/uploads\/2016\/08\/libro-300x289.jpg 300w, https:\/\/www.sceltedigusto.it\/public\/wp-content\/uploads\/2016\/08\/libro.jpg 471w\" sizes=\"(max-width: 221px) 100vw, 221px\" \/><\/a>Cosa c&#8217;\u00e8 nel futuro professionale di Marianna De Micheli, dismessi i panni di Carol Grimani?<\/strong><\/p>\n<p><em>Ebbene, sto lavorando ancora su Centoboline che diventer\u00e0 anche una piece teatrale. Io arrivo dal teatro e in teatro desidero tornare, non tralasciando ovviamente nessun&#8217;altra opportunit\u00e0 lavorativa. Centovetrime mi ha dato molto, moltissimo, sia dal punto di vista professionale che personale. Mi ha resa nota, famosa, amata, ed \u00e8 stata per me un&#8217;esperienza assolutamente preziosa. Ma quando lavori per troppo tempo in una soap allora il personaggio che interpreti rischi che ti si incolli addosso per sempre, rendendo difficoltoso intraprendere nuove esperienze e cucendoti addosso un clich\u00e8, e spesso anche un nome. Nell&#8217;immaginario collettivo degli spettatori io sono poco Marianna e molto Carol, tutt&#8217;oggi. Quindi, dato che le cose sono andate cos\u00ec, ne colgo l&#8217;aspetto positivo: posso tornare al \u00a0teatro, almeno temporaneamente. E lo far\u00f2 proprio con Centoboline.<\/em><\/p>\n<p><strong><a href=\"http:\/\/www.sceltedigusto.it\/public\/wp-content\/uploads\/2016\/08\/carol7.jpg\"><img loading=\"lazy\" class=\"size-medium wp-image-12656 alignleft\" src=\"http:\/\/www.sceltedigusto.it\/public\/wp-content\/uploads\/2016\/08\/carol7-300x225.jpg\" alt=\"carol7\" width=\"300\" height=\"225\" srcset=\"https:\/\/www.sceltedigusto.it\/public\/wp-content\/uploads\/2016\/08\/carol7-300x225.jpg 300w, https:\/\/www.sceltedigusto.it\/public\/wp-content\/uploads\/2016\/08\/carol7.jpg 800w\" sizes=\"(max-width: 300px) 100vw, 300px\" \/><\/a>Parliamo di cucina: come ci si organizza in un cucinino piccolo e traballante?<\/strong><\/p>\n<p><em>Benissimo! Chiaramente i piatti freddi sono meno impegnativi e quindi diventano una scelta frequente per i naviganti. Per comodit\u00e0, per velocit\u00e0, ma soprattutto per il fatto che nella cucina di una barca, e con i fornelli accesi, pu\u00f2 diventare molto caldo. Ma non rinuncio n\u00e8 al gusto n\u00e8 alla fantasia. Immense insalate piene di tutto, panini farciti con ogni ben di Dio..Io per\u00f2 sono abbastanza golosa e non faccio a meno di cucinare. Il jolly di una cucina &#8220;in alto mare&#8221; \u00e8 la pentola a pressione: non se ne pu\u00f2 fare a meno. Intanto riduce i tempi di cottura degli alimenti e poi, dettaglio importantissimo, non rischia di versarti addosso litri di acqua bollente nel caso di un&#8217;onda improvvisa. La pentola a pressione \u00a0di fatto \u00e8 la mia cucina.<\/em><\/p>\n<p><strong><a href=\"http:\/\/www.sceltedigusto.it\/public\/wp-content\/uploads\/2016\/08\/carol5.jpg\"><img loading=\"lazy\" class=\"size-medium wp-image-12654 alignright\" src=\"http:\/\/www.sceltedigusto.it\/public\/wp-content\/uploads\/2016\/08\/carol5-300x225.jpg\" alt=\"carol5\" width=\"300\" height=\"225\" srcset=\"https:\/\/www.sceltedigusto.it\/public\/wp-content\/uploads\/2016\/08\/carol5-300x225.jpg 300w, https:\/\/www.sceltedigusto.it\/public\/wp-content\/uploads\/2016\/08\/carol5.jpg 800w\" sizes=\"(max-width: 300px) 100vw, 300px\" \/><\/a>E che cibi ama Marianna De Micheli?<\/strong><\/p>\n<p><em>La pasta, in cima a tutto. Adoro la pasta, condita nei modi pi\u00f9 disparati, anche semplicemente con pomodoro e basilico. Ma, nel corso dei miei viaggi, ho imparato a gustare le cucine del mondo, per molti versi diverse dalla nostra, che ogni tanto provo a replicare dandomi da fare nella cucina di Maipenrai. Le spezie, gli aromi, i piatti tipici&#8230;Ma ho fatto molte interessanti scoperte anche in giro per l&#8217; Italia, ad ogni approdo. Ho una vera passione per le friselle pugliesi, che trovo golosissime. Poi \u00a0naturalmente i pomodori maturi, i &#8220;nostri profumi&#8221;.. Qui in Sicilia ho mangiato ottimi capperi , e le melanzane, i pinoli, le mandorle. Si, sono decisamente una buona forchetta. Insomma, io in barca cucino e cucino bene. Ad una sola cosa ho dovuto rinunciare quasi del tutto da quando ho &#8220;preso il largo&#8221;, ovvero il latte. Non sono infatti totalmente immune al mal di mare, e trovo che il latte &#8211; specie unito al caff\u00e8 &#8211; talvolta mi disturbi. Ecco, questa \u00e8 la mia unica rinuncia &#8220;gastronomica&#8221;.<\/em><\/p>\n<p><strong>Cosa prevede per oggi il men\u00f9 di bordo di una bella attrice?<\/strong><\/p>\n<p><em>Spaghetti con pomodorini maturi e dolci e basilico fresco: ne vuole un po&#8217;?<\/em><\/p>\n<p>Ma perch\u00e8 no&#8230;<\/p>\n<p>&nbsp;<\/p>\n<p><strong>Alessandra Verzera<\/strong><\/p>\n<p>&nbsp;<\/p>\n<p>&nbsp;<\/p>\n<p>&nbsp;<\/p>\n<p>&nbsp;<\/p>\n","protected":false},"excerpt":{"rendered":"<p>Incontro Marianna De Micheli , la bellissima protagonista di Centovetrine conosciuta al grande pubblico per avere interpretato il ruolo di Carol Grimani, in quel di San Nicola l&#8217;Arena dove la brava attrice dal sorriso irresistibile era ormeggiata a bordo del suo Maipenrai: una barca a vela di nove metri in cui \u00a0l&#8217;attrice vive da due [&hellip;]<\/p>\n","protected":false},"author":18,"featured_media":12649,"comment_status":"open","ping_status":"open","sticky":false,"template":"","format":"standard","meta":[],"categories":[8,5435],"tags":[1252,8435,8436,8434,8433],"jetpack_featured_media_url":"https:\/\/www.sceltedigusto.it\/public\/wp-content\/uploads\/2016\/08\/carol.jpg","_links":{"self":[{"href":"https:\/\/www.sceltedigusto.it\/public\/wp-json\/wp\/v2\/posts\/12646"}],"collection":[{"href":"https:\/\/www.sceltedigusto.it\/public\/wp-json\/wp\/v2\/posts"}],"about":[{"href":"https:\/\/www.sceltedigusto.it\/public\/wp-json\/wp\/v2\/types\/post"}],"author":[{"embeddable":true,"href":"https:\/\/www.sceltedigusto.it\/public\/wp-json\/wp\/v2\/users\/18"}],"replies":[{"embeddable":true,"href":"https:\/\/www.sceltedigusto.it\/public\/wp-json\/wp\/v2\/comments?post=12646"}],"version-history":[{"count":7,"href":"https:\/\/www.sceltedigusto.it\/public\/wp-json\/wp\/v2\/posts\/12646\/revisions"}],"predecessor-version":[{"id":12667,"href":"https:\/\/www.sceltedigusto.it\/public\/wp-json\/wp\/v2\/posts\/12646\/revisions\/12667"}],"wp:featuredmedia":[{"embeddable":true,"href":"https:\/\/www.sceltedigusto.it\/public\/wp-json\/wp\/v2\/media\/12649"}],"wp:attachment":[{"href":"https:\/\/www.sceltedigusto.it\/public\/wp-json\/wp\/v2\/media?parent=12646"}],"wp:term":[{"taxonomy":"category","embeddable":true,"href":"https:\/\/www.sceltedigusto.it\/public\/wp-json\/wp\/v2\/categories?post=12646"},{"taxonomy":"post_tag","embeddable":true,"href":"https:\/\/www.sceltedigusto.it\/public\/wp-json\/wp\/v2\/tags?post=12646"}],"curies":[{"name":"wp","href":"https:\/\/api.w.org\/{rel}","templated":true}]}}