{"id":12610,"date":"2016-08-01T09:10:40","date_gmt":"2016-08-01T07:10:40","guid":{"rendered":"http:\/\/www.sceltedigusto.it\/public\/?p=12610"},"modified":"2016-08-01T09:10:40","modified_gmt":"2016-08-01T07:10:40","slug":"al-via-la-nuova-edizione-di-expogusto-salone-delle-eccellenze-enogastronomiche","status":"publish","type":"post","link":"https:\/\/www.sceltedigusto.it\/public\/al-via-la-nuova-edizione-di-expogusto-salone-delle-eccellenze-enogastronomiche\/","title":{"rendered":"Al via la nuova edizione di ExpoGusto, salone delle eccellenze enogastronomiche."},"content":{"rendered":"<p class=\"Corpo\" style=\"text-align: left;\" align=\"center\"><strong><i>Dal 30 settembre al 2 ottobre, ad Arezzo, la nuova edizione della manifestazione dedicata alla promozione del Made In Italy enogastronomici ed agroalimentare.<\/i><\/strong><\/p>\n<p><a href=\"http:\/\/www.sceltedigusto.it\/public\/wp-content\/uploads\/2016\/07\/ExpoGusto_FB-Ads.jpg\"><img loading=\"lazy\" class=\"alignleft wp-image-12606 size-medium\" src=\"http:\/\/www.sceltedigusto.it\/public\/wp-content\/uploads\/2016\/07\/ExpoGusto_FB-Ads-300x300.jpg\" alt=\"ExpoGusto_FB Ads\" width=\"300\" height=\"300\" srcset=\"https:\/\/www.sceltedigusto.it\/public\/wp-content\/uploads\/2016\/07\/ExpoGusto_FB-Ads-300x300.jpg 300w, https:\/\/www.sceltedigusto.it\/public\/wp-content\/uploads\/2016\/07\/ExpoGusto_FB-Ads-150x150.jpg 150w, https:\/\/www.sceltedigusto.it\/public\/wp-content\/uploads\/2016\/07\/ExpoGusto_FB-Ads-210x210.jpg 210w, https:\/\/www.sceltedigusto.it\/public\/wp-content\/uploads\/2016\/07\/ExpoGusto_FB-Ads.jpg 600w\" sizes=\"(max-width: 300px) 100vw, 300px\" \/><\/a>Sar\u00e0 Arezzo, una delle capitali mondiali della lavorazione dell&#8217;oro e dei preziosi in genere, ad ospitare questa nuova edizione di ExpoGusto, salone delle eccellenze agroalimentari ed enogastronomiche, che si svolger\u00e0 dal 30 settembre al 2 ottobre.<\/p>\n<p>Un\u2019edizione pensata ancora di pi\u00f9 per i protagonisti del settore, sempre pi\u00f9 internazionale, fruibile e funzionale al business delle aziende. <strong>Un evento che dar\u00e0 risposte concrete alle esigenze del mercato<\/strong>, facendo incontrare domanda e offerta sia dei consumatori che del trade.<\/p>\n<p>Per gli addetti ai lavori (espositori, buyers, operatori, giornalisti, etc) \u00e8 prevista una vasta gamma di workshop, seminari e presentazioni che tratteranno dei temi pi\u00f9 attuali.<\/p>\n<p>ExpoGusto non sar\u00e0 solo una vetrina espositiva di prodotti eccellenti che il visitatore potr\u00e0 conoscere, assaggiare ed acquistare, ma un\u2019opportunit\u00e0 concreta per le aziende espositrici.<a href=\"http:\/\/www.sceltedigusto.it\/public\/wp-content\/uploads\/2016\/07\/ExpoGusto-2014_Espositore.jpg\"><img loading=\"lazy\" class=\"alignright wp-image-12608 size-medium\" src=\"http:\/\/www.sceltedigusto.it\/public\/wp-content\/uploads\/2016\/07\/ExpoGusto-2014_Espositore-300x200.jpg\" alt=\"ExpoGusto-2014_Espositore\" width=\"300\" height=\"200\" srcset=\"https:\/\/www.sceltedigusto.it\/public\/wp-content\/uploads\/2016\/07\/ExpoGusto-2014_Espositore-300x200.jpg 300w, https:\/\/www.sceltedigusto.it\/public\/wp-content\/uploads\/2016\/07\/ExpoGusto-2014_Espositore.jpg 600w\" sizes=\"(max-width: 300px) 100vw, 300px\" \/><\/a><\/p>\n<p><strong>L\u2019edizione 2016 di ExpoGusto sar<\/strong><strong>\u00e0, infatti, fortemente proiettata al business<\/strong>, all\u2019incontro con delegazioni e con un calendario di incontri B2B, seminari e degustazioni professionali in grado di dare risposte concrete per le strategie commerciali del settore agroalimentare Made in Italy che vale 125 miliardi di euro, 36,8 miliardi dei quali esportati.<\/p>\n<p>Per favorire lo sviluppo di collaborazioni commerciali, durante la tre giorni verranno organizzati <strong>incontri B2B<\/strong>: operatori del canale HoReCa, <strong>buyer nazionali ed internazionali<\/strong> della D.O. e G.D.O., chef di altissimo livello sono gli operatori con i quali le aziende espositrici potranno interagire e confrontarsi direttamente.<\/p>\n<p>ExpoGusto diventa momento diretto a favorire anche la competitivit\u00e0 delle imprese promuovendone l\u2019accesso ai <strong>mercati internazionali<\/strong> attraverso un\u2019agenda programmata di incontri B2B con i buyer esteri che parteciperanno al salone.<\/p>\n<p><a href=\"http:\/\/www.sceltedigusto.it\/public\/wp-content\/uploads\/2016\/07\/Expogusto_B2B.jpg\"><img loading=\"lazy\" class=\"alignleft wp-image-12604 size-medium\" src=\"http:\/\/www.sceltedigusto.it\/public\/wp-content\/uploads\/2016\/07\/Expogusto_B2B-300x199.jpg\" alt=\"Expogusto_B2B\" width=\"300\" height=\"199\" srcset=\"https:\/\/www.sceltedigusto.it\/public\/wp-content\/uploads\/2016\/07\/Expogusto_B2B-300x199.jpg 300w, https:\/\/www.sceltedigusto.it\/public\/wp-content\/uploads\/2016\/07\/Expogusto_B2B-100x65.jpg 100w, https:\/\/www.sceltedigusto.it\/public\/wp-content\/uploads\/2016\/07\/Expogusto_B2B.jpg 600w\" sizes=\"(max-width: 300px) 100vw, 300px\" \/><\/a>Forte del successo della passata edizione, che ha visto la presenza di centinaia di brand internazionali, <strong>ExpoGusto<\/strong> conta gi\u00e0 numerosissime adesioni, che confermano la manifestazione come una vera e propria <strong>piattaforma per generare business<\/strong> e si prepara ad accogliere espositori e visitatori con un evento imperdibile.<\/p>\n<p>\u201c<em>Ai nostri espositori &#8211;<\/em> dichiara <strong>Giacomo Acciai<\/strong>, titolare di Iron3 &#8211; <em>oltre ad uno spazio espositivo offriamo anche l\u2019opportunit\u00e0 concreta di allargare i propri mercati e un&#8217;ampia rete di contatti qualificati che puntano a valorizzare e accrescere il business delle aziende. Stiamo organizzando un&#8217;edizione che vuole essere una piattaforma dove far emergere la qualit\u00e0 del prodotto, valorizzare le competenze e coltivare le relazioni ma allo stesso tempo anche un osservatorio di scambio e di crescita professionale che associa al momento espositivo un\u2019importante occasione di formazione ed eventi collaterali<\/em>\u201d.<a href=\"http:\/\/www.sceltedigusto.it\/public\/wp-content\/uploads\/2016\/07\/ExpoGusto_-Logo.png\"><img loading=\"lazy\" class=\"alignright wp-image-12605 size-medium\" src=\"http:\/\/www.sceltedigusto.it\/public\/wp-content\/uploads\/2016\/07\/ExpoGusto_-Logo-300x300.png\" alt=\"ExpoGusto_ Logo\" width=\"300\" height=\"300\" srcset=\"https:\/\/www.sceltedigusto.it\/public\/wp-content\/uploads\/2016\/07\/ExpoGusto_-Logo-300x300.png 300w, https:\/\/www.sceltedigusto.it\/public\/wp-content\/uploads\/2016\/07\/ExpoGusto_-Logo-150x150.png 150w, https:\/\/www.sceltedigusto.it\/public\/wp-content\/uploads\/2016\/07\/ExpoGusto_-Logo-210x210.png 210w, https:\/\/www.sceltedigusto.it\/public\/wp-content\/uploads\/2016\/07\/ExpoGusto_-Logo.png 400w\" sizes=\"(max-width: 300px) 100vw, 300px\" \/><\/a><\/p>\n<p>Sull&#8217;onda del successo della scorsa edizione, durante la quale sono stati organizzati oltre quaranta eventi tra cooking show, seminari, degustazioni guidate, laboratori e dimostrazioni in diretta, in un format che ha unito alla parte espositiva un ricco programma di appuntamenti dedicati all\u2019enogastronomia e ai suoi protagonisti, anche questa nuova edizione propone un fitto calendario di eventi.<\/p>\n<p>ExpoGusto \u00e8 organizzato da Iron3 in collaborazione con Arezzo Fiere e Congressi.<\/p>\n<p>&nbsp;<\/p>\n<p><strong>ExpoGusto <\/strong><\/p>\n<p>Arezzo Fiere | 30 settembre, 1-2 ottobre 2016<\/p>\n<p>Via Spallanzani, 23 | 52100 Arezzo<\/p>\n<p><a href=\"http:\/\/www.expogusto.it\">www.expogusto.it<\/a> | <a href=\"mailto:info@expogusto.it\">info@expogusto.it<\/a><\/p>\n","protected":false},"excerpt":{"rendered":"<p>Dal 30 settembre al 2 ottobre, ad Arezzo, la nuova edizione della manifestazione dedicata alla promozione del Made In Italy enogastronomici ed agroalimentare. Sar\u00e0 Arezzo, una delle capitali mondiali della lavorazione dell&#8217;oro e dei preziosi in genere, ad ospitare questa nuova edizione di ExpoGusto, salone delle eccellenze agroalimentari ed enogastronomiche, che si svolger\u00e0 dal 30 [&hellip;]<\/p>\n","protected":false},"author":18,"featured_media":12607,"comment_status":"open","ping_status":"open","sticky":false,"template":"","format":"standard","meta":[],"categories":[29,5435],"tags":[2041,8427,3167,1601,5925,8221,8220],"jetpack_featured_media_url":"https:\/\/www.sceltedigusto.it\/public\/wp-content\/uploads\/2016\/07\/ExpoGusto_Chef-.jpg","_links":{"self":[{"href":"https:\/\/www.sceltedigusto.it\/public\/wp-json\/wp\/v2\/posts\/12610"}],"collection":[{"href":"https:\/\/www.sceltedigusto.it\/public\/wp-json\/wp\/v2\/posts"}],"about":[{"href":"https:\/\/www.sceltedigusto.it\/public\/wp-json\/wp\/v2\/types\/post"}],"author":[{"embeddable":true,"href":"https:\/\/www.sceltedigusto.it\/public\/wp-json\/wp\/v2\/users\/18"}],"replies":[{"embeddable":true,"href":"https:\/\/www.sceltedigusto.it\/public\/wp-json\/wp\/v2\/comments?post=12610"}],"version-history":[{"count":2,"href":"https:\/\/www.sceltedigusto.it\/public\/wp-json\/wp\/v2\/posts\/12610\/revisions"}],"predecessor-version":[{"id":12614,"href":"https:\/\/www.sceltedigusto.it\/public\/wp-json\/wp\/v2\/posts\/12610\/revisions\/12614"}],"wp:featuredmedia":[{"embeddable":true,"href":"https:\/\/www.sceltedigusto.it\/public\/wp-json\/wp\/v2\/media\/12607"}],"wp:attachment":[{"href":"https:\/\/www.sceltedigusto.it\/public\/wp-json\/wp\/v2\/media?parent=12610"}],"wp:term":[{"taxonomy":"category","embeddable":true,"href":"https:\/\/www.sceltedigusto.it\/public\/wp-json\/wp\/v2\/categories?post=12610"},{"taxonomy":"post_tag","embeddable":true,"href":"https:\/\/www.sceltedigusto.it\/public\/wp-json\/wp\/v2\/tags?post=12610"}],"curies":[{"name":"wp","href":"https:\/\/api.w.org\/{rel}","templated":true}]}}