{"id":12532,"date":"2016-07-14T14:52:25","date_gmt":"2016-07-14T12:52:25","guid":{"rendered":"http:\/\/www.sceltedigusto.it\/public\/?p=12532"},"modified":"2016-07-14T14:52:25","modified_gmt":"2016-07-14T12:52:25","slug":"chicchi-riso-e-uva-5-chef-reiventano-larancina","status":"publish","type":"post","link":"https:\/\/www.sceltedigusto.it\/public\/chicchi-riso-e-uva-5-chef-reiventano-larancina\/","title":{"rendered":"Chicchi, Riso e Uva. 5 chef reiventano l&#8217;arancina"},"content":{"rendered":"<p>Dopo l&#8217;enorme successo della prima edizione, torna la manifestazione enogastronomica <strong><em>Chicchi, riso e uva di Sicilia<\/em><\/strong>, in programma il 17 luglio alle ore 20 alla Masseria Carminello di via Carminello 21 a Valverde, dedicata al prodotto siciliano per eccellenza: l&#8217;arancino. Cinque chef daranno vita a una serata dedicata al buon cibo in cui tradizione, innovazione e creativit\u00e0 culinaria saranno gli ingredienti principali. Ognuno di loro proporr\u00e0 una propria versione dell\u2019arancino dandogli un tocco personale e un\u2019interpretazione originale.<\/p>\n<p><strong>Accursio Capraro<\/strong> presenta <strong>La luce d&#8217;estate<\/strong>, un Arancino allo zafferano, limone e mandorla con un ripieno di gamberi, tenerumi e mozzarella. <strong>Micaela Di Cola in arte Mikychef<\/strong> propone l\u2019<strong>Arancina Cacio e pepe<\/strong> con cuore di fior di latte filante servito su crema di pecorino con erbe aromatiche e zeste di limone candite. Per <strong>Gioacchino Gaglio<\/strong> l\u2019Arancina \u00e8 <strong>Fimmina.<\/strong> Gli ingredienti che la compongono sono riso, rag\u00f9 di scoglio, succo Bloody Mary ricavato da datterino, sedano e cetriolo per dare una maggiore freschezza, capperi e gambero crudo. <strong>Fabio Leocata<\/strong>, chef della Masseria Carminello, proporr\u00e0 le <strong>3 Crispelle<\/strong>. Sar\u00e0 una rappresentazione delle due crispelle salate e di una dolce preparate con acciughe, ricotta, fiori di zucca. <strong>Salvatore Vicari<\/strong> opta per l\u2019<strong>Arancino aglio, olio e masculino<\/strong> con risotto in brodo dashi, mantecato con clorofilla di prezzemolo, farcito con tartarre di alici, panato con erbe aromatiche e accompagnato da alice in crosta e limone candito. \u201cSiamo felici di questa seconda edizione di Chicchi di riso e uva di Sicilia \u2013 spiegano <strong>Antonio Rosano e Giovanni Samperi, titolari della Masseria Carminello e della bottega Beddu Viddi e organizzatori della serata<\/strong> \u2013 Da sempre ci muoviamo per dare vita a iniziative di confronto, conoscenza e valorizzazione del nostro territorio e dei suoi prodotti. Siamo onorati della presenza di chef cos\u00ec bravi e cos\u00ec rappresentativi per la nostra isola e per il nostro Paese\u201d.<\/p>\n<p>Per accompagnare le pietanze preparate dai cinque chef d\u2019eccezione ci saranno vini siciliani: Alessandro Viola, Vino Scirto, Vini Patria, Vini Bedduviddi.<\/p>\n<p><strong>Gli chef protagonisti di Chicchi, Riso e Uva di Sicilia <\/strong><\/p>\n<p><strong><a href=\"http:\/\/www.sceltedigusto.it\/public\/wp-content\/uploads\/2016\/07\/accursio-capraro.jpg\"><img loading=\"lazy\" class=\"alignleft wp-image-12526 size-medium\" src=\"http:\/\/www.sceltedigusto.it\/public\/wp-content\/uploads\/2016\/07\/accursio-capraro-300x199.jpg\" alt=\"accursio capraro\" width=\"300\" height=\"199\" srcset=\"https:\/\/www.sceltedigusto.it\/public\/wp-content\/uploads\/2016\/07\/accursio-capraro-300x199.jpg 300w, https:\/\/www.sceltedigusto.it\/public\/wp-content\/uploads\/2016\/07\/accursio-capraro-100x65.jpg 100w, https:\/\/www.sceltedigusto.it\/public\/wp-content\/uploads\/2016\/07\/accursio-capraro.jpg 800w\" sizes=\"(max-width: 300px) 100vw, 300px\" \/><\/a>Accursio Craparo<\/strong>. Lo chiamano &#8220;il cuoco delle due Sicilie\u201d, perch\u00e9 le suggestioni dell\u2019infanzia e le ispirazioni dell\u2019esperienza lo hanno portato a viaggiare tra quella dell\u2019ovest e quella dell\u2019est. Nato a Sciacca, diplomato all\u2019Istituto Alberghiero, valigia e volont\u00e0 di apprendere questo mestiere lo hanno accompagnato per il mondo: dalle Dolomiti, fino in Germania, a Francoforte, all\u2019Osteria Enoteca (una stella della Guida Rossa), alla corte di Pietro Leemann dove ha trascorso 15 mesi, dal 2000 al 2002: e dove ha imparato l\u2019arte di apprezzare la naturalezza dei prodotti, il sapiente utilizzo degli ingredienti vegetali, la leggerezza dello stile, la trasposizione nella cucina mediterranea. Il richiamo della sua terra lo riporta in Sicilia. A est, stavolta. Cominciando la sua nuova esperienza a Modica, alla Fattoria delle Torri. Nel giugno 2014, \u00e8 nato Accursio Ristorante. E qui comincia, il suo nuovo cammino.<\/p>\n<p>&nbsp;<\/p>\n<p><strong>\u00a0<\/strong><\/p>\n<p><strong><a href=\"http:\/\/www.sceltedigusto.it\/public\/wp-content\/uploads\/2016\/07\/micaela-di-cola.jpg\"><img loading=\"lazy\" class=\"alignleft wp-image-12527 size-medium\" src=\"http:\/\/www.sceltedigusto.it\/public\/wp-content\/uploads\/2016\/07\/micaela-di-cola-210x300.jpg\" alt=\"micaela di cola\" width=\"210\" height=\"300\" srcset=\"https:\/\/www.sceltedigusto.it\/public\/wp-content\/uploads\/2016\/07\/micaela-di-cola-210x300.jpg 210w, https:\/\/www.sceltedigusto.it\/public\/wp-content\/uploads\/2016\/07\/micaela-di-cola.jpg 568w\" sizes=\"(max-width: 210px) 100vw, 210px\" \/><\/a>Micaela Di Cola in arte \u201c Mikychef \u201d, <\/strong>un concentrato di solarit\u00e0 e passione. Da generazioni si respira nella sua famiglia la ristorazione con ben 7 ristoranti romani, ma lei opta per una strada alternativa: Executive Chef tra Roma, Milano, Parigi, Bangkok, Saint Tropez. \u00c8 consulente per start up di ristoranti ed home economist per pubblicit\u00e0, cinema e Tv. Brand Ambassador per aziende di enogastronomia, \u00e8 stata la Testimonial all&#8217;Expo 2015 per uno dei marchi di eccellenza del settore.<\/p>\n<p>La sua cucina seduce per la rigorosa qualit\u00e0, radicata nella migliore tradizione ed abbinata all&#8217;attenta presentazione dei piatti. Tra i suoi lavori di immagine, ricordiamo diverse cose apprezzate anche in Tv, ovvero la pubblicit\u00e0 dell&#8217;acqua Uliveto con Alessandro Del Piero e Laura Chiatti; la fiction Mediaset &#8220;Benvenuti a Tavola&#8221;, con Fabrizio Bentivoglio e Giorgio Tirabassi e le diverse partecipazioni tecniche ad Alice Tv, per Sky Italia. Si potrebbe definire una romana doc che ama portare la cucina del Territorio in giro per il mondo.<\/p>\n<p><strong>\u00a0<\/strong><\/p>\n<p><strong>Gioacchino Gaglio<\/strong> \u00e8 cresciuto a Montelepre, un paesino in provincia di Palermo. <a href=\"http:\/\/www.sceltedigusto.it\/public\/wp-content\/uploads\/2016\/07\/gioacchino-gaglio.jpg\"><img loading=\"lazy\" class=\"alignright wp-image-12530 size-medium\" src=\"http:\/\/www.sceltedigusto.it\/public\/wp-content\/uploads\/2016\/07\/gioacchino-gaglio-300x198.jpg\" alt=\"gioacchino gaglio\" width=\"300\" height=\"198\" srcset=\"https:\/\/www.sceltedigusto.it\/public\/wp-content\/uploads\/2016\/07\/gioacchino-gaglio-300x198.jpg 300w, https:\/\/www.sceltedigusto.it\/public\/wp-content\/uploads\/2016\/07\/gioacchino-gaglio-100x65.jpg 100w, https:\/\/www.sceltedigusto.it\/public\/wp-content\/uploads\/2016\/07\/gioacchino-gaglio.jpg 640w\" sizes=\"(max-width: 300px) 100vw, 300px\" \/><\/a>Il ricordo pi\u00f9 bello della sua infanzia sono i profumi che sentiva per casa. Suo padre voleva che studiasse per avere una vita meno difficile, ma la passione per la cucina era troppo forte. Inizia a lavorare come cuoco a Palermo, ma non gli basta, ha voglia di imparare, di diventare un grande Chef e allora decide di iscriversi al corso superiore di cucina italiana &#8220;L&#8217;Alma&#8221;. Da allora \u00e8 in continua crescita, lavora, solo per citarne alcuni, da Uliassi (2 Stelle Michelin), da Mauro Ricciardi alle Tamerici (1 Stella Michelin), al Rossellinis (2 Stelle Michelin), a Londra presso l&#8217;Enoteca Turi e presso La Trompette (1 Stella Michelin).<\/p>\n<p><strong>\u00a0<\/strong><\/p>\n<p><strong>\u00a0<\/strong><\/p>\n<p><strong><a href=\"http:\/\/www.sceltedigusto.it\/public\/wp-content\/uploads\/2016\/07\/fabio-leocata.jpg\"><img loading=\"lazy\" class=\"alignleft wp-image-12528 size-medium\" src=\"http:\/\/www.sceltedigusto.it\/public\/wp-content\/uploads\/2016\/07\/fabio-leocata-233x300.jpg\" alt=\"fabio leocata\" width=\"233\" height=\"300\" srcset=\"https:\/\/www.sceltedigusto.it\/public\/wp-content\/uploads\/2016\/07\/fabio-leocata-233x300.jpg 233w, https:\/\/www.sceltedigusto.it\/public\/wp-content\/uploads\/2016\/07\/fabio-leocata-798x1024.jpg 798w, https:\/\/www.sceltedigusto.it\/public\/wp-content\/uploads\/2016\/07\/fabio-leocata.jpg 1066w\" sizes=\"(max-width: 233px) 100vw, 233px\" \/><\/a>Fabio Leocata<\/strong> da cinque anni \u00e8 alla guida della cucina di Masseria Carminello a Valverde, dove i piatti della cultura siciliana vengono riproposti in chiave contemporanea, combinandone i sapori e giocando sui contrasti. Oggi presta molta attenzione ai dettagli: dal processo della selezione degli alimenti, i migliori di stagione, fino alla creazione del pasto senza trascurare la presentazione dello stesso per regalare ai suoi commensali anche un&#8217;importante esperienza visiva.<\/p>\n<p><strong>\u00a0<\/strong><\/p>\n<p><strong>\u00a0<\/strong><\/p>\n<p><strong>Salvatore Vicari<\/strong> ha la passione per la cucina da quando \u00e8 nato 33 anni fa.<a href=\"http:\/\/www.sceltedigusto.it\/public\/wp-content\/uploads\/2016\/07\/salvatore-vicari.jpg\"><img loading=\"lazy\" class=\"alignright wp-image-12531 size-medium\" src=\"http:\/\/www.sceltedigusto.it\/public\/wp-content\/uploads\/2016\/07\/salvatore-vicari-300x254.jpg\" alt=\"salvatore vicari\" width=\"300\" height=\"254\" srcset=\"https:\/\/www.sceltedigusto.it\/public\/wp-content\/uploads\/2016\/07\/salvatore-vicari-300x254.jpg 300w, https:\/\/www.sceltedigusto.it\/public\/wp-content\/uploads\/2016\/07\/salvatore-vicari-1024x867.jpg 1024w, https:\/\/www.sceltedigusto.it\/public\/wp-content\/uploads\/2016\/07\/salvatore-vicari.jpg 1073w\" sizes=\"(max-width: 300px) 100vw, 300px\" \/><\/a> Ci racconta di suo padre che onora ed esalta la sua prima parmigiana di melanzane realizzata a 7 anni. Sono ancora vivi in lui i ricordi di profumi e sapori delle \u201cmagie\u201d che uscivano dal forno a legna la domenica mattina in campagna, le cotture odissiache dei legumi nella pentola in ghisa sulla cucina francese a casa della nonna. Inizia pieno di entusiasmo, da autodidatta, facendo esperienza sul campo, lavorando sodo e frequentando Corrado Assenza, non solo in quanto cliente e degustatore dello stimato \u201cCaff\u00e8 Sicilia\u201d ma anche come allievo attento e buon ascoltatore. Il pi\u00f9 grande insegnamento \u00e8 stato aver capito la necessit\u00e0 di usare materie prime di qualit\u00e0 per ottenere risultati soddisfacenti. Ha rappresentato la citt\u00e0 di Noto ad Expo Milano 2015, con un cooking show e una cena che sono stati occasione per raccontare storie, ricette, segreti, aneddoti gastronomici.<\/p>\n","protected":false},"excerpt":{"rendered":"<p>Dopo l&#8217;enorme successo della prima edizione, torna la manifestazione enogastronomica Chicchi, riso e uva di Sicilia, in programma il 17 luglio alle ore 20 alla Masseria Carminello di via Carminello 21 a Valverde, dedicata al prodotto siciliano per eccellenza: l&#8217;arancino. Cinque chef daranno vita a una serata dedicata al buon cibo in cui tradizione, innovazione [&hellip;]<\/p>\n","protected":false},"author":18,"featured_media":12529,"comment_status":"open","ping_status":"open","sticky":false,"template":"","format":"standard","meta":[],"categories":[29,5435],"tags":[8369,8376,8373,8372,8371,8374,8375,8370,7981,8379,8378,8377],"jetpack_featured_media_url":"https:\/\/www.sceltedigusto.it\/public\/wp-content\/uploads\/2016\/07\/chicchi-riso-e-uva-gli-chef.jpg","_links":{"self":[{"href":"https:\/\/www.sceltedigusto.it\/public\/wp-json\/wp\/v2\/posts\/12532"}],"collection":[{"href":"https:\/\/www.sceltedigusto.it\/public\/wp-json\/wp\/v2\/posts"}],"about":[{"href":"https:\/\/www.sceltedigusto.it\/public\/wp-json\/wp\/v2\/types\/post"}],"author":[{"embeddable":true,"href":"https:\/\/www.sceltedigusto.it\/public\/wp-json\/wp\/v2\/users\/18"}],"replies":[{"embeddable":true,"href":"https:\/\/www.sceltedigusto.it\/public\/wp-json\/wp\/v2\/comments?post=12532"}],"version-history":[{"count":1,"href":"https:\/\/www.sceltedigusto.it\/public\/wp-json\/wp\/v2\/posts\/12532\/revisions"}],"predecessor-version":[{"id":12533,"href":"https:\/\/www.sceltedigusto.it\/public\/wp-json\/wp\/v2\/posts\/12532\/revisions\/12533"}],"wp:featuredmedia":[{"embeddable":true,"href":"https:\/\/www.sceltedigusto.it\/public\/wp-json\/wp\/v2\/media\/12529"}],"wp:attachment":[{"href":"https:\/\/www.sceltedigusto.it\/public\/wp-json\/wp\/v2\/media?parent=12532"}],"wp:term":[{"taxonomy":"category","embeddable":true,"href":"https:\/\/www.sceltedigusto.it\/public\/wp-json\/wp\/v2\/categories?post=12532"},{"taxonomy":"post_tag","embeddable":true,"href":"https:\/\/www.sceltedigusto.it\/public\/wp-json\/wp\/v2\/tags?post=12532"}],"curies":[{"name":"wp","href":"https:\/\/api.w.org\/{rel}","templated":true}]}}