{"id":12480,"date":"2016-07-09T14:17:21","date_gmt":"2016-07-09T12:17:21","guid":{"rendered":"http:\/\/www.sceltedigusto.it\/public\/?p=12480"},"modified":"2016-07-09T18:19:20","modified_gmt":"2016-07-09T16:19:20","slug":"editoriale-la-favorita-e-di-moda-un-po-di-ascot-a-palermo","status":"publish","type":"post","link":"https:\/\/www.sceltedigusto.it\/public\/editoriale-la-favorita-e-di-moda-un-po-di-ascot-a-palermo\/","title":{"rendered":"Editoriale. &#8220;La Favorita \u00e8 di moda&#8221;"},"content":{"rendered":"<p><a href=\"http:\/\/www.sceltedigusto.it\/public\/wp-content\/uploads\/2016\/07\/ascot11.jpg\"><img loading=\"lazy\" class=\"size-medium wp-image-12499 alignleft\" src=\"http:\/\/www.sceltedigusto.it\/public\/wp-content\/uploads\/2016\/07\/ascot11-300x207.jpg\" alt=\"ascot1\" width=\"300\" height=\"207\" \/><\/a>Perch\u00e8 vi racconto di qualcosa che non ha alcuna attinenza con il cibo? Perch\u00e8 le occasioni in cui ho ceduto a rarissime deroghe \u00a0in diversi anni, lo meritavano davvero. Come in questo caso. Come sempre quando le forze buone della citt\u00e0, di questa citt\u00e0 che produce, che vive, che crea e che guarda avanti con un entusiasmo ormai difficilissimo da tenere vivo, si mettono insieme per dare vita a qualcosa di bello, di colorato, di gioioso. E di elegante. E&#8217; stata infatti \u00a0una serata all&#8217;insegna dell&#8217;allegria e della bellezza quella che ieri sera si \u00e8 svolta presso l&#8217;<strong> Ippodromo della Favorita<\/strong>.<br \/>\nUna serata che ha &#8220;giocato&#8221; ma non troppo \u00a0con la tradizione, a volte un po&#8217; bizzarra ma certamente sempre molto <em>glamour<\/em> del <strong>Royal Ascot<\/strong>, l&#8217;impianto ippico probabilmente pi\u00f9 famoso al mondo frequentato dalla<strong> Casa Reale inglese<\/strong>, dalle signore della nobilt\u00e0, della media ed alta borghesia. <a href=\"http:\/\/www.sceltedigusto.it\/public\/wp-content\/uploads\/2016\/07\/kate.jpg\"><img loading=\"lazy\" class=\"size-medium wp-image-12488 alignright\" src=\"http:\/\/www.sceltedigusto.it\/public\/wp-content\/uploads\/2016\/07\/kate-300x180.jpg\" alt=\"kate\" width=\"300\" height=\"180\" srcset=\"https:\/\/www.sceltedigusto.it\/public\/wp-content\/uploads\/2016\/07\/kate-300x180.jpg 300w, https:\/\/www.sceltedigusto.it\/public\/wp-content\/uploads\/2016\/07\/kate.jpg 820w\" sizes=\"(max-width: 300px) 100vw, 300px\" \/><\/a>Che sfoggiano tutte un cappello, che sia quanto pi\u00f9 originale ed &#8220;<em>eye catchin<\/em>g&#8221; possibile in onore della sovrana <strong>HRM Elisabetta II<\/strong>. \u00a0Ascot \u00e8 l&#8217;appuntamento che tutta l&#8217; Inghilterra attende di anno in anno, e che fu &#8220;regno&#8221; della fragile e bellissima <strong>Diana Spencer<\/strong> che per la prima volta ha portato davvero in alto le griffes italiane, <a href=\"http:\/\/www.sceltedigusto.it\/public\/wp-content\/uploads\/2016\/07\/diana.jpg\"><img loading=\"lazy\" class=\"wp-image-12487 alignleft\" src=\"http:\/\/www.sceltedigusto.it\/public\/wp-content\/uploads\/2016\/07\/diana-290x300.jpg\" alt=\"diana\" width=\"224\" height=\"232\" srcset=\"https:\/\/www.sceltedigusto.it\/public\/wp-content\/uploads\/2016\/07\/diana-290x300.jpg 290w, https:\/\/www.sceltedigusto.it\/public\/wp-content\/uploads\/2016\/07\/diana.jpg 634w\" sizes=\"(max-width: 224px) 100vw, 224px\" \/><\/a>sfoggiando<strong> Armani<\/strong> e <strong>Versace<\/strong> nelle occasioni pubbliche pi\u00f9 importanti con una grazia ed un&#8217;eleganza innate che lei seppe coltivare benissimo, pur nella sua breve vita, e che ora \u00e8 appannaggio della sanguigna ed energica lungocrinita <strong>Kate Middleton,<\/strong> il respiro nuovo di <strong>Casa Windsor<\/strong> e futura sovrana del Regno Unito. \u00a0Cos\u00ec ieri sera a Palermo la moda ha incontrato l&#8217;ippica in occasione delle <strong>Gare Gentlemen<\/strong> in notturna, con un messaggio importante, che \u00e8 quello contro la violenza di genere. <a href=\"http:\/\/www.sceltedigusto.it\/public\/wp-content\/uploads\/2016\/07\/cappelli.jpg\"><img loading=\"lazy\" class=\"size-medium wp-image-12483 alignright\" src=\"http:\/\/www.sceltedigusto.it\/public\/wp-content\/uploads\/2016\/07\/cappelli-300x239.jpg\" alt=\"cappelli\" width=\"300\" height=\"239\" srcset=\"https:\/\/www.sceltedigusto.it\/public\/wp-content\/uploads\/2016\/07\/cappelli-300x239.jpg 300w, https:\/\/www.sceltedigusto.it\/public\/wp-content\/uploads\/2016\/07\/cappelli.jpg 720w\" sizes=\"(max-width: 300px) 100vw, 300px\" \/><\/a>Idealmente i &#8220;<em>gentlemen<\/em>&#8221; hanno quindi dedicato le loro corse alle signore presenti, molte delle quali indossavano per l&#8217;appunto un copricapo. Sulle piste quindi gli uomini, nelle tribune le donne: a vario titolo. Cittadine, esponenti istituzionali, funzionarie, giornaliste. Me compresa, invitata al di la delle mie specificit\u00e0 professionali, in quanto donna, in quanto palermitana, in quanto voce in pi\u00f9 nella diffusione di questo messaggio importante che non deve assolutamente andare disperso, che \u00e8 quello che deve dire basta alla violenza sulle donne; di qualunque natura essa sia. \u00a0E cos\u00ec, mentre gli uomini facevano i loro giri di pista con i loro splendidi animali, su un tappeto bianco a ridosso della tribuna prendeva vita una sfilata di moda dedicata allo stile British che ha enfatizzato appunto un accessorio decisamente vezzoso: il cappellino. <a href=\"http:\/\/www.sceltedigusto.it\/public\/wp-content\/uploads\/2016\/07\/mad\u00ec.jpg\"><img loading=\"lazy\" class=\"size-medium wp-image-12489 alignleft\" src=\"http:\/\/www.sceltedigusto.it\/public\/wp-content\/uploads\/2016\/07\/mad\u00ec-300x180.jpg\" alt=\"mad\u00ec\" width=\"300\" height=\"180\" srcset=\"https:\/\/www.sceltedigusto.it\/public\/wp-content\/uploads\/2016\/07\/mad\u00ec-300x180.jpg 300w, https:\/\/www.sceltedigusto.it\/public\/wp-content\/uploads\/2016\/07\/mad\u00ec.jpg 1000w\" sizes=\"(max-width: 300px) 100vw, 300px\" \/><\/a>Le<em> griffes<\/em>, tutte siciliane, avevano la firma di <strong>Mad\u00ec Creazioni<\/strong>, di Marzia di Gaetano con la sua originalissima e colorata linea &#8220;<strong>Sicilia Bedda<\/strong>&#8220;. <strong>Leone Calzature<\/strong> ha fornito appunto le scarpe pi\u00f9 idonee a completare queste originalissime mise che hanno creato un <em>blend<\/em> gradevolissimo tra Sicilia ed Inghilterra fatto anche di accessori dal gusto unico firmati da<strong> \u00a0Maria Grazia Bonsignore<\/strong>, &#8220;signora&#8221; dei coralli e dei bijoux in ceramica barocca. \u00a0Non \u00e8 mancato l&#8217;abbigliamento sportivo, portato in passerella da <strong>Dainese<\/strong>. E, vista la stagione ed il fatto che non siamo avviliti dai rigori climatici dell&#8217; Inghilterra, nel nostro impianto ippico hanno sfilato anche i costumi da bagno ed il <em>beach wear<\/em> con <strong>Tata Blue<\/strong> di Mondello e la boutique<strong> Martinelli<\/strong> di Monreale. Al <em>dress code<\/em> del pomeriggio ha pensato <strong>La Vie En Rose<\/strong>, con completi morbidi e avvolgenti dai colori chiari e solari. <a href=\"http:\/\/www.sceltedigusto.it\/public\/wp-content\/uploads\/2016\/07\/cocco.jpg\"><img loading=\"lazy\" class=\"size-medium wp-image-12493 alignright\" src=\"http:\/\/www.sceltedigusto.it\/public\/wp-content\/uploads\/2016\/07\/cocco-300x247.jpg\" alt=\"cocco\" width=\"300\" height=\"247\" srcset=\"https:\/\/www.sceltedigusto.it\/public\/wp-content\/uploads\/2016\/07\/cocco-300x247.jpg 300w, https:\/\/www.sceltedigusto.it\/public\/wp-content\/uploads\/2016\/07\/cocco.jpg 511w\" sizes=\"(max-width: 300px) 100vw, 300px\" \/><\/a>E poi, quando la sera diventa eleganza al top, il <em>dress code<\/em> non pu\u00f2 che essere il lungo, per ogni signora che si rispetti: e cos\u00ec in passerella nuvole di chiffon colore del mare e corpetti preziosi firmati da <strong>Daniela Cocco<\/strong>, la giovane ed affermata stilista palermitana che disegna la Moda Sposa e cerimonia con successo ormai da molti anni. <a href=\"http:\/\/www.sceltedigusto.it\/public\/wp-content\/uploads\/2016\/07\/patrizia-di-dio-confcommercio-palermo-938x500.jpg\"><img loading=\"lazy\" class=\"size-medium wp-image-12490 alignleft\" src=\"http:\/\/www.sceltedigusto.it\/public\/wp-content\/uploads\/2016\/07\/patrizia-di-dio-confcommercio-palermo-938x500-300x159.jpg\" alt=\"patrizia-di-dio-confcommercio-palermo-938x500\" width=\"300\" height=\"159\" srcset=\"https:\/\/www.sceltedigusto.it\/public\/wp-content\/uploads\/2016\/07\/patrizia-di-dio-confcommercio-palermo-938x500-300x159.jpg 300w, https:\/\/www.sceltedigusto.it\/public\/wp-content\/uploads\/2016\/07\/patrizia-di-dio-confcommercio-palermo-938x500.jpg 938w\" sizes=\"(max-width: 300px) 100vw, 300px\" \/><\/a>Alla serata hanno preso parte la <strong>Presidente di Confcommercio<\/strong> Palermo e Terziario,la bellissima ed elegantissima \u00a0<strong>Patrizia Di Dio<\/strong>, che sostiene con vigore la campagna contro la violenza di genere gi\u00e0 presentata a Roma al vertice della Camera dei Deputati <strong>Laura Boldrini<\/strong>. Ma c&#8217;era anche una donna che non ci saremmo aspettate di incontrare in questo contesto: la campionessa di Judo<strong> Cristina Cianti<\/strong>. La Cianti, non senza qualche momento di vera commozione, ha parlato non soltanto dei successi di tante sue allieve &#8211; erano allineate in quattro con le loro belle cinture nere con in mezzo un giovane cintura marrone, troppo giovane per indossare la nera &#8211; ma della necessit\u00e0 da parte delle donne di imparare a difendersi, anche con l&#8217;uso e la pratica delle arti marziali.<a href=\"http:\/\/www.sceltedigusto.it\/public\/wp-content\/uploads\/2016\/07\/20160708_205144.jpg\"><img loading=\"lazy\" class=\"size-medium wp-image-12496 alignleft\" src=\"http:\/\/www.sceltedigusto.it\/public\/wp-content\/uploads\/2016\/07\/20160708_205144-180x300.jpg\" alt=\"20160708_205144\" width=\"180\" height=\"300\" srcset=\"https:\/\/www.sceltedigusto.it\/public\/wp-content\/uploads\/2016\/07\/20160708_205144-180x300.jpg 180w, https:\/\/www.sceltedigusto.it\/public\/wp-content\/uploads\/2016\/07\/20160708_205144-614x1024.jpg 614w, https:\/\/www.sceltedigusto.it\/public\/wp-content\/uploads\/2016\/07\/20160708_205144.jpg 1536w\" sizes=\"(max-width: 180px) 100vw, 180px\" \/><\/a> Sembra quasi anacronistico che una donna debba imparare a difendersi dagli uomini, in una societ\u00e0 ormai liberata da ogni tab\u00f9 e scevra da ipocrisie sessiste, eppure le cronache pi\u00f9 recenti sempre pi\u00f9 spesso purtroppo ci raccontano di violenze inaudite: di femminicidi, di vite vissute ai confini della schiavit\u00f9 anche sessuale, di soprusi, e di maltrattamenti grandi e piccoli, fisici e psicologici. <a href=\"http:\/\/www.sceltedigusto.it\/public\/wp-content\/uploads\/2016\/07\/cavalli.jpg\"><img loading=\"lazy\" class=\"size-medium wp-image-12497 alignright\" src=\"http:\/\/www.sceltedigusto.it\/public\/wp-content\/uploads\/2016\/07\/cavalli-200x300.jpg\" alt=\"cavalli\" width=\"200\" height=\"300\" srcset=\"https:\/\/www.sceltedigusto.it\/public\/wp-content\/uploads\/2016\/07\/cavalli-200x300.jpg 200w, https:\/\/www.sceltedigusto.it\/public\/wp-content\/uploads\/2016\/07\/cavalli.jpg 568w\" sizes=\"(max-width: 200px) 100vw, 200px\" \/><\/a>Ma quello che le cronache non ci raccontano si consuma quotidianamente nel silenzio delle case e nel buio dell&#8217;anima, perch\u00e8 non fa notizia e perch\u00e8 &#8211; se facesse notizia &#8211; non scriveremmo altro che di questo, \u00e8 la donna usata, raggirata, destinataria di falsi sentimenti, la donna delusa, la donna ferita. \u00a0Bene lo ha detto con voce stentorea<strong> Patrizia Di Dio<\/strong>: &#8221; <em>fino a che un solo uomo maltratter\u00e0 una sola donna allora noi non saremo un paese civile<\/em>&#8220;, guadagnando un applauso fragoroso da parte del pubblico presente. Ma, tornando alla parte &#8220;leggera&#8221; della serata voglio ricordare il gruppo di ballerini &#8220;<strong>Swing Cats<\/strong>&#8221; che ha allietato gli intermezzi tra le varie corse e le varie sfilate con un gusto retr\u00f2 tra i &#8220;<em>roaring twenties<\/em>&#8221; e gli anni dell&#8217;immediato dopoguerra\u00a0, ed il simpatico duo di voci e chitarre &#8220;<strong>Calandra e Calandra<\/strong>&#8220;, che ha cantato in lingua siciliana. <strong>Rosi De Simone<\/strong>, l&#8217;organizzatrice dell&#8217;evento, \u00a0affiancata dal<strong> Presidente<\/strong> della struttura <strong>Giovanni Cascio<\/strong>, ha ricordato come la citt\u00e0 si sia riappropriata nel tempo \u00a0di piazze storiche e monumenti prima consegnati al degrado e all&#8217;oblio e che ora sono punti nevralgici di cui la gente gode ogni giorno: da <strong>Piazza Bologni<\/strong> alle <strong>Mura delle Cattive<\/strong>. &#8220;<em>La Favorita \u00e8 un parco bello ed elegante che non ha nulla da invidiare agli ippodromi ingle<\/em>si&#8221; &#8211; ha detto la De Simone &#8211; &#8221; <em>anche se purtroppo alle sue spalle oggi vediamo un Monte Pellegri<a href=\"http:\/\/www.sceltedigusto.it\/public\/wp-content\/uploads\/2016\/07\/milvia.jpg\"><img loading=\"lazy\" class=\" wp-image-12502 alignleft\" src=\"http:\/\/www.sceltedigusto.it\/public\/wp-content\/uploads\/2016\/07\/milvia-300x241.jpg\" alt=\"milvia\" width=\"258\" height=\"207\" srcset=\"https:\/\/www.sceltedigusto.it\/public\/wp-content\/uploads\/2016\/07\/milvia-300x241.jpg 300w, https:\/\/www.sceltedigusto.it\/public\/wp-content\/uploads\/2016\/07\/milvia.jpg 715w\" sizes=\"(max-width: 258px) 100vw, 258px\" \/><\/a>no, il nostro Monte Pellegrino, la casa della nostra Santa Patrona, la casa di noi tutti, ferito e deturpato per mano di scellerati che lo hanno dato alle fiamme, non immaginando neanche il danno che hanno provocato e della ferita che hanno inferto ad ogni singolo palermitano<\/em>&#8220;.<\/p>\n<p><a href=\"http:\/\/www.sceltedigusto.it\/public\/wp-content\/uploads\/2016\/07\/cascio.jpg\"><img loading=\"lazy\" class=\"size-medium wp-image-12498 alignright\" src=\"http:\/\/www.sceltedigusto.it\/public\/wp-content\/uploads\/2016\/07\/cascio-300x196.jpg\" alt=\"cascio\" width=\"300\" height=\"196\" srcset=\"https:\/\/www.sceltedigusto.it\/public\/wp-content\/uploads\/2016\/07\/cascio-300x196.jpg 300w, https:\/\/www.sceltedigusto.it\/public\/wp-content\/uploads\/2016\/07\/cascio-100x65.jpg 100w, https:\/\/www.sceltedigusto.it\/public\/wp-content\/uploads\/2016\/07\/cascio.jpg 570w\" sizes=\"(max-width: 300px) 100vw, 300px\" \/><\/a>Cos\u00ec, grazie alla lungimiranza del <strong>Presidente Cascio<\/strong>, anche l&#8217;<strong>Ippodromo della Favorita<\/strong> diventa per i palermitani un&#8217;occasione in pi\u00f9: una meravigliosa &#8221; contaminazione&#8221; tra l&#8217;eleganza sobria di uno sport nobile e l&#8217;allegra freschezza della moda, in questo caso, ma nel futuro auspicabilmente anche di altro.<\/p>\n<p><a href=\"http:\/\/www.sceltedigusto.it\/public\/wp-content\/uploads\/2016\/07\/cinzia-gizzi.jpg\"><img loading=\"lazy\" class=\"wp-image-12492 alignleft\" src=\"http:\/\/www.sceltedigusto.it\/public\/wp-content\/uploads\/2016\/07\/cinzia-gizzi-258x300.jpg\" alt=\"cinzia gizzi\" width=\"204\" height=\"237\" srcset=\"https:\/\/www.sceltedigusto.it\/public\/wp-content\/uploads\/2016\/07\/cinzia-gizzi-258x300.jpg 258w, https:\/\/www.sceltedigusto.it\/public\/wp-content\/uploads\/2016\/07\/cinzia-gizzi.jpg 284w\" sizes=\"(max-width: 204px) 100vw, 204px\" \/><\/a>Chiss\u00e0 che non si possa realizzare anche qualcosa che abbia a che fare con il <em>food<\/em>, perch\u00e8 no.Una prima edizione quella di ieri sera\u00a0che ha il sapore di una sfida, di un esperimento ben riuscito, grazie anche alla professionalit\u00e0 di chi ha lavorato dietro le quinte, con il backstage a cura di \u00a0<strong>Vivia Cascio<\/strong>, il look dei protagonisti affidato a<strong> Francesco Cospolici<\/strong> ed il service \u00a0della <strong>Doctor Servi<\/strong>ce. La conduzione, fluida e piacevole, \u00e8 stata affidata alla sempre coinvolgente <strong>Cinzia Gizzi<\/strong>.<\/p>\n<p><strong>Alessandra Verzera<\/strong><\/p>\n","protected":false},"excerpt":{"rendered":"<p>Perch\u00e8 vi racconto di qualcosa che non ha alcuna attinenza con il cibo? Perch\u00e8 le occasioni in cui ho ceduto a rarissime deroghe \u00a0in diversi anni, lo meritavano davvero. Come in questo caso. Come sempre quando le forze buone della citt\u00e0, di questa citt\u00e0 che produce, che vive, che crea e che guarda avanti con [&hellip;]<\/p>\n","protected":false},"author":18,"featured_media":12499,"comment_status":"open","ping_status":"open","sticky":false,"template":"","format":"standard","meta":[],"categories":[5436,5435],"tags":[1252,8363,7107,8359,8355,8362,8353,7243,8357,8358,8360,8356,8361,8354],"jetpack_featured_media_url":"https:\/\/www.sceltedigusto.it\/public\/wp-content\/uploads\/2016\/07\/ascot11.jpg","_links":{"self":[{"href":"https:\/\/www.sceltedigusto.it\/public\/wp-json\/wp\/v2\/posts\/12480"}],"collection":[{"href":"https:\/\/www.sceltedigusto.it\/public\/wp-json\/wp\/v2\/posts"}],"about":[{"href":"https:\/\/www.sceltedigusto.it\/public\/wp-json\/wp\/v2\/types\/post"}],"author":[{"embeddable":true,"href":"https:\/\/www.sceltedigusto.it\/public\/wp-json\/wp\/v2\/users\/18"}],"replies":[{"embeddable":true,"href":"https:\/\/www.sceltedigusto.it\/public\/wp-json\/wp\/v2\/comments?post=12480"}],"version-history":[{"count":11,"href":"https:\/\/www.sceltedigusto.it\/public\/wp-json\/wp\/v2\/posts\/12480\/revisions"}],"predecessor-version":[{"id":12504,"href":"https:\/\/www.sceltedigusto.it\/public\/wp-json\/wp\/v2\/posts\/12480\/revisions\/12504"}],"wp:featuredmedia":[{"embeddable":true,"href":"https:\/\/www.sceltedigusto.it\/public\/wp-json\/wp\/v2\/media\/12499"}],"wp:attachment":[{"href":"https:\/\/www.sceltedigusto.it\/public\/wp-json\/wp\/v2\/media?parent=12480"}],"wp:term":[{"taxonomy":"category","embeddable":true,"href":"https:\/\/www.sceltedigusto.it\/public\/wp-json\/wp\/v2\/categories?post=12480"},{"taxonomy":"post_tag","embeddable":true,"href":"https:\/\/www.sceltedigusto.it\/public\/wp-json\/wp\/v2\/tags?post=12480"}],"curies":[{"name":"wp","href":"https:\/\/api.w.org\/{rel}","templated":true}]}}