{"id":12210,"date":"2016-06-06T16:49:49","date_gmt":"2016-06-06T14:49:49","guid":{"rendered":"http:\/\/www.sceltedigusto.it\/public\/?p=12210"},"modified":"2016-06-06T17:12:13","modified_gmt":"2016-06-06T15:12:13","slug":"piero-selvaggio-il-modicano-che-ha-scritto-la-storia-della-cucina-italiana-negli-usa","status":"publish","type":"post","link":"https:\/\/www.sceltedigusto.it\/public\/piero-selvaggio-il-modicano-che-ha-scritto-la-storia-della-cucina-italiana-negli-usa\/","title":{"rendered":"Piero Selvaggio, il Modicano che ha scritto la storia della Cucina Italiana negli USA"},"content":{"rendered":"<p><strong><a href=\"http:\/\/www.sceltedigusto.it\/public\/wp-content\/uploads\/2016\/06\/selvaggio3.jpg\"><img loading=\"lazy\" class=\"size-medium wp-image-12213 alignleft\" src=\"http:\/\/www.sceltedigusto.it\/public\/wp-content\/uploads\/2016\/06\/selvaggio3-300x224.jpg\" alt=\"selvaggio3\" width=\"300\" height=\"224\" srcset=\"https:\/\/www.sceltedigusto.it\/public\/wp-content\/uploads\/2016\/06\/selvaggio3-300x224.jpg 300w, https:\/\/www.sceltedigusto.it\/public\/wp-content\/uploads\/2016\/06\/selvaggio3-1024x765.jpg 1024w, https:\/\/www.sceltedigusto.it\/public\/wp-content\/uploads\/2016\/06\/selvaggio3-768x574.jpg 768w, https:\/\/www.sceltedigusto.it\/public\/wp-content\/uploads\/2016\/06\/selvaggio3-1536x1147.jpg 1536w, https:\/\/www.sceltedigusto.it\/public\/wp-content\/uploads\/2016\/06\/selvaggio3-2048x1530.jpg 2048w, https:\/\/www.sceltedigusto.it\/public\/wp-content\/uploads\/2016\/06\/selvaggio3-150x112.jpg 150w, https:\/\/www.sceltedigusto.it\/public\/wp-content\/uploads\/2016\/06\/selvaggio3-485x360.jpg 485w, https:\/\/www.sceltedigusto.it\/public\/wp-content\/uploads\/2016\/06\/selvaggio3-696x520.jpg 696w, https:\/\/www.sceltedigusto.it\/public\/wp-content\/uploads\/2016\/06\/selvaggio3-1068x798.jpg 1068w, https:\/\/www.sceltedigusto.it\/public\/wp-content\/uploads\/2016\/06\/selvaggio3-1920x1434.jpg 1920w, https:\/\/www.sceltedigusto.it\/public\/wp-content\/uploads\/2016\/06\/selvaggio3-562x420.jpg 562w, https:\/\/www.sceltedigusto.it\/public\/wp-content\/uploads\/2016\/06\/selvaggio3-80x60.jpg 80w, https:\/\/www.sceltedigusto.it\/public\/wp-content\/uploads\/2016\/06\/selvaggio3-265x198.jpg 265w\" sizes=\"(max-width: 300px) 100vw, 300px\" \/><\/a>Piero Selvaggio<\/strong>, nato e cresciuto a <strong>Modica<\/strong>, all\u2019et\u00e0 di 18 anni si trasferisce con la famiglia negli USA. Ritenuto l<strong>\u2019Ambasciatore della cucina italiana negli Stati Uniti<\/strong>, \u00e8 considerato il miglior ristoratore in assoluto di tutti i tempi. Selvaggio ritiene che il suo successo sia molto legato alle sue origini e alla sua sicilianit\u00e0. Con grande fierezza racconta che di avere cominciato la sua carriera dalla catena pi\u00f9 bassa della ristorazione, facendo il lavapiatti, per poi arrivare a creare un impero.<\/p>\n<p>Il suo primo ristorante <strong>Valentino<\/strong> <a href=\"http:\/\/Piero%20Selvaggio, il Modicano che ha scritto la storia della Cucina Italiana negli USA.\">(http:\/\/valentinosantamonica.com) <\/a>nasce nel 1972, oggi sono tre i locali di grande notoriet\u00e0 che gestisce con successo e che fatturano milioni di dollari ogni anno.<\/p>\n<p><strong>Piero, ci racconti come \u00e8 nata la sua passione per il cibo e per il mondo della ristorazione.<\/strong><\/p>\n<p><em>La mia passione per il cibo nasce quando, ancora giovane, raggiunsi mio zio a <strong>Los Angeles<\/strong>. Capii immediatamente che con la mia personalit\u00e0 e la mia solarit\u00e0 avrei potuto guadagnare bene nel settore della Ristorazione, soprattutto quella legata allo spettacolo. E cos\u00ec decisi di lanciarmi in questo mondo al quale oggi devo tutto. Dopo avere completato i miei studi, sentendomi ormai pronto per avviare una cosa tutta mia, aprii il primo ristorante <strong>Valentino<\/strong>. Capii presto che ero preparato ma ancora molto inesperto. Avevo le conoscenze ma non l\u2019esperienza. Questo mi fu molto chiaro quando, dopo 3 anni dall\u2019apertura, il mio socio anch\u2019esso Chef decise di lasciare il Ristorante. Li capii quanto avessi ancora da imparare. La mia avventura nel mondo della ristorazione comincia da qui e ad oggi la mia avventura continua.<\/em><\/p>\n<p><strong><a href=\"http:\/\/www.sceltedigusto.it\/public\/wp-content\/uploads\/2016\/06\/selavaggio.jpg\"><img loading=\"lazy\" class=\"size-full wp-image-12211 alignright\" src=\"http:\/\/www.sceltedigusto.it\/public\/wp-content\/uploads\/2016\/06\/selavaggio.jpg\" alt=\"selavaggio\" width=\"300\" height=\"168\" \/><\/a>Lei si trasferisce negli USA da adolescente, quindi verrebbe pi\u00f9 naturale considerarsi pi\u00f9 Americano che Italiano. Invece, dagli scritti leggo che Lei sente molto forte il legame con la sua terra natia, ci racconti.<\/strong><\/p>\n<p><em>Per farle comprendere quanto il mio legame con l\u2019Italia sia forte, le dico che vivo in America dalla fine del 1963 e ho ancora un accento quando parlo inglese. Amo ascoltare <strong>Mina, Celentano<\/strong>, tifo per la <strong>Juventus<\/strong>, mi piacciono le <strong>Ferrari<\/strong> e tutto quello che di bello e buono e&#8217; il made in Italy di questi ultimi 50 anni. Continuo a fare i cruciverba in Italiano. Insomma, sono il perfetto esempio di binomio Italo- Americano, che crede fortemente nel bagaglio culturale che le due culture danno ad un individuo. Il legame con la mia terra \u00e8 reso ancora pi\u00f9 forte dal mio lavoro, dalla passione per tutto quello che faccio, dall\u2019amore per la gastronomia e dall\u2019avere incrociato le strade di grandi chef. L\u2019appartenere a quella che dopo 17 anni considero una grande famiglia (Italo-Americana) ha fatto si che oggi possa portare con orgoglio la cucina italiana in giro per il mondo. Fra l&#8217;altro la prossima settimana, ho accettato di condurre un tour di VIP nella mia amata Sicilia. Sar\u00e0 una settimana all\u2019insegna dell\u2019arte, delle bellezze della cultura e tradizioni siciliane e soprattutto del buon cibo e del buon vino.<\/em><\/p>\n<p><strong><a href=\"http:\/\/www.sceltedigusto.it\/public\/wp-content\/uploads\/2016\/06\/selvaggio4.jpg\"><img loading=\"lazy\" class=\"size-medium wp-image-12214 alignleft\" src=\"http:\/\/www.sceltedigusto.it\/public\/wp-content\/uploads\/2016\/06\/selvaggio4-300x168.jpg\" alt=\"selvaggio4\" width=\"300\" height=\"168\" \/><\/a>Pioniere negli USA della Cucina Italiana e del movimento enologico degli anni 70 e 80, oggi \u00e8 considerato il massimo esponente nella ristorazione Americana.<\/strong><\/p>\n<p><em>Con <strong>Lidia Bastianich<\/strong>, sono l&#8217;ultimo filo di una generazione che avuto la fortuna di incominciare la nostra carriera negli anni 70. Anni di pionerismo, anni di missione pura, in un mondo gastronomico che cominciava appena a svegliarsi, che comprendeva il forte cambio generazionale che stava avvenendo. Da li sono nate le scuole di cucina, le mode, la televisione del food, la \u201csete\u201d Americana di abbracciare il made in Italy gastronomico.<\/em><\/p>\n<p><em><a href=\"http:\/\/www.sceltedigusto.it\/public\/wp-content\/uploads\/2016\/06\/Piero_Selvaggio_-_Valentino_Restaurant_Group_400.jpg\"><img loading=\"lazy\" class=\"size-medium wp-image-12215 alignright\" src=\"http:\/\/www.sceltedigusto.it\/public\/wp-content\/uploads\/2016\/06\/Piero_Selvaggio_-_Valentino_Restaurant_Group_400-240x300.jpg\" alt=\"Piero_Selvaggio_-_Valentino_Restaurant_Group_400\" width=\"240\" height=\"300\" srcset=\"https:\/\/www.sceltedigusto.it\/public\/wp-content\/uploads\/2016\/06\/Piero_Selvaggio_-_Valentino_Restaurant_Group_400-240x300.jpg 240w, https:\/\/www.sceltedigusto.it\/public\/wp-content\/uploads\/2016\/06\/Piero_Selvaggio_-_Valentino_Restaurant_Group_400-326x406.jpg 326w, https:\/\/www.sceltedigusto.it\/public\/wp-content\/uploads\/2016\/06\/Piero_Selvaggio_-_Valentino_Restaurant_Group_400.jpg 400w\" sizes=\"(max-width: 240px) 100vw, 240px\" \/><\/a>Sono stato indotto nel <strong>Who&#8217;s Who of Food &amp; Beverage<\/strong> in America, nella<strong> Hall of Fame<\/strong> dei vini Italiani. Ho ricevuto diversi <strong>James Beard Award<\/strong> e il Grand Award del <strong>Wine Spectator<\/strong> dal 1982. Ma tra I tanti riconoscimenti ricevuti legati all\u2019enogastronomia, sia in Italia, sia negli USA, quello di cui vado pi\u00f9 fiero \u00e8 l\u2019essere considerato un ambasciatore della cucina Italiana.<\/em><\/p>\n<p><strong>L\u2019organizzazione Italo-Americana pi\u00f9 nota al mondo, la NIAF, in collaborazione con la PBS ha di recente fatto un documentario sugli Italiani che hanno scritto la storia della comunit\u00e0 Italiana negli USA. Lei \u00e8 una delle storie di successo raccontate in questa serie TV. Quanto la inorgoglisce e perch\u00e8.<\/strong><\/p>\n<p><a href=\"http:\/\/www.pbs.org\/video\/2365431848\/\" target=\"_blank\" rel=\"nofollow\">http:\/\/www.pbs.org\/video\/2365431848\/<\/a><\/p>\n<p><em>Sono molto orgoglioso delle mie origini siciliane. In questo 50 anni sono passato attraverso tutti i vari stereotipi che vengono affibbiati ad un siciliano all\u2019estero. Siciliano uguale mafia, sino finalmente ad arrivare a siciliano sinonimo di grande ospitlit\u00e0, stelle <strong>Michelin<\/strong> e star chefs, insomma oggi la Siclilia \u00e8 uno di quei posti da visitare prima di morire ed io ne vado fiero!<\/em><\/p>\n<p><strong><br \/>\n<a href=\"http:\/\/www.sceltedigusto.it\/public\/wp-content\/uploads\/2016\/06\/selvaggio-figlio.jpg\"><img loading=\"lazy\" class=\"size-medium wp-image-12212 alignleft\" src=\"http:\/\/www.sceltedigusto.it\/public\/wp-content\/uploads\/2016\/06\/selvaggio-figlio-224x300.jpg\" alt=\"selvaggio figlio\" width=\"224\" height=\"300\" srcset=\"https:\/\/www.sceltedigusto.it\/public\/wp-content\/uploads\/2016\/06\/selvaggio-figlio-224x300.jpg 224w, https:\/\/www.sceltedigusto.it\/public\/wp-content\/uploads\/2016\/06\/selvaggio-figlio-767x1024.jpg 767w, https:\/\/www.sceltedigusto.it\/public\/wp-content\/uploads\/2016\/06\/selvaggio-figlio.jpg 1403w\" sizes=\"(max-width: 224px) 100vw, 224px\" \/><\/a>La sua cucina ed i suoi piatti sono influenzati dalla cucina siciliana?<\/strong><\/p>\n<p><em>Io devo tanto alla cucina italiana, agli chef che mi hanno ispirato ed insegnato ma anche a quelli che ho visto crescere e passare dalle mie cucine. Mi sono riinnammorato di un&#8217; Italia che da piccolo emigrante non conoscevo e non capivo. La mia cucina \u00e8 una cucina universale, cucino anche piatti titpici della tradizione culinaria Siciliana, in chiave moderna. Non credo in una cucina regionale ma a tema, rivisitata come fanno oggi i migliori chef usando prodotti tipici e di grande qualit\u00e0. Anche questo e&#8217; motivo di ispirazione e di sviluppo. Ed e&#8217; cosi che si diventa \u201cTrend Makers\u201d e non \u201cTrend Followers\u201d.<\/em><\/p>\n<p><strong>Come se tutto quello che ha realizzato sinora non fosse gi\u00e0 abbastanza, ha avuto anche il tempo di scrivere libri di cucina: \u201cThe Valentino Cookbook\u201d.<\/strong><\/p>\n<p><em>Ebbene si! Quest&#8217;anno compio 70 anni, ho deciso di concentrarmi sul \u201clibro\u201d pi\u00f9 bello della mia vita: la mia famiglia. Ho una splendida moglie e due bimbi stupendi e a loro voglio completamente dedicare questa fase della mia vita.<\/em><\/p>\n<p><strong>Tiziana Ciacciofera Triolo per SDG International<\/strong><\/p>\n<p>Photos: Courtesy of Mr. Selvaggio and his sole property.<\/p>\n","protected":false},"excerpt":{"rendered":"<p>Piero Selvaggio, nato e cresciuto a Modica, all\u2019et\u00e0 di 18 anni si trasferisce con la famiglia negli USA. Ritenuto l\u2019Ambasciatore della cucina italiana negli Stati Uniti, \u00e8 considerato il miglior ristoratore in assoluto di tutti i tempi. Selvaggio ritiene che il suo successo sia molto legato alle sue origini e alla sua sicilianit\u00e0. Con grande [&hellip;]<\/p>\n","protected":false},"author":18,"featured_media":12213,"comment_status":"open","ping_status":"open","sticky":false,"template":"","format":"standard","meta":[],"categories":[8,5435,5],"tags":[8290,5589,8289,971,8288,6017,1345,8287,1483,5875],"jetpack_featured_media_url":"https:\/\/www.sceltedigusto.it\/public\/wp-content\/uploads\/2016\/06\/selvaggio3-scaled.jpg","_links":{"self":[{"href":"https:\/\/www.sceltedigusto.it\/public\/wp-json\/wp\/v2\/posts\/12210"}],"collection":[{"href":"https:\/\/www.sceltedigusto.it\/public\/wp-json\/wp\/v2\/posts"}],"about":[{"href":"https:\/\/www.sceltedigusto.it\/public\/wp-json\/wp\/v2\/types\/post"}],"author":[{"embeddable":true,"href":"https:\/\/www.sceltedigusto.it\/public\/wp-json\/wp\/v2\/users\/18"}],"replies":[{"embeddable":true,"href":"https:\/\/www.sceltedigusto.it\/public\/wp-json\/wp\/v2\/comments?post=12210"}],"version-history":[{"count":3,"href":"https:\/\/www.sceltedigusto.it\/public\/wp-json\/wp\/v2\/posts\/12210\/revisions"}],"predecessor-version":[{"id":12220,"href":"https:\/\/www.sceltedigusto.it\/public\/wp-json\/wp\/v2\/posts\/12210\/revisions\/12220"}],"wp:featuredmedia":[{"embeddable":true,"href":"https:\/\/www.sceltedigusto.it\/public\/wp-json\/wp\/v2\/media\/12213"}],"wp:attachment":[{"href":"https:\/\/www.sceltedigusto.it\/public\/wp-json\/wp\/v2\/media?parent=12210"}],"wp:term":[{"taxonomy":"category","embeddable":true,"href":"https:\/\/www.sceltedigusto.it\/public\/wp-json\/wp\/v2\/categories?post=12210"},{"taxonomy":"post_tag","embeddable":true,"href":"https:\/\/www.sceltedigusto.it\/public\/wp-json\/wp\/v2\/tags?post=12210"}],"curies":[{"name":"wp","href":"https:\/\/api.w.org\/{rel}","templated":true}]}}