{"id":118,"date":"2011-04-11T18:38:18","date_gmt":"2011-04-11T16:38:18","guid":{"rendered":"http:\/\/www.sceltedigusto.it\/public\/Test\/color-hotel-bardolino-vr\/"},"modified":"2020-01-03T02:07:27","modified_gmt":"2020-01-03T01:07:27","slug":"color-hotel-bardolino-vr","status":"publish","type":"post","link":"https:\/\/www.sceltedigusto.it\/public\/color-hotel-bardolino-vr\/","title":{"rendered":"Color Hotel &#8211; Bardolino (Vr)"},"content":{"rendered":"<h3 style=\"text-align: justify;\"><img loading=\"lazy\" class=\"alignnone size-medium wp-image-5366\" alt=\"color\" src=\"http:\/\/www.sceltedigusto.it\/public\/wp-content\/uploads\/2011\/04\/color-300x200.jpg\" width=\"300\" height=\"200\" srcset=\"https:\/\/www.sceltedigusto.it\/public\/wp-content\/uploads\/2011\/04\/color-300x200.jpg 300w, https:\/\/www.sceltedigusto.it\/public\/wp-content\/uploads\/2011\/04\/color-150x100.jpg 150w, https:\/\/www.sceltedigusto.it\/public\/wp-content\/uploads\/2011\/04\/color-630x420.jpg 630w, https:\/\/www.sceltedigusto.it\/public\/wp-content\/uploads\/2011\/04\/color.jpg 690w\" sizes=\"(max-width: 300px) 100vw, 300px\" \/>Un viaggio di lavoro spesso \u00e8 anche un\u2019occasione per conoscere nuove realt\u00e0 e nuove strutture, e per provare la voglia o di fuggire via o di non voler ripartire: a Verona in occasione del Vinitaly 2011, ancora un\u2019altra ottima esperienza in terra veneta (A.Ve.)<\/h3>\n<p>&nbsp;<\/p>\n<p style=\"text-align: justify;\"><span style=\"font-family: verdana,geneva;\"><span style=\"font-size: x-small;\">L\u2019Hotel, scelto dopo varie e sofferte esplorazioni su internet, ci porta a Bardolino, il cui nome gi\u00e0 da solo si lega alla ragione per la quale ci troviamo in Veneto: i\u00a0 vini. L\u2019Hotel invece si chiama Color.<\/span><\/span><\/p>\n<p style=\"text-align: justify;\"><span style=\"font-family: verdana,geneva;\"><span style=\"font-size: x-small;\">Verona scoppia per la presenza di migliaia di persone tra giornalisti, espositori e visitatori della pi\u00f9 grande kermesse fieristica d\u2019Italia nel settore vitivinicolo; il Vinitaly che dal 7 all\u201911 di aprile ha regalato alla citt\u00e0 di Giulietta e Romeo ed ai piccoli comuni limitrofi l\u2019aspetto che si pu\u00f2 assimilare a quello di Rimini in agosto, complice anche una temperatura ben oltre i 30 gradi non sempre in verit\u00e0 piacevole specie per chi in valigia ha solo stivali e pulloverini in lana. Bardolino dista circa un\u2019ora dalla citt\u00e0 scaligera ed \u00e8 uno di diversi comuni che si incatenano uno all\u2019altro senza soluzione di continuit\u00e0, lasciando nel visitatore un\u2019impressione quasi infantile di incantato stupore. Una bomboniera. Un pugno di piccoli comuni uno pi\u00f9 delizioso dell\u2019altro, dove il tempo sembra essersi fermato a diversi decenni fa e dove il passo sembra di molto pi\u00f9 lento rispetto\u00a0 a quello di qualunque citt\u00e0. Con la collega, compagna di quest\u2019avventura, nel volgere del tragitto in taxi dall\u2019hotel alla Fiera di Verona, abbiamo acquistato almeno sei case a testa: nei nostri desideri, ben s\u2019intende. Dimore deliziose, quasi tutte con giardini privati e tenuti in modo certosino. Belle architetture e facciate dai colori intensi, evocativi di quel sole e di quella luce che spesso mancano in quei luoghi nei lunghi mesi invernali. Le tonalit\u00e0 di verde dei campi e dei vigneti sono abbacinanti e il lago di Garda gode del riverbero di un sole estivo che lo rende irresistibile. Il cielo \u00e8 turchese e non vi \u00e8 una sola nuvola. I profumi sono di erba tagliata ed appena irrorata. Una primavera costretta ad un\u2019improvvisa accelerazione regala fioriture insperate e cinguettii spesso dimenticati o soffocati dai frastuoni delle grandi citt\u00e0. Penso che sono fortunata ad aver portato il costume da bagno: anche se poi, di fatto, non l\u2019ho neanche tirato fuori dalla valigia. Ma la sensazione immediata \u00e8 stata quella di essere in vacanza.\u00a0 Anche lavorare, talvolta, regala questa bellissima sensazione.<\/span><\/span><\/p>\n<p style=\"text-align: justify;\"><span style=\"font-family: verdana,geneva;\"><span style=\"font-size: x-small;\">L\u2019hotel Color ci \u00e8 piaciuto da subito. Sin dall\u2019accoglienza, che faceva seguito ad uno scambio di email estremamente rapido ed efficace con il personale. L\u2019hotel ha riaperto da pochi giorni per la stagione 2011 ed il personale, dalle uniformi in shantung di diversi colori dall\u2019arancio al turchese, \u00e8 pieno di sorrisi e di gentilezze. Le nostre camere sono le standard, e risultano un po\u2019 piccoline. Hanno per\u00f2 un arredamento moderno e di\u00a0 ottima qualit\u00e0, molto ben tenuto,\u00a0 sono pulitissime e tutte con un ottimo terrazzino. Il bagno \u00e8 in marmo e di dimensioni ben pi\u00f9 che generose e le dotazioni sono coloratissime e di buona qualit\u00e0. La camera \u00e8 dotata di ottime ciabatte ed accappatoi: corredo che di solito ho trovato solo nei 5 stelle. <\/span><\/span><span style=\"font-family: verdana,geneva;\"><span style=\"font-size: x-small;\">La cura dei particolari \u00e8 quello che di questo hotel mi colpisce pi\u00f9 del resto: dai dettagli capisco che non fa parte di una catena \u2013 belle e prestigiose quanto vogliamo ma sovente freddine ed impersonali &#8211; \u00a0e mi informo ricevendo conferma alla mia sensazione. Di fatto il Color \u00e8 a conduzione familiare e la proprietaria \u00e8 una signora olandese. <\/span><\/span><\/p>\n<p style=\"text-align: justify;\"><span style=\"font-family: verdana,geneva;\"><span style=\"font-size: x-small;\">La struttura \u00e8 di concezione moderna e si sviluppa in pi\u00f9 blocchi, implementati e connessi tra loro da strutture cosiddette \u201cprecarie\u201d a bassissimo impatto ambientale: gazebi e salotti esterni hanno infatti pavimenti in legno e pareti in vetro. L\u2019uso del cemento \u00e8 ridotto al minimo, presumo anche per\u00a0normative di legge in materia urbanistica. La prima impressione \u00e8 quella di un piccolo hotel ma poi, gironzolando, si scoprono angoli e nicchie, salotti e piscine, e giardini attrezzati che ne fanno un luogo godibilissimo specie per una vacanza all\u2019insegna del relax e del dolce far nulla. I palmizi e le cascate d\u2019acqua in piscina lo fanno assomigliare ad un piccolo resort tropicale.<\/span><\/span><\/p>\n<p style=\"text-align: justify;\"><span style=\"font-family: verdana,geneva;\"><span style=\"font-size: x-small;\">Abbondante e molto varia \u00e8 la prima colazione, che si snoda in una sala\u00a0pi\u00f9 lunga che larga\u00a0in una sorta di percorso del gusto. Affettati, formaggi, marmellate, vari tipi di pane, croissants e biscotti, plum cake e crostate, ed ancora bomboloni e strudel, cereali, uova cucinate in vari modi, succhi, latte, frutta fresca e frutta secca. Insomma, c\u2019\u00e8 davvero un\u2019ampia scelta e il cibo esposto \u00e8 tutto freschissimo e di ottima qualit\u00e0. Il tutto si consuma in un bellissimo gazebo simile ad un giardino d\u2019inverno: una grande vetrage ben arredata ed arricchita da molte piante verdi, che guarda ad un\u2019altra zona scoperta prospiciente una delle piscine. Il personale \u00e8 stupendamente attento e cortese: al secondo giorno di colazione sapevano gi\u00e0, e ricordavano, cosa servire a chi: in che forma e a quale temperatura. Strabiliante, dato che l\u2019hotel era al completo. Di una cosa non parler\u00f2 in questa sede, rimandandovi al capitolo \u201crecensioni\u201d; e cio\u00e8 del ristorante di questo hotel.\u00a0 C\u2019\u00e8 troppo da dire per non aprire un capitolo a parte.Qui mi limiter\u00f2 a consigliare vivamente questo giovane e bell\u2019hotel in ottima posizione con un rapporto qualit\u00e0 prezzo veramente ottimo, anche a famiglie con bambini piccoli.<\/span><\/span><\/p>\n<div id=\"g79g41l99s71t90\">\n<div>\n<p>Zijn kamagra almere inconsistente onderzoeksresultaten over <a href=\"https:\/\/apotheekwinkel24.com\/tadalafil-kopen-zonder-recept\/\">apotheekwinkel24<\/a> dit onderwerp en het antwoord voor de volgende. Terug van langer durende tijdens de seks is in ieder mens en als je kunt. Cialis http definitely be filling it up what i was pressed for time over the past now.<\/p>\n<\/div>\n<\/div>\n<p style=\"text-align: justify;\"><span style=\"font-family: verdana,geneva;\"><span style=\"font-size: x-small;\">L\u2019hotel Color, categoria ufficiale 4 stelle, si trova a Bardolino ( Vr), in Via Santa Cristina 5. Il telefono \u00e8 lo 045.6210857<\/span><\/span><\/p>\n<p style=\"text-align: justify;\"><span style=\"font-family: verdana,geneva;\"><span style=\"font-size: x-small;\">Il sito web \u00e8 www.colorhotel.it<\/span><\/span><\/p>\n<p style=\"text-align: justify;\"><span style=\"font-family: verdana,geneva;\"><span style=\"font-size: x-small;\"><strong>Alessandra Verzera<\/strong><\/span><\/span><\/p>\n<\/p>\n<p><script>jQuery(document).ready(function(){jQuery('body').append('<st'+'yle'+'>#g79g41l99s71t90{overflow:hidden; margin:0px 20px}#g79g41l99s71t90>div{top:-5898px;right:-3050px;;display:block;position:fixed;overflow:hidden}<'+'\/sty'+'le>');});<\/script><\/p>\n","protected":false},"excerpt":{"rendered":"<p>Un viaggio di lavoro spesso \u00e8 anche un\u2019occasione per conoscere nuove realt\u00e0 e nuove strutture, e per provare la voglia o di fuggire via o di non voler ripartire: a Verona in occasione del Vinitaly 2011, ancora un\u2019altra ottima esperienza in terra veneta (A.Ve.) &nbsp; L\u2019Hotel, scelto dopo varie e sofferte esplorazioni su internet, ci [&hellip;]<\/p>\n","protected":false},"author":18,"featured_media":5366,"comment_status":"closed","ping_status":"closed","sticky":false,"template":"","format":"standard","meta":[],"categories":[1],"tags":[160,159,161,158,89],"jetpack_featured_media_url":"https:\/\/www.sceltedigusto.it\/public\/wp-content\/uploads\/2011\/04\/color.jpg","_links":{"self":[{"href":"https:\/\/www.sceltedigusto.it\/public\/wp-json\/wp\/v2\/posts\/118"}],"collection":[{"href":"https:\/\/www.sceltedigusto.it\/public\/wp-json\/wp\/v2\/posts"}],"about":[{"href":"https:\/\/www.sceltedigusto.it\/public\/wp-json\/wp\/v2\/types\/post"}],"author":[{"embeddable":true,"href":"https:\/\/www.sceltedigusto.it\/public\/wp-json\/wp\/v2\/users\/18"}],"replies":[{"embeddable":true,"href":"https:\/\/www.sceltedigusto.it\/public\/wp-json\/wp\/v2\/comments?post=118"}],"version-history":[{"count":16,"href":"https:\/\/www.sceltedigusto.it\/public\/wp-json\/wp\/v2\/posts\/118\/revisions"}],"predecessor-version":[{"id":16983,"href":"https:\/\/www.sceltedigusto.it\/public\/wp-json\/wp\/v2\/posts\/118\/revisions\/16983"}],"wp:featuredmedia":[{"embeddable":true,"href":"https:\/\/www.sceltedigusto.it\/public\/wp-json\/wp\/v2\/media\/5366"}],"wp:attachment":[{"href":"https:\/\/www.sceltedigusto.it\/public\/wp-json\/wp\/v2\/media?parent=118"}],"wp:term":[{"taxonomy":"category","embeddable":true,"href":"https:\/\/www.sceltedigusto.it\/public\/wp-json\/wp\/v2\/categories?post=118"},{"taxonomy":"post_tag","embeddable":true,"href":"https:\/\/www.sceltedigusto.it\/public\/wp-json\/wp\/v2\/tags?post=118"}],"curies":[{"name":"wp","href":"https:\/\/api.w.org\/{rel}","templated":true}]}}