{"id":11750,"date":"2016-04-12T12:59:32","date_gmt":"2016-04-12T10:59:32","guid":{"rendered":"http:\/\/www.sceltedigusto.it\/public\/?p=11750"},"modified":"2016-04-12T12:59:32","modified_gmt":"2016-04-12T10:59:32","slug":"nivarata-ad-acireale-il-festival-della-granita-siciliana","status":"publish","type":"post","link":"https:\/\/www.sceltedigusto.it\/public\/nivarata-ad-acireale-il-festival-della-granita-siciliana\/","title":{"rendered":"Nivarata : ad Acireale il Festival della Granita Siciliana."},"content":{"rendered":"<p><span style=\"font-size: 11.0pt; font-family: 'Calibri,BoldItalic','serif';\"><strong>Nivarata<\/strong>, <\/span><span style=\"font-size: 11.0pt; font-family: 'Calibri,Bold','serif';\">il festival internazionale della granita siciliana, torna in scena ad <strong>Acireale <\/strong><\/span><span style=\"font-size: 11.0pt; font-family: Calibri;\">per il consueto appuntamento di inizio estate, <\/span><span style=\"font-size: 11.0pt; font-family: 'Calibri,Bold','serif';\">il <strong>3, 4 e 5 giugno<\/strong> 2016. <\/span><span style=\"font-size: 11.0pt; font-family: Calibri;\">La manifestazione, <\/span><span style=\"font-size: 11.0pt; font-family: 'Calibri,Bold','serif';\">organizzata da <strong>Progetti Collaterali<\/strong> e <strong>Studio Muse<\/strong> in collaborazione con il comune di Acireale, <\/span><span style=\"font-size: 11.0pt; font-family: Calibri;\">alla sua quinta edizione continuer\u00e0 a deliziare i palati dei numerosi visitatori con le creazioni di \u201cgranitieri\u201d provenienti da tutto il mondo, in una location d\u2019eccezione: <strong>Piazza Duomo. <\/strong><\/span><\/p>\n<p><span style=\"font-size: 11.0pt; font-family: Calibri;\">Il nome <\/span><strong><span style=\"font-size: 11.0pt; font-family: 'Calibri,Italic','serif';\">Nivarata <\/span><\/strong><span style=\"font-size: 11.0pt; font-family: Calibri;\">prende spunto dagli antichi nivaroli, preziose figure del passato che, attraverso la raccolta e la custodia della neve depositata sulla sommit\u00e0 delle montagne, rendevano possibile la realizzazione del dolce freddo al cucchiaio, tipicamente siciliano. <\/span><\/p>\n<p><span style=\"font-size: 11.0pt; font-family: Calibri;\"><a href=\"http:\/\/www.sceltedigusto.it\/public\/wp-content\/uploads\/2016\/03\/2013-06-14-a-nivarata_2573_2.jpg\"><img loading=\"lazy\" class=\"alignleft wp-image-11747 size-medium\" src=\"http:\/\/www.sceltedigusto.it\/public\/wp-content\/uploads\/2016\/03\/2013-06-14-a-nivarata_2573_2-200x300.jpg\" alt=\"2013-06-14 a nivarata_2573_2\" width=\"200\" height=\"300\" srcset=\"https:\/\/www.sceltedigusto.it\/public\/wp-content\/uploads\/2016\/03\/2013-06-14-a-nivarata_2573_2-200x300.jpg 200w, https:\/\/www.sceltedigusto.it\/public\/wp-content\/uploads\/2016\/03\/2013-06-14-a-nivarata_2573_2-682x1024.jpg 682w, https:\/\/www.sceltedigusto.it\/public\/wp-content\/uploads\/2016\/03\/2013-06-14-a-nivarata_2573_2.jpg 2000w\" sizes=\"(max-width: 200px) 100vw, 200px\" \/><\/a><strong>La granita artigianale<\/strong>, oggi come allora, rimane una risorsa economica importante per la Sicilia. <\/span><span style=\"font-size: 11.0pt; font-family: 'Calibri,Bold','serif';\">Dopo il successo dell&#8217;edizione 2015 con oltre 110 mila visitatori, centinaia tra aziende, associazioni, istituzioni e gelatieri internazionali partecipanti, <\/span><span style=\"font-size: 11.0pt; font-family: Calibri;\">anche quest&#8217;anno gli organizzatori di <\/span><strong><span style=\"font-size: 11.0pt; font-family: 'Calibri,Italic','serif';\">Nivarata <\/span><\/strong><span style=\"font-size: 11.0pt; font-family: Calibri;\">presentano un festival all&#8217;insegna dell&#8217;artigianalit\u00e0, della qualit\u00e0 e della passione. <\/span><span style=\"font-size: 11.0pt; font-family: 'Calibri,Bold','serif';\">L\u2019utilizzo di materie prime di eccellenza e l\u2019inventiva dei maestri gelatieri &#8211; <\/span><span style=\"font-size: 11.0pt; font-family: Calibri;\">che fino allo scorso anno, hanno creato oltre 50 gusti diversi di granita &#8211; garantiscono il successo di una manifestazione che permette a migliaia di visitatori di assaporare un pro- dotto di altissima qualit\u00e0, <\/span><span style=\"font-size: 11.0pt; font-family: 'Calibri,Bold','serif';\">scoprendo inoltre l\u2019architettura, la storia e la cultura dell\u2019isola. <\/span><\/p>\n<p><span style=\"font-size: 11.0pt; font-family: 'Calibri,Bold','serif';\">\u201c<strong>Nivarata \u00e8 una scommessa vinta<\/strong>\u201d, commenta il sindaco di Acireale, <strong>Roberto Barbagallo<\/strong>. <\/span><span style=\"font-size: 11.0pt; font-family: Calibri;\">\u201cIl festival piace e cresce perch\u00e9 sfrutta con innovazione e originalit\u00e0 una peculiarit\u00e0 della tradizione dolciaria siciliana, che ad Acireale trova una culla d\u2019eccezione. <\/span><strong><span style=\"font-size: 11.0pt; font-family: 'Calibri,Italic','serif';\">Nivarata <\/span><\/strong><span style=\"font-size: 11.0pt; font-family: Calibri;\">promuove una fetta della nostra cultura e attrae ogni anno imprenditori e tantissimi visitatori: per questo l\u2019amministrazione comunale ha sostenuto e sosterr\u00e0 il festival\u201d.\u00a0<a href=\"http:\/\/www.sceltedigusto.it\/public\/wp-content\/uploads\/2016\/03\/1186170_1641848592714735_6619602907155123278_n-2.jpg\"><img loading=\"lazy\" class=\"alignright wp-image-11749 size-medium\" src=\"http:\/\/www.sceltedigusto.it\/public\/wp-content\/uploads\/2016\/03\/1186170_1641848592714735_6619602907155123278_n-2-199x300.jpg\" alt=\"1186170_1641848592714735_6619602907155123278_n-2\" width=\"199\" height=\"300\" srcset=\"https:\/\/www.sceltedigusto.it\/public\/wp-content\/uploads\/2016\/03\/1186170_1641848592714735_6619602907155123278_n-2-199x300.jpg 199w, https:\/\/www.sceltedigusto.it\/public\/wp-content\/uploads\/2016\/03\/1186170_1641848592714735_6619602907155123278_n-2.jpg 638w\" sizes=\"(max-width: 199px) 100vw, 199px\" \/><\/a><\/span><\/p>\n<p><span style=\"font-size: 11.0pt; font-family: Calibri;\">Durante i tre giorni di <\/span><span style=\"font-size: 11.0pt; font-family: 'Calibri,Italic','serif';\"><strong>Nivarata<\/strong>, <\/span><span style=\"font-size: 11.0pt; font-family: 'Calibri,Bold','serif';\">anche concorsi per premiare le granite speciali e innovative: professionisti del settore si sfideranno nel tradizionale concorso \u201c<strong>Granita dell\u2019anno<\/strong>\u201d, e per ottenere gli ambiti premi \u201cDon Angelino\u201d &#8211; <\/span><span style=\"font-size: 11.0pt; font-family: Calibri;\">assegnato a chi sapr\u00e0 distinguersi nella tecnica di lavorazione \u2013 <\/span><span style=\"font-size: 11.0pt; font-family: 'Calibri,Bold','serif';\">e \u201c<strong>Caviezel<\/strong>\u201d, <\/span><span style=\"font-size: 11.0pt; font-family: Calibri;\">dedicato al gelato artigianale. <\/span><\/p>\n<p><strong><span style=\"font-size: 11.0pt; font-family: 'Calibri,Bold','serif';\">Nivarata <\/span><\/strong><span style=\"font-size: 11.0pt; font-family: Calibri;\">prevede <\/span><span style=\"font-size: 11.0pt; font-family: 'Calibri,Bold','serif';\">incontri, degustazioni, live food show, attivit\u00e0 per bambini, itinerari culturali e naturalistici, artisti di strada e sfilate di mezzi d\u2019epoca. <\/span><\/p>\n<p><span style=\"font-size: 11.0pt; font-family: Calibri;\">E ancora, <\/span><span style=\"font-size: 11.0pt; font-family: 'Calibri,Bold','serif';\">dibattiti culturali, convegni storici, workshop e una mostra storica della granita siciliana, <\/span><span style=\"font-size: 11.0pt; font-family: Calibri;\">con un percorso espositivo polisensoriale. In programma anche la <\/span><span style=\"font-size: 11.0pt; font-family: 'Calibri,Bold','serif';\">manifestazione \u201cLa granita buona che fa bene anche agli altri\u201d, <\/span><span style=\"font-size: 11.0pt; font-family: Calibri;\">serata di sensibilizzazione per il tumore. <\/span><\/p>\n<p><span style=\"font-size: 11.0pt; font-family: Calibri;\">Il festival, <\/span><span style=\"font-size: 11.0pt; font-family: 'Calibri,Bold','serif';\">oltre ai produttori di materie prime e alle aziende del settore dolciario, coinvolge anche gli operatori turistici, <\/span><span style=\"font-size: 11.0pt; font-family: Calibri;\">pronti a valorizzare le bellezze barocche e naturalistiche di <strong>Acireale<\/strong>, che gode delle bellezze della <strong>Timpa<\/strong> e della magnificenza dell\u2019Etna. <\/span><\/p>\n<p><span style=\"font-size: 11.0pt; font-family: 'Calibri,Bold','serif';\">Per info, programma e aggiornamenti: <\/span><span style=\"font-size: 11.0pt; font-family: 'Trebuchet MS,Bold','serif'; color: #0260bf;\">www.nivarata.it <\/span><span style=\"font-size: 11.0pt; font-family: 'Calibri,Bold','serif';\">e <\/span><span style=\"font-size: 11.0pt; font-family: 'Trebuchet MS,Bold','serif'; color: #0260bf;\">www.facebook.com\/anivarata <\/span><\/p>\n","protected":false},"excerpt":{"rendered":"<p>Nivarata, il festival internazionale della granita siciliana, torna in scena ad Acireale per il consueto appuntamento di inizio estate, il 3, 4 e 5 giugno 2016. La manifestazione, organizzata da Progetti Collaterali e Studio Muse in collaborazione con il comune di Acireale, alla sua quinta edizione continuer\u00e0 a deliziare i palati dei numerosi visitatori con [&hellip;]<\/p>\n","protected":false},"author":18,"featured_media":11748,"comment_status":"open","ping_status":"open","sticky":false,"template":"","format":"standard","meta":[],"categories":[29,5435],"tags":[5673,7953,496,589,7951,5672,7952,7950,7954],"jetpack_featured_media_url":"https:\/\/www.sceltedigusto.it\/public\/wp-content\/uploads\/2016\/03\/2013-06-14-a-nivarata_2573.jpg","_links":{"self":[{"href":"https:\/\/www.sceltedigusto.it\/public\/wp-json\/wp\/v2\/posts\/11750"}],"collection":[{"href":"https:\/\/www.sceltedigusto.it\/public\/wp-json\/wp\/v2\/posts"}],"about":[{"href":"https:\/\/www.sceltedigusto.it\/public\/wp-json\/wp\/v2\/types\/post"}],"author":[{"embeddable":true,"href":"https:\/\/www.sceltedigusto.it\/public\/wp-json\/wp\/v2\/users\/18"}],"replies":[{"embeddable":true,"href":"https:\/\/www.sceltedigusto.it\/public\/wp-json\/wp\/v2\/comments?post=11750"}],"version-history":[{"count":1,"href":"https:\/\/www.sceltedigusto.it\/public\/wp-json\/wp\/v2\/posts\/11750\/revisions"}],"predecessor-version":[{"id":11751,"href":"https:\/\/www.sceltedigusto.it\/public\/wp-json\/wp\/v2\/posts\/11750\/revisions\/11751"}],"wp:featuredmedia":[{"embeddable":true,"href":"https:\/\/www.sceltedigusto.it\/public\/wp-json\/wp\/v2\/media\/11748"}],"wp:attachment":[{"href":"https:\/\/www.sceltedigusto.it\/public\/wp-json\/wp\/v2\/media?parent=11750"}],"wp:term":[{"taxonomy":"category","embeddable":true,"href":"https:\/\/www.sceltedigusto.it\/public\/wp-json\/wp\/v2\/categories?post=11750"},{"taxonomy":"post_tag","embeddable":true,"href":"https:\/\/www.sceltedigusto.it\/public\/wp-json\/wp\/v2\/tags?post=11750"}],"curies":[{"name":"wp","href":"https:\/\/api.w.org\/{rel}","templated":true}]}}