{"id":11297,"date":"2016-01-26T16:05:15","date_gmt":"2016-01-26T15:05:15","guid":{"rendered":"http:\/\/www.sceltedigusto.it\/public\/?p=11297"},"modified":"2016-01-26T16:05:15","modified_gmt":"2016-01-26T15:05:15","slug":"a-sigep-2016-litalia-vince-la-settima-coppa-del-mondo-della-gelateria","status":"publish","type":"post","link":"https:\/\/www.sceltedigusto.it\/public\/a-sigep-2016-litalia-vince-la-settima-coppa-del-mondo-della-gelateria\/","title":{"rendered":"A Sigep 2016 l&#8217;Italia vince la settima coppa del mondo della Gelateria"},"content":{"rendered":"<p><a href=\"http:\/\/www.sceltedigusto.it\/public\/wp-content\/uploads\/2016\/01\/Fiera-Sigep-2016-CMG-Italia_RIC4835.jpg\"><img loading=\"lazy\" class=\"size-medium wp-image-11298 alignleft\" src=\"http:\/\/www.sceltedigusto.it\/public\/wp-content\/uploads\/2016\/01\/Fiera-Sigep-2016-CMG-Italia_RIC4835-300x233.jpg\" alt=\"Fiera Sigep 2016 CMG Italia_RIC4835\" width=\"300\" height=\"233\" srcset=\"https:\/\/www.sceltedigusto.it\/public\/wp-content\/uploads\/2016\/01\/Fiera-Sigep-2016-CMG-Italia_RIC4835-300x233.jpg 300w, https:\/\/www.sceltedigusto.it\/public\/wp-content\/uploads\/2016\/01\/Fiera-Sigep-2016-CMG-Italia_RIC4835-1024x795.jpg 1024w, https:\/\/www.sceltedigusto.it\/public\/wp-content\/uploads\/2016\/01\/Fiera-Sigep-2016-CMG-Italia_RIC4835-768x597.jpg 768w, https:\/\/www.sceltedigusto.it\/public\/wp-content\/uploads\/2016\/01\/Fiera-Sigep-2016-CMG-Italia_RIC4835-1536x1193.jpg 1536w, https:\/\/www.sceltedigusto.it\/public\/wp-content\/uploads\/2016\/01\/Fiera-Sigep-2016-CMG-Italia_RIC4835-2048x1591.jpg 2048w, https:\/\/www.sceltedigusto.it\/public\/wp-content\/uploads\/2016\/01\/Fiera-Sigep-2016-CMG-Italia_RIC4835-150x117.jpg 150w, https:\/\/www.sceltedigusto.it\/public\/wp-content\/uploads\/2016\/01\/Fiera-Sigep-2016-CMG-Italia_RIC4835-696x541.jpg 696w, https:\/\/www.sceltedigusto.it\/public\/wp-content\/uploads\/2016\/01\/Fiera-Sigep-2016-CMG-Italia_RIC4835-1068x830.jpg 1068w, https:\/\/www.sceltedigusto.it\/public\/wp-content\/uploads\/2016\/01\/Fiera-Sigep-2016-CMG-Italia_RIC4835-1920x1491.jpg 1920w, https:\/\/www.sceltedigusto.it\/public\/wp-content\/uploads\/2016\/01\/Fiera-Sigep-2016-CMG-Italia_RIC4835-541x420.jpg 541w\" sizes=\"(max-width: 300px) 100vw, 300px\" \/><\/a>La <strong>Coppa del Mondo della Gelateria<\/strong> torna in Italia. Ieri sera, al SIGEP di Rimini Fiera, il team italiano ha conquistato l\u2019ambito riconoscimento, che due anni fa fu vinto dalla Francia.<\/p>\n<p>Al secondo posto si \u00e8 classificata la Spagna, al terzo l\u2019Australia.<\/p>\n<p>Tredici \u00a0le squadre in gara, composte complessivamente da 65 agguerriti professionisti provenienti da Argentina, Australia, Giappone, Italia, Marocco, Messico, Polonia, Spagna, Svizzera, USA, Cile, Uruguay e Singapore.<\/p>\n<p>La squadra italiana vincitrice della Coppa del Mondo della Gelateria (selezionata a Sigep 2015 e allenatasi duramente nel corso di questi mesi presso Castalimenti), era composta da Luigi Tirabassi (gelatiere di Subiaco &#8211; RM), Alberto Carretta (chef di Thiene &#8211; VI), Antonio Capuano (pasticcere di Riccia CB e capitano della squadra) e Amelio Mazzella di Regnella (scultore del ghiaccio di Bacoli &#8211; NA). Team manager della squadra il pasticcere Diego Crosara di Altavilla Viicentina (VI).<\/p>\n<p><a href=\"http:\/\/www.sceltedigusto.it\/public\/wp-content\/uploads\/2016\/01\/Fiera-Sigep-2016-CMG-Italia_RIC4871.jpg\"><img loading=\"lazy\" class=\"size-medium wp-image-11299 alignright\" src=\"http:\/\/www.sceltedigusto.it\/public\/wp-content\/uploads\/2016\/01\/Fiera-Sigep-2016-CMG-Italia_RIC4871-300x222.jpg\" alt=\"Fiera Sigep 2016 CMG Italia_RIC4871\" width=\"300\" height=\"222\" srcset=\"https:\/\/www.sceltedigusto.it\/public\/wp-content\/uploads\/2016\/01\/Fiera-Sigep-2016-CMG-Italia_RIC4871-300x222.jpg 300w, https:\/\/www.sceltedigusto.it\/public\/wp-content\/uploads\/2016\/01\/Fiera-Sigep-2016-CMG-Italia_RIC4871-1024x759.jpg 1024w\" sizes=\"(max-width: 300px) 100vw, 300px\" \/><\/a>Prima di definire la squadra vincitrice, nella hall sud di Rimini Fiera le tredici squadre si sono cimentate in numerose prove riguardanti la preparazione di una coppa di gelato con gusti assortiti, di una torta gelato, quattro tipi di mignon di gelato al cioccolato del peso massimo di 40 grammi, la preparazione di tre finger food caldi da abbinare a un gelato gastronomico scelto dalla stessa squadra, una scultura di ghiaccio e uno zoccolo di ghiaccio a cui aggiungere fiori, frutta, frutta secca, verdura, spezie o altri ingredienti commestibili. Infine, la novit\u00e0 della scultura in croccante.Per mettere alla prova la creativit\u00e0 e la capacit\u00e0 di adeguarsi ad un ingrediente a sorpresa, anche la prova Mystery box, un esame di abilit\u00e0 che ha contemplato la creazione di un gusto di gelato al cono utilizzando ingredienti sorteggiati e assegnati solo all\u2019inizio della sfida.<\/p>\n<p>La Coppa del Mondo della Gelateria \u00e8 stata organizzata da Gelato e Cultura srl insieme a Rimini Fiera.<\/p>\n","protected":false},"excerpt":{"rendered":"<p>La Coppa del Mondo della Gelateria torna in Italia. Ieri sera, al SIGEP di Rimini Fiera, il team italiano ha conquistato l\u2019ambito riconoscimento, che due anni fa fu vinto dalla Francia. Al secondo posto si \u00e8 classificata la Spagna, al terzo l\u2019Australia. Tredici \u00a0le squadre in gara, composte complessivamente da 65 agguerriti professionisti provenienti da [&hellip;]<\/p>\n","protected":false},"author":18,"featured_media":11298,"comment_status":"open","ping_status":"open","sticky":false,"template":"","format":"standard","meta":[],"categories":[5435],"tags":[],"jetpack_featured_media_url":"https:\/\/www.sceltedigusto.it\/public\/wp-content\/uploads\/2016\/01\/Fiera-Sigep-2016-CMG-Italia_RIC4835-scaled.jpg","_links":{"self":[{"href":"https:\/\/www.sceltedigusto.it\/public\/wp-json\/wp\/v2\/posts\/11297"}],"collection":[{"href":"https:\/\/www.sceltedigusto.it\/public\/wp-json\/wp\/v2\/posts"}],"about":[{"href":"https:\/\/www.sceltedigusto.it\/public\/wp-json\/wp\/v2\/types\/post"}],"author":[{"embeddable":true,"href":"https:\/\/www.sceltedigusto.it\/public\/wp-json\/wp\/v2\/users\/18"}],"replies":[{"embeddable":true,"href":"https:\/\/www.sceltedigusto.it\/public\/wp-json\/wp\/v2\/comments?post=11297"}],"version-history":[{"count":1,"href":"https:\/\/www.sceltedigusto.it\/public\/wp-json\/wp\/v2\/posts\/11297\/revisions"}],"predecessor-version":[{"id":11300,"href":"https:\/\/www.sceltedigusto.it\/public\/wp-json\/wp\/v2\/posts\/11297\/revisions\/11300"}],"wp:featuredmedia":[{"embeddable":true,"href":"https:\/\/www.sceltedigusto.it\/public\/wp-json\/wp\/v2\/media\/11298"}],"wp:attachment":[{"href":"https:\/\/www.sceltedigusto.it\/public\/wp-json\/wp\/v2\/media?parent=11297"}],"wp:term":[{"taxonomy":"category","embeddable":true,"href":"https:\/\/www.sceltedigusto.it\/public\/wp-json\/wp\/v2\/categories?post=11297"},{"taxonomy":"post_tag","embeddable":true,"href":"https:\/\/www.sceltedigusto.it\/public\/wp-json\/wp\/v2\/tags?post=11297"}],"curies":[{"name":"wp","href":"https:\/\/api.w.org\/{rel}","templated":true}]}}