{"id":11142,"date":"2016-01-18T11:39:46","date_gmt":"2016-01-18T10:39:46","guid":{"rendered":"http:\/\/www.sceltedigusto.it\/public\/?p=11142"},"modified":"2016-01-18T11:39:46","modified_gmt":"2016-01-18T10:39:46","slug":"giornata-europea-del-gelato-artigianale-a-sigep-la-presentazione-delle-attivita-promozionali","status":"publish","type":"post","link":"https:\/\/www.sceltedigusto.it\/public\/giornata-europea-del-gelato-artigianale-a-sigep-la-presentazione-delle-attivita-promozionali\/","title":{"rendered":"Giornata Europea del Gelato Artigianale: a Sigep la presentazione delle attivit\u00e0 promozionali"},"content":{"rendered":"<p><a href=\"http:\/\/www.sceltedigusto.it\/public\/wp-content\/uploads\/2016\/01\/Locandina-Giornata-2016-copia-256x300.jpg\"><img loading=\"lazy\" class=\"size-full wp-image-11143 alignleft\" src=\"http:\/\/www.sceltedigusto.it\/public\/wp-content\/uploads\/2016\/01\/Locandina-Giornata-2016-copia-256x300.jpg\" alt=\"Locandina-Giornata-2016-copia-256x300\" width=\"256\" height=\"300\" \/><\/a>Sar\u00e0 presentata a SIGEP 2016 la quarta Giornata Europea del Gelato Artigianale in programma il 24 marzo 2016. All\u2019interno del quartiere avverr\u00e0 la distribuzione del materiale che \u00e8 stato predisposto per le gelaterie: poster, vetrofanie e materiale informativo sulle qualit\u00e0 del gelato artigianale. La Giornata \u00e8 promossa da <strong>ARTGLACE<\/strong>, G.A. \u2013 Comitato Nazionale per la Difesa e la Diffusione del Gelato Artigianale e di Produzione Propria, CNA Alimentare, <strong>Confartigianato Alimentazione-Gelatieri<\/strong>, Associazione Maestri della gelateria Italiana, Associazione dei produttori di macchine e attrezzature per gelateria <strong>ACOMAG<\/strong> e col supporto di <strong>SIGEP<\/strong> oltre che della rivista specializzata Punto.It.<\/p>\n<p>La presentazione delle linee guida della Giornata avverranno all\u2019interno di un convegno in programma luned\u00ec 25 gennaio alle ore 11.00 nella sala Acero al pad. A6, a cura del<strong> Comitato Nazionale per la Difesa e Diffusione del Gelato Artigianale.<a href=\"http:\/\/www.sceltedigusto.it\/public\/wp-content\/uploads\/2016\/01\/GELATOSigep.jpg\"><img loading=\"lazy\" class=\"size-medium wp-image-11144 alignright\" src=\"http:\/\/www.sceltedigusto.it\/public\/wp-content\/uploads\/2016\/01\/GELATOSigep-300x199.jpg\" alt=\"GELATOSigep\" width=\"300\" height=\"199\" \/><\/a><\/strong> Interverranno Ferdinando Buonocore (Artglace), Franco Puglisi (Punto.IT) e la giornalista Nicoletta Conficconi. Come in tutta Italia, anche a Rimini saranno attivate azioni per valorizzare la giornata e dedicarla ad un prodotto dal sempre straordinario e crescente gradimento. Saranno intraprese iniziative di comarketing fra gelaterie ed altri esercizi commerciali, insieme ai parchi tematici del territorio. A SIGEP 2016 i kit utili a promuovere la Giornata Europea del 24 Marzo nella propria gelateria saranno distribuiti gratuitamente a tutti i gelatieri italiani e stranieri.<\/p>\n","protected":false},"excerpt":{"rendered":"<p>Sar\u00e0 presentata a SIGEP 2016 la quarta Giornata Europea del Gelato Artigianale in programma il 24 marzo 2016. All\u2019interno del quartiere avverr\u00e0 la distribuzione del materiale che \u00e8 stato predisposto per le gelaterie: poster, vetrofanie e materiale informativo sulle qualit\u00e0 del gelato artigianale. La Giornata \u00e8 promossa da ARTGLACE, G.A. \u2013 Comitato Nazionale per la [&hellip;]<\/p>\n","protected":false},"author":18,"featured_media":11144,"comment_status":"open","ping_status":"open","sticky":false,"template":"","format":"standard","meta":[],"categories":[4,29],"tags":[],"jetpack_featured_media_url":"https:\/\/www.sceltedigusto.it\/public\/wp-content\/uploads\/2016\/01\/GELATOSigep.jpg","_links":{"self":[{"href":"https:\/\/www.sceltedigusto.it\/public\/wp-json\/wp\/v2\/posts\/11142"}],"collection":[{"href":"https:\/\/www.sceltedigusto.it\/public\/wp-json\/wp\/v2\/posts"}],"about":[{"href":"https:\/\/www.sceltedigusto.it\/public\/wp-json\/wp\/v2\/types\/post"}],"author":[{"embeddable":true,"href":"https:\/\/www.sceltedigusto.it\/public\/wp-json\/wp\/v2\/users\/18"}],"replies":[{"embeddable":true,"href":"https:\/\/www.sceltedigusto.it\/public\/wp-json\/wp\/v2\/comments?post=11142"}],"version-history":[{"count":1,"href":"https:\/\/www.sceltedigusto.it\/public\/wp-json\/wp\/v2\/posts\/11142\/revisions"}],"predecessor-version":[{"id":11145,"href":"https:\/\/www.sceltedigusto.it\/public\/wp-json\/wp\/v2\/posts\/11142\/revisions\/11145"}],"wp:featuredmedia":[{"embeddable":true,"href":"https:\/\/www.sceltedigusto.it\/public\/wp-json\/wp\/v2\/media\/11144"}],"wp:attachment":[{"href":"https:\/\/www.sceltedigusto.it\/public\/wp-json\/wp\/v2\/media?parent=11142"}],"wp:term":[{"taxonomy":"category","embeddable":true,"href":"https:\/\/www.sceltedigusto.it\/public\/wp-json\/wp\/v2\/categories?post=11142"},{"taxonomy":"post_tag","embeddable":true,"href":"https:\/\/www.sceltedigusto.it\/public\/wp-json\/wp\/v2\/tags?post=11142"}],"curies":[{"name":"wp","href":"https:\/\/api.w.org\/{rel}","templated":true}]}}