{"id":11056,"date":"2012-01-17T19:15:14","date_gmt":"2012-01-17T18:15:14","guid":{"rendered":"http:\/\/www.sceltedigusto.it\/public\/?p=11056"},"modified":"2016-01-17T21:05:32","modified_gmt":"2016-01-17T20:05:32","slug":"ad-aldo-fabrizi-e-vietata-la-dieta-se-magna-tutto","status":"publish","type":"post","link":"https:\/\/www.sceltedigusto.it\/public\/ad-aldo-fabrizi-e-vietata-la-dieta-se-magna-tutto\/","title":{"rendered":"Ad Aldo Fabrizi \u00e8 vietata la dieta: se magna tutto&#8230;"},"content":{"rendered":"<div class=\"column\">\n<p><a href=\"http:\/\/www.sceltedigusto.it\/public\/wp-content\/uploads\/2016\/01\/fabrizi5.jpg\"><img loading=\"lazy\" class=\"size-medium wp-image-11109 alignleft\" src=\"http:\/\/www.sceltedigusto.it\/public\/wp-content\/uploads\/2016\/01\/fabrizi5-293x300.jpg\" alt=\"Italian actor Aldo Fabrizi eating spaghetti in a restaurant. Rome, 1960\" width=\"293\" height=\"300\" srcset=\"https:\/\/www.sceltedigusto.it\/public\/wp-content\/uploads\/2016\/01\/fabrizi5-293x300.jpg 293w, https:\/\/www.sceltedigusto.it\/public\/wp-content\/uploads\/2016\/01\/fabrizi5.jpg 1001w\" sizes=\"(max-width: 293px) 100vw, 293px\" \/><\/a>Una giornata calda di agosto. Percorriamo sotto un sole cocente le strade del &#8220;cuore&#8221; Capitolino. A mezzogiorno in punto abbiamo un appuntamento a Campo de&#8217; Fiori con uno dei personaggi tipici de Roma. Un uomo che regala sorrisi, ma \u00e8 anche un buongustaio. Insomma un autentico &#8220;figlio del popolo&#8221; che non ha mai disdegnato, malgrado la sua popolarit\u00e0, di essere nato e cresciuto in questi angoli della Roma antica. A farci da gancio \u00e8 sor Reginella. (A. Fi.)<\/p>\n<p><strong>\u00a0La disturbo?<\/strong><\/p>\n<p><em>\u00a0&#8220;Per carit\u00e0. Sor Reginella mi ha parlato di lei e di questo appuntamento. Si accomodi pure accanto a me (siamo ai piedi di Giordano Bruno, sotto un gran tendone che avvolge una bancarella stracolma di frutta e verdura, ndr). Bella giornata? Vero?&#8221;.<\/em><\/p>\n<p><strong>Bella giornata, sor Aldo. Ma lei qui \u00e8 di casa, sembra proprio che non voglia abbandonare queste strade&#8230;<\/strong><\/p>\n<div class=\"column\">\n<p>\u00a0<em>&#8220;Le dir\u00f2, da quando abito in piazza Bologna spesso mi capita, la mattina, quando non sono impegnato con il lavoro di fare due passi a piedi con in mano la &#8220;reticella&#8221; a far acquisti di broccoli, patate, pomodori. Insomma, io qui ho lasciato il mio cuore. Ci sono nato e conosco bene profumi, colori, odori caratteristici di questo luogo&#8221;.<\/em><\/p>\n<p><strong>\u00a0<a href=\"http:\/\/www.sceltedigusto.it\/public\/wp-content\/uploads\/2016\/01\/fabrizi1.jpg\"><img loading=\"lazy\" class=\"size-medium wp-image-11105 alignright\" src=\"http:\/\/www.sceltedigusto.it\/public\/wp-content\/uploads\/2016\/01\/fabrizi1-300x163.jpg\" alt=\"fabrizi1\" width=\"300\" height=\"163\" srcset=\"https:\/\/www.sceltedigusto.it\/public\/wp-content\/uploads\/2016\/01\/fabrizi1-300x163.jpg 300w, https:\/\/www.sceltedigusto.it\/public\/wp-content\/uploads\/2016\/01\/fabrizi1.jpg 304w\" sizes=\"(max-width: 300px) 100vw, 300px\" \/><\/a>Vero, lei \u00e8 nato a pochi passi dalla piazza, in Vicolo delle Grotte, vicino via dei Giubbonari&#8230;<\/strong><\/p>\n<p><em>&#8220;Esattamente. Non si \u00e8 sbagliato. Mio padre era carrettiere e mi mamma aveva qui un banco di frutta e verdura&#8221;.<\/em><\/p>\n<p><strong>\u00a0Prima che diventasse attore lei ha fatto mille mestieri, tra gli altri anche lo scaricatore di cassette in questo mercato.<\/strong><\/p>\n<p><em>&#8220;Vero. Ho scaricato parecchie cassette de frutta e verdura. Broccoli, melanzane, patate&#8230; E non solo, quando la piazza si animava mi arrangiavo vendendo anche &#8220;patacche&#8221; ai turisti di passaggio. E poi mi divertivo con altri compagni di lavoro a giocare a scassaquindici&#8221;.<\/em><\/p>\n<p><strong><a href=\"http:\/\/www.sceltedigusto.it\/public\/wp-content\/uploads\/2016\/01\/fabrizi3.jpg\"><img loading=\"lazy\" class=\"size-medium wp-image-11107 alignleft\" src=\"http:\/\/www.sceltedigusto.it\/public\/wp-content\/uploads\/2016\/01\/fabrizi3-206x300.jpg\" alt=\"fabrizi3\" width=\"206\" height=\"300\" srcset=\"https:\/\/www.sceltedigusto.it\/public\/wp-content\/uploads\/2016\/01\/fabrizi3-206x300.jpg 206w, https:\/\/www.sceltedigusto.it\/public\/wp-content\/uploads\/2016\/01\/fabrizi3.jpg 531w\" sizes=\"(max-width: 206px) 100vw, 206px\" \/><\/a>Scassaquindici? Che gioco \u00e8?<\/strong><\/p>\n<p><em>&#8220;Ma sta scherzando? Non sa cos&#8217;\u00e8 lo scassaquindici? Non credo che lei non conosca la morra. E&#8217; simile. Vince chi si avvicina al quindici. Vuole provare a giocare?&#8221;<\/em><\/p>\n<p><strong>Sor Aldo, parliamo di una delle sue passioni: la cucina. Tra un film, una commedia, uno sketch trova anche il tempo di occuparsi di gastronomia?<\/strong><\/p>\n<div class=\"column\">\n<p><em>&#8220;Carissimo Antonio, io nasco gi\u00e0 cuoco quando era nel grembo di mi madre. Ma ero gi\u00e0 mangione allora. Tanto che al primo pasto ho dedicato una poesia. Quando mi madre me stacc\u00f2 dar petto e me se present\u00f2 cor semmolino buttai per aria tazza e cucchiarino creando er primo caso de &#8220;riggetto&#8221;\/ Ormai non me sentivo piu&#8217; pupetto, pe&#8217; via ch&#8217;avevo messo gia&#8217; un dentino, provo&#8217; a ridamme er latte&#8230; genuino, ma protestai co&#8217; un minimozzichetto\/. Lei fece un urlo senza intenne er dramma, ma come la potevo contesta&#8217; si ancora nun dicevo manco mamma?\/ Mi padre disse: &#8220;Soffre de nervetti&#8221;. E quieto quieto comincio&#8217; a magna &#8216;n&#8217;insalatiera piena de spaghetti&#8221;.<\/em><\/p>\n<p><strong>E&#8217; vero che lei in casa ha una enorme cucina che la utilizza come un vero e proprio laboratorio?<\/strong><\/p>\n<p><em>\u00a0&#8220;E&#8217; vero anche questo. In casa mia non devono mai mancare pasta, pomodori, peperoncino, aglio, pancetta, broccoli, patate. E poi, vuole mettere un piatto de fajoli con le cotiche ed un succulento abbacchio con le patate?&#8221;.<\/em><\/p>\n<p><strong><a href=\"http:\/\/www.sceltedigusto.it\/public\/wp-content\/uploads\/2016\/01\/fabrizi4.jpg\"><img loading=\"lazy\" class=\"size-medium wp-image-11108 alignright\" src=\"http:\/\/www.sceltedigusto.it\/public\/wp-content\/uploads\/2016\/01\/fabrizi4-198x300.jpg\" alt=\"fabrizi4\" width=\"198\" height=\"300\" srcset=\"https:\/\/www.sceltedigusto.it\/public\/wp-content\/uploads\/2016\/01\/fabrizi4-198x300.jpg 198w, https:\/\/www.sceltedigusto.it\/public\/wp-content\/uploads\/2016\/01\/fabrizi4.jpg 434w\" sizes=\"(max-width: 198px) 100vw, 198px\" \/><\/a>Lei dedica molte ore della sua vita, tra un film e l&#8217;altro ha anche tempo per la cucina. Ha scritto pure deliziose poesie dedicate al cibo.<\/strong><\/p>\n<div class=\"column\">\n<p><em>&#8220;La cucina \u00e8 la mia vita. E&#8217; come l&#8217;aria. Se manca si muore. Ed io non voglio morire, quindi magno. Di tutto. Cucina e poesia. Allora le recito questa. S&#8217;intitola chi sar\u00e0 stato?<\/em><br \/>\n<em> Ho letto cento libri de cucina. de storia, d&#8217;arte, e nun ce n\u00e8 uno solo che citi co&#8217; la Pasta er Pastarolo che un\u00ec pe&#8217; primo l&#8217;acqua e la farina\/ Credevo fosse una creazione latina, invece poi, m&#8217;ha detto l&#8217;orzarolo, che l&#8217;ha portata a Roma Marco Polo un giorno che tornava dalla Cina\/ Pe&#8217; me st&#8217;affare de la Cina \u00e8 strano, chiss\u00e0 se fu inventata da un cinese o la venneva l\u00e0 un napoletano\/Sapessimo chi \u00e8, sia pure tardi, bisognerebbe faje&#8230; a &#8216;gni paese pi\u00f9 monumenti a lui che a Garibardi&#8221;<\/em>.<\/p>\n<p><strong>Lei al cinema e al teatro ha lavorato con tanti attori. Con chi ha legato di pi\u00f9 anche fuori dalle quinte?<\/strong><\/p>\n<p><em>&#8220;Non vorrei fare uno sgarbo a nessuno. Vorrei dire che sono legato a tutti e a nessuno. Sto scherzando naturalmente. Sono collega di lavoro e amico fuori dalle scene di Tot\u00f2, Ave Ninchi, Paolo Panelli e Bice Valori. Tutti gli altri sono colleghi di lavoro. Punto e basta&#8230;&#8221;.<\/em><\/p>\n<div class=\"column\">\n<p><strong>\u00a0Non ha citato Anna Magnani\u2026<\/strong><\/p>\n<p><em>&#8220;Cambiamo discorso&#8230; Andiamo avanti. Lei \u00e8 di Scelte di Gusto, quindi parliamo di cucina, magnamo. Penzamo alla panza&#8221;.<\/em><\/p>\n<p><strong><a href=\"http:\/\/www.sceltedigusto.it\/public\/wp-content\/uploads\/2016\/01\/bucatini-all-amatriciana.jpg\"><img loading=\"lazy\" class=\" wp-image-11110 alignleft\" src=\"http:\/\/www.sceltedigusto.it\/public\/wp-content\/uploads\/2016\/01\/bucatini-all-amatriciana-300x225.jpg\" alt=\"bucatini-all-amatriciana\" width=\"241\" height=\"181\" srcset=\"https:\/\/www.sceltedigusto.it\/public\/wp-content\/uploads\/2016\/01\/bucatini-all-amatriciana-300x225.jpg 300w, https:\/\/www.sceltedigusto.it\/public\/wp-content\/uploads\/2016\/01\/bucatini-all-amatriciana.jpg 800w\" sizes=\"(max-width: 241px) 100vw, 241px\" \/><\/a><\/strong><strong>Le piace la cucina siciliana?<\/strong><\/p>\n<p><em>&#8220;Me piace, me piace. Io magno tutto&#8230;&#8221;.<\/em><\/p>\n<p><strong>Lei \u00e8 un cultore della pasta, quindi le piace pure la pasta con le sarde?<\/strong><\/p>\n<p><em>&#8220;Bona questa. Ma preferisco i bucatini a Matriciana&#8230;&#8221;.<\/em><\/p>\n<p><strong><a href=\"http:\/\/www.sceltedigusto.it\/public\/wp-content\/uploads\/2016\/01\/fabrizi-lella.jpg\"><img loading=\"lazy\" class=\"size-medium wp-image-11104 alignright\" src=\"http:\/\/www.sceltedigusto.it\/public\/wp-content\/uploads\/2016\/01\/fabrizi-lella-300x169.jpg\" alt=\"fabrizi lella\" width=\"300\" height=\"169\" srcset=\"https:\/\/www.sceltedigusto.it\/public\/wp-content\/uploads\/2016\/01\/fabrizi-lella-300x169.jpg 300w, https:\/\/www.sceltedigusto.it\/public\/wp-content\/uploads\/2016\/01\/fabrizi-lella.jpg 354w\" sizes=\"(max-width: 300px) 100vw, 300px\" \/><\/a><\/strong><\/p>\n<p>&nbsp;<\/p>\n<p><strong>Ed i dolci siciliani? Le piacciono?\u00a0<\/strong><strong>Tra lei e sora Lella: chi \u00e8 pi\u00f9 mangione?<\/strong><\/p>\n<div class=\"column\">\n<p><em>\u00a0&#8220;Vuole prendersi gioco di me? Siamo in pareggio. Ichese&#8230;&#8221;.<\/em><\/p>\n<p><strong>\u00a0Se dovesse scrivere un epitaffio ad un golosone di pasta, cosa scriverebbe?<\/strong><\/p>\n<p>&#8220;<em>Se ne annato magnanno l&#8217;urtimo filo di spaghetti&#8230; Pace all&#8217;anima e alla panza sua&#8230;&#8221;.<\/em><\/p>\n<p><strong><a href=\"http:\/\/www.sceltedigusto.it\/public\/wp-content\/uploads\/2016\/01\/fabrizi2.jpg\"><img loading=\"lazy\" class=\"size-medium wp-image-11106 alignleft\" src=\"http:\/\/www.sceltedigusto.it\/public\/wp-content\/uploads\/2016\/01\/fabrizi2-262x300.jpg\" alt=\"fabrizi2\" width=\"262\" height=\"300\" srcset=\"https:\/\/www.sceltedigusto.it\/public\/wp-content\/uploads\/2016\/01\/fabrizi2-262x300.jpg 262w, https:\/\/www.sceltedigusto.it\/public\/wp-content\/uploads\/2016\/01\/fabrizi2-895x1024.jpg 895w, https:\/\/www.sceltedigusto.it\/public\/wp-content\/uploads\/2016\/01\/fabrizi2-768x878.jpg 768w, https:\/\/www.sceltedigusto.it\/public\/wp-content\/uploads\/2016\/01\/fabrizi2-150x172.jpg 150w, https:\/\/www.sceltedigusto.it\/public\/wp-content\/uploads\/2016\/01\/fabrizi2-300x343.jpg 300w, https:\/\/www.sceltedigusto.it\/public\/wp-content\/uploads\/2016\/01\/fabrizi2-696x796.jpg 696w, https:\/\/www.sceltedigusto.it\/public\/wp-content\/uploads\/2016\/01\/fabrizi2-367x420.jpg 367w, https:\/\/www.sceltedigusto.it\/public\/wp-content\/uploads\/2016\/01\/fabrizi2.jpg 897w\" sizes=\"(max-width: 262px) 100vw, 262px\" \/><\/a>Cosa vuole regalare ai lettori di Scelte di Gusto?<\/strong><\/p>\n<p><em>&#8220;Una battuta no e nemmeno uno sketch. Una poesia s\u00ec e dedicata naturalmente al cibo e alla cucina. Doppo che ho rinnegato pasta e pane, so&#8217; dieci giorni che nun calo, eppure resisto, soffro e seguito le cure&#8230; me pare un anno e so&#8217; du&#8217; settimane\/Nemmanco dormo pi\u00f9, le notti sane, pe&#8217; damme er conciabbocca a le torture, le passo a immagin\u00e0 le svojature co&#8217; la lingua de f\u00f2ra come un cane\/Ma vale poi la pena de soffr\u00ec lontano da &#8216;na tavola e &#8216;na sedia pensanno che se deve da mor\u00ec?\/Nun \u00e8 pe&#8217; f\u00e0 er fanatico romano; per\u00f2 de fronte a &#8216;sto camp\u00e0 d&#8217;inedia, mejo morire co&#8217; la forchetta in mano!&#8221;.<\/em><\/p>\n<p><strong>Il titolo della poesia?<\/strong><\/p>\n<\/div>\n<p><em>&#8220;Continua a voler prendersi gioco di me? Se non l&#8217;ha capito, il titolo \u00e8 la dieta&#8230;&#8221;<\/em><\/p>\n<p>&nbsp;<\/p>\n<p><strong>Antonio Fiasconaro<\/strong><\/p>\n<\/div>\n<\/div>\n<\/div>\n<\/div>\n<\/div>\n","protected":false},"excerpt":{"rendered":"<p>Una giornata calda di agosto. Percorriamo sotto un sole cocente le strade del &#8220;cuore&#8221; Capitolino. A mezzogiorno in punto abbiamo un appuntamento a Campo de&#8217; Fiori con uno dei personaggi tipici de Roma. Un uomo che regala sorrisi, ma \u00e8 anche un buongustaio. Insomma un autentico &#8220;figlio del popolo&#8221; che non ha mai disdegnato, malgrado [&hellip;]<\/p>\n","protected":false},"author":18,"featured_media":11106,"comment_status":"open","ping_status":"open","sticky":false,"template":"","format":"standard","meta":[],"categories":[8,1],"tags":[],"jetpack_featured_media_url":"https:\/\/www.sceltedigusto.it\/public\/wp-content\/uploads\/2016\/01\/fabrizi2.jpg","_links":{"self":[{"href":"https:\/\/www.sceltedigusto.it\/public\/wp-json\/wp\/v2\/posts\/11056"}],"collection":[{"href":"https:\/\/www.sceltedigusto.it\/public\/wp-json\/wp\/v2\/posts"}],"about":[{"href":"https:\/\/www.sceltedigusto.it\/public\/wp-json\/wp\/v2\/types\/post"}],"author":[{"embeddable":true,"href":"https:\/\/www.sceltedigusto.it\/public\/wp-json\/wp\/v2\/users\/18"}],"replies":[{"embeddable":true,"href":"https:\/\/www.sceltedigusto.it\/public\/wp-json\/wp\/v2\/comments?post=11056"}],"version-history":[{"count":2,"href":"https:\/\/www.sceltedigusto.it\/public\/wp-json\/wp\/v2\/posts\/11056\/revisions"}],"predecessor-version":[{"id":11111,"href":"https:\/\/www.sceltedigusto.it\/public\/wp-json\/wp\/v2\/posts\/11056\/revisions\/11111"}],"wp:featuredmedia":[{"embeddable":true,"href":"https:\/\/www.sceltedigusto.it\/public\/wp-json\/wp\/v2\/media\/11106"}],"wp:attachment":[{"href":"https:\/\/www.sceltedigusto.it\/public\/wp-json\/wp\/v2\/media?parent=11056"}],"wp:term":[{"taxonomy":"category","embeddable":true,"href":"https:\/\/www.sceltedigusto.it\/public\/wp-json\/wp\/v2\/categories?post=11056"},{"taxonomy":"post_tag","embeddable":true,"href":"https:\/\/www.sceltedigusto.it\/public\/wp-json\/wp\/v2\/tags?post=11056"}],"curies":[{"name":"wp","href":"https:\/\/api.w.org\/{rel}","templated":true}]}}