{"id":10717,"date":"2016-01-03T05:49:53","date_gmt":"2016-01-03T04:49:53","guid":{"rendered":"http:\/\/www.sceltedigusto.it\/public\/?p=10717"},"modified":"2016-01-03T07:36:35","modified_gmt":"2016-01-03T06:36:35","slug":"ciccio-giuliano-il-food-come-filosofia-di-vita-lintervista","status":"publish","type":"post","link":"https:\/\/www.sceltedigusto.it\/public\/ciccio-giuliano-il-food-come-filosofia-di-vita-lintervista\/","title":{"rendered":"Ciccio Giuliano. Il food come filosofia di vita. L&#8217;intervista."},"content":{"rendered":"<p style=\"text-align: left;\"><a href=\"http:\/\/www.sceltedigusto.it\/public\/wp-content\/uploads\/2016\/01\/giuliano-ghiottone.jpg\"><img loading=\"lazy\" class=\"size-medium wp-image-10715 alignright\" src=\"http:\/\/www.sceltedigusto.it\/public\/wp-content\/uploads\/2016\/01\/giuliano-ghiottone-300x199.jpg\" alt=\"giuliano ghiottone\" width=\"300\" height=\"199\" srcset=\"https:\/\/www.sceltedigusto.it\/public\/wp-content\/uploads\/2016\/01\/giuliano-ghiottone-300x199.jpg 300w, https:\/\/www.sceltedigusto.it\/public\/wp-content\/uploads\/2016\/01\/giuliano-ghiottone-100x65.jpg 100w, https:\/\/www.sceltedigusto.it\/public\/wp-content\/uploads\/2016\/01\/giuliano-ghiottone.jpg 960w\" sizes=\"(max-width: 300px) 100vw, 300px\" \/><\/a>Nel salotto di Palermo esiste un locale che costituisce una delle migliori poltrone in cui accomodarsi quando si entra appunto in quel salotto. La strada \u00e8 la Via Principe di Belmonte, ed il locale \u00e8 <strong>Il Ghiottone Raffinato<\/strong>, di fatto nell&#8217;unica traversa sulla destra entrando in Via Principe di Belmonte dalla Via Ruggero Settimo. Le cucine di questo locale sono il regno di <strong>Ciccio Giuliano<\/strong>, prossimo alla Laurea in Lettere e Filosofia: ma con un gran bel pallino. Che \u00e8 quello dell&#8217;alta cucina. La prova provata del fatto che l&#8217;amore per la cucina pu\u00f2 colpire chiunque, ed anche &#8211; come in questo caso \u00a0&#8211; \u00a0chi sembra destinato a ben altro.<\/p>\n<p><strong><a href=\"http:\/\/www.sceltedigusto.it\/public\/wp-content\/uploads\/2016\/01\/giuliano-moglie.jpg\"><img loading=\"lazy\" class=\"size-medium wp-image-10716 alignleft\" src=\"http:\/\/www.sceltedigusto.it\/public\/wp-content\/uploads\/2016\/01\/giuliano-moglie-300x225.jpg\" alt=\"giuliano moglie\" width=\"300\" height=\"225\" srcset=\"https:\/\/www.sceltedigusto.it\/public\/wp-content\/uploads\/2016\/01\/giuliano-moglie-300x225.jpg 300w, https:\/\/www.sceltedigusto.it\/public\/wp-content\/uploads\/2016\/01\/giuliano-moglie.jpg 604w\" sizes=\"(max-width: 300px) 100vw, 300px\" \/><\/a>Giuliano, laureando in Lettere e Filosofia, giovane, con una famiglia e una passione unica. Quando inizia il suo rapporto con le cucine professionali?<\/strong><\/p>\n<p><em>Il mio primo rapporto con le cucine professionali \u00e8 datato Maggio 2002. Finiti gli studi classici, mi accingevo a frequentare la facolt\u00e0 di Farmacia e precisamente il corso di chimica e tecnologie farmaceutiche. La mia famiglia \u00e8 da sempre stata vicina all&#8217;ambiente della ristorazione. Mio zio, <strong>Giuseppe Giuliano<\/strong>, Maestro di cucina e di pasticceria mi propose di guadagnarmi qualcosa per foraggiare i miei studi affidandomi alle sapienti mani di <strong>Giuseppe Fiandaca<\/strong>, mio attuale titolare e amico, allora maitre presso Villa Albanese Rubicon, Ristorante in cui operava il grande maestro <strong>Jack Bruno<\/strong>, chef patron del ristorante. Ho cominciato la mia esperienza in sala. In quell&#8217;ambito successivamente, lungo il mio percorso, ho avuto modo di osservare l&#8217;opera di grandi maestri. La mia passione innata e la mia voglia di scoprire, \u201cla sete di conoscenza\u201d, di dantesca memoria, mi ha poi spinto a rubare con gli occhi qualcosa da ognuno di essi fino al 2012, anno in cui gi\u00e0 passato agli studi in lettere, affiancavo all&#8217;opera di maitre d&#8217;hotel, quella di personal chef per soggetti privati, occupandomi della organizzazione di ogni tipo di evento in totale autonomia sia per quanto riguarda la componente legata alla cucina che quella del servizio di sala. Sapevo che il mio posto non era al di l\u00e0 dei fornelli ma al di qua. Questa convinzione si \u00e8 poi consolidata nel 2014 quando ho maturato una importante esperienza all&#8217;estero, in Germania a Duesseldorf, che poi mi ha riportato in patria ad operare stabilmente prima come sous chef e poi come <strong>chef de cuisine<\/strong>.<\/em><\/p>\n<p><strong><a href=\"http:\/\/www.sceltedigusto.it\/public\/wp-content\/uploads\/2016\/01\/giuliano1.jpg\"><img loading=\"lazy\" class=\"size-medium wp-image-10718 alignright\" src=\"http:\/\/www.sceltedigusto.it\/public\/wp-content\/uploads\/2016\/01\/giuliano1-300x243.jpg\" alt=\"giuliano\" width=\"300\" height=\"243\" srcset=\"https:\/\/www.sceltedigusto.it\/public\/wp-content\/uploads\/2016\/01\/giuliano1-300x243.jpg 300w, https:\/\/www.sceltedigusto.it\/public\/wp-content\/uploads\/2016\/01\/giuliano1-768x622.jpg 768w, https:\/\/www.sceltedigusto.it\/public\/wp-content\/uploads\/2016\/01\/giuliano1-150x122.jpg 150w, https:\/\/www.sceltedigusto.it\/public\/wp-content\/uploads\/2016\/01\/giuliano1-696x564.jpg 696w, https:\/\/www.sceltedigusto.it\/public\/wp-content\/uploads\/2016\/01\/giuliano1-518x420.jpg 518w, https:\/\/www.sceltedigusto.it\/public\/wp-content\/uploads\/2016\/01\/giuliano1.jpg 970w\" sizes=\"(max-width: 300px) 100vw, 300px\" \/><\/a>Malgrado questo talento lei sceglie tuttavia di seguire un percorso di studi che poco ha a che vedere, almeno apparentemente, con il food. Come mai?<\/strong><\/p>\n<p><em>In verit\u00e0 il percorso di studi che ho seguito attiene alla seconda passione della mia vita. La poesia. Passione che mi ha portato a pubblicare proprio nel 2015 un libro dal titolo \u201c<strong>Alba ad ovest<\/strong>\u201d sulla piattaforma ilmiolibro.it e che presto spero di distribuire attraverso Feltrinelli. La letteratura inoltre e le lettere in generale, non sono per nulla distanti come pu\u00f2 sembrare dal mondo della cucina. Si intersecano continuamente e sono complementari perch\u00e9 entrambe forme d&#8217;arte. La cucina e la sua arte, sono come le lettere, strumenti di cui un uomo dispone per ricongiungersi con Dio, e quindi con quanto di pi\u00f9 alto possa esistere al Mondo. Chiunque cucini o scriva, soprattutto un professionista ha l&#8217;opportunit\u00e0 di viaggiare nel tempo e nello spazio, rimanendo fermo davanti ai propri fuochi o al foglio che riempir\u00e0 con le proprie esperienze. La cucina cos\u00ec come la letteratura, sono il forziere del nostro bagaglio di esperienze, tradizioni, emozioni e sensibilit\u00e0 che si materializzano in un piatto, in un&#8217;opera.<\/em><\/p>\n<p><strong><a href=\"http:\/\/www.sceltedigusto.it\/public\/wp-content\/uploads\/2016\/01\/giuliano9.jpg\"><img loading=\"lazy\" class=\"size-medium wp-image-10714 alignleft\" src=\"http:\/\/www.sceltedigusto.it\/public\/wp-content\/uploads\/2016\/01\/giuliano9-300x225.jpg\" alt=\"giuliano9\" width=\"300\" height=\"225\" srcset=\"https:\/\/www.sceltedigusto.it\/public\/wp-content\/uploads\/2016\/01\/giuliano9-300x225.jpg 300w, https:\/\/www.sceltedigusto.it\/public\/wp-content\/uploads\/2016\/01\/giuliano9.jpg 960w\" sizes=\"(max-width: 300px) 100vw, 300px\" \/><\/a>Una formazione umanistica aiuta, secondo lei, ad acuire una &#8220;sensibilit\u00e0&#8221; verso la percezione degli aspetti epicurei legati alla vita di ogni essere umano di cui il cibarsi ed il gusto sono tra i piaceri primordiali?<\/strong><br \/>\n<strong> In altre parole: ci pu\u00f2 indicare un piatto che potrebbe essere gradito ad uno scrittore ed un altro che potrebbe risultare pi\u00f9 gradito ad uno scienziato?<\/strong><\/p>\n<p><em>La formazione umanistica, da sola non basta ad acuire la sensibilit\u00e0 alla componente edonistica legata al cibo. Questa deve essere una sensibilit\u00e0 in parte innata e d&#8217;altra parte acquisita con l&#8217;educazione familiare, primo gradino formativo rispetto al piacere dello stare a tavola. La formazione classica pu\u00f2 in qualche modo marcare semmai la sensibilit\u00e0 dell&#8217;individuo al valore dell&#8217;alimentazione del buon cibo. Da questo scaturisce incontrovertibilmente il piacere che da esso si trae. In quest&#8217;ottica \u00e8 principale la conoscenza dei fattori che hanno visto e vedono il cibo al centro della societ\u00e0 in campo storico, economico, politico,religioso e sociale, come strumento di veicolazione del piacere o della grazia. Se pensiamo a quante norme religiose prescrivono una dieta precisa ai propri credenti, capiamo quanto il cibo sia legato alle emozioni umane e fatalmente al piacere e al dolore, alla soddisfazione o alla privazione, alla gioia come al dolore.<a href=\"http:\/\/www.sceltedigusto.it\/public\/wp-content\/uploads\/2016\/01\/giuliano3.jpg\"><img loading=\"lazy\" class=\" wp-image-10708 alignright\" src=\"http:\/\/www.sceltedigusto.it\/public\/wp-content\/uploads\/2016\/01\/giuliano3-300x300.jpg\" alt=\"giuliano3\" width=\"252\" height=\"252\" srcset=\"https:\/\/www.sceltedigusto.it\/public\/wp-content\/uploads\/2016\/01\/giuliano3-300x300.jpg 300w, https:\/\/www.sceltedigusto.it\/public\/wp-content\/uploads\/2016\/01\/giuliano3-150x150.jpg 150w, https:\/\/www.sceltedigusto.it\/public\/wp-content\/uploads\/2016\/01\/giuliano3-210x210.jpg 210w, https:\/\/www.sceltedigusto.it\/public\/wp-content\/uploads\/2016\/01\/giuliano3.jpg 640w\" sizes=\"(max-width: 252px) 100vw, 252px\" \/><\/a> Per questo credo che non esista un piatto da scrittore o da scienziato ma che esistano settori della arte culinaria che si abbinino meglio a uno spirito analitico come quello dello scienziato e altri che invece sposino meglio la creativit\u00e0 sognante dello scrittore. <a href=\"http:\/\/www.sceltedigusto.it\/public\/wp-content\/uploads\/2016\/01\/giuliano6.jpg\"><img loading=\"lazy\" class=\"wp-image-10711 alignleft\" src=\"http:\/\/www.sceltedigusto.it\/public\/wp-content\/uploads\/2016\/01\/giuliano6-300x300.jpg\" alt=\"giuliano6\" width=\"248\" height=\"248\" srcset=\"https:\/\/www.sceltedigusto.it\/public\/wp-content\/uploads\/2016\/01\/giuliano6-300x300.jpg 300w, https:\/\/www.sceltedigusto.it\/public\/wp-content\/uploads\/2016\/01\/giuliano6-150x150.jpg 150w, https:\/\/www.sceltedigusto.it\/public\/wp-content\/uploads\/2016\/01\/giuliano6-210x210.jpg 210w, https:\/\/www.sceltedigusto.it\/public\/wp-content\/uploads\/2016\/01\/giuliano6.jpg 640w\" sizes=\"(max-width: 248px) 100vw, 248px\" \/><\/a>La pasticceria potrebbe essere con le sue norme codificate di preparazione pi\u00f9 \u201cscientifica\u201d rispetto alla cucina, ambito in cui la rimodulazione del gusto lascia maggiore spazio alla soggettivit\u00e0. Se poi dovessi sottostare ai clich\u00e9 che connotano scrittore e scienziato potrei dire che a uno scrittore potrebbe piacere pi\u00f9 uno spaghetto al curry con tenerumi e gamberi mentre allo scienziato un buon piatto di paccheri alla Norma. L&#8217;uno infatti rappresenta pi\u00f9 la libert\u00e0 dell&#8217;estro, l&#8217;altro la sicurezza del misurabile. Ma personalmente diffido di qualsiasi forma di standard precostituito.<\/em><\/p>\n<p><strong><br \/>\n<a href=\"http:\/\/www.sceltedigusto.it\/public\/wp-content\/uploads\/2016\/01\/giuliano5.jpg\"><img loading=\"lazy\" class=\"wp-image-10710 alignright\" src=\"http:\/\/www.sceltedigusto.it\/public\/wp-content\/uploads\/2016\/01\/giuliano5-300x300.jpg\" alt=\"giuliano5\" width=\"248\" height=\"248\" srcset=\"https:\/\/www.sceltedigusto.it\/public\/wp-content\/uploads\/2016\/01\/giuliano5-300x300.jpg 300w, https:\/\/www.sceltedigusto.it\/public\/wp-content\/uploads\/2016\/01\/giuliano5-150x150.jpg 150w, https:\/\/www.sceltedigusto.it\/public\/wp-content\/uploads\/2016\/01\/giuliano5-210x210.jpg 210w, https:\/\/www.sceltedigusto.it\/public\/wp-content\/uploads\/2016\/01\/giuliano5.jpg 640w\" sizes=\"(max-width: 248px) 100vw, 248px\" \/><\/a>Sigmund Freud ha legato la prima fase dello sviluppo psicosessuale proprio all&#8217;oralit\u00e0, sin dai primissimi mesi di vita dell&#8217;essere umano , con la stimolazione del piacere orale mediante l&#8217;assunzione del cibo. Il postulato potrebbe essere datato, ma il cibo rimane comunque uno dei piaceri primordiali fortemente correlato ad un&#8217;idea pi\u00f9 ampia di piacere. Lei, forte dei suoi studi, come la pensa in proposito?<\/strong><\/p>\n<p><em>Personalmente penso che il cibo sia la prima forma di piacere che ognuno di noi provi. Se pensiamo all&#8217;atto della suzione dai capezzoli materni, questo atto racchiude in se il piacere fisico del contatto (se pure ovviamente del tutto innocente) e quello psicofisico della saziet\u00e0. Da quel momento in poi la nostra vita \u00e8 un continuo confronto con il cibo in ogni parte della nostra giornata e ineluttabilmente anche nei momenti di piacere personale. Quando si parla di cibi afrodisiaci, quando l&#8217;uomo per figurare il proprio piacere ricorre a simboli che tirino in ballo elementi della comune dieta quotidiana, non fa altro che associare a questi fattori alimentari, forme, gusti, sapori e immagini che evochino la sensazione legata al concetto che desidera esprimere. Il cibo per l&#8217;uomo \u00e8 un compagno di vita, col quale litiga, chiacchiera, si relaziona e a volte flirta, concedendosi attimi di trasgressione o momenti di castit\u00e0 alimentare. Da questo rapporto non pu\u00f2 che evincersi una stretta relazione tra le emozioni umane e l&#8217;alimentazione e il piacere fa parte senz&#8217;altro del novero di queste sensazioni. Per spiegarmi compiutamente mi piace citare il celeberrimo passo del romanzo di <strong>Marcel Proust<\/strong>, \u201cDalla parte di Swann\u201d,<\/em><\/p>\n<p><em><a href=\"http:\/\/www.sceltedigusto.it\/public\/wp-content\/uploads\/2016\/01\/giuliano2.jpg\"><img loading=\"lazy\" class=\"wp-image-10707 alignleft\" src=\"http:\/\/www.sceltedigusto.it\/public\/wp-content\/uploads\/2016\/01\/giuliano2-300x171.jpg\" alt=\"giuliano2\" width=\"344\" height=\"196\" srcset=\"https:\/\/www.sceltedigusto.it\/public\/wp-content\/uploads\/2016\/01\/giuliano2-300x171.jpg 300w, https:\/\/www.sceltedigusto.it\/public\/wp-content\/uploads\/2016\/01\/giuliano2.jpg 960w\" sizes=\"(max-width: 344px) 100vw, 344px\" \/><\/a>\u201cUna sera d\u2019inverno, appena rincasato, mia madre accorgendosi che avevo freddo, mi propose di prendere, contro la mia abitudine, un po\u2019 di t\u00e8. Dapprima rifiutai, poi, non so perch\u00e9, mutai parere. Mand\u00f2 a prendere uno di quei dolci corti e paffuti, chiamati maddalene, che sembrano lo stampo della valva scanalata di una conchiglia di San Giacomo. E poco dopo, sentendomi triste per la giornata cupa e la prospettiva di un domani doloroso, portai macchinalmente alle labbra un cucchiaino del t\u00e8 nel quale avevo lasciato inzuppare un pezzetto della maddalena. Ma appena la sorsata mescolata alle briciole del pasticcino tocc\u00f2 il mio palato, trasalii, attento al fenomeno straordinario che si svolgeva in me. Un delizioso piacere m\u2019aveva invaso, isolato, senza nozione di causa. E subito, m\u2019aveva reso indifferenti le vicessitudini, inoffensivi i rovesci, illusoria la brevit\u00e0 della vita\u2026non mi sentivo pi\u00f9 mediocre, contingente, mortale. Da dove m\u2019era potuta venire quella gioia violenta ? Sentivo che era connessa col gusto del t\u00e8 e della maddalena. Ma lo superava infinitamente, non doveva essere della stessa natura. [\u2026] All\u2019improvviso il ricordo \u00e8 davanti a me. Il gusto era quello del pezzetto di maddalena che a Combray, la domenica mattina, quando andavo a darle il buongiorno in camera sua, zia Leonia mi offriva dopo averlo inzuppato nel suo infuso di t\u00e8 o di tiglio\u2026.&#8221;<\/em><\/p>\n<p><strong><a href=\"http:\/\/www.sceltedigusto.it\/public\/wp-content\/uploads\/2016\/01\/giuliano7.jpg\"><img loading=\"lazy\" class=\"size-medium wp-image-10712 alignright\" src=\"http:\/\/www.sceltedigusto.it\/public\/wp-content\/uploads\/2016\/01\/giuliano7-300x190.jpg\" alt=\"giuliano7\" width=\"300\" height=\"190\" srcset=\"https:\/\/www.sceltedigusto.it\/public\/wp-content\/uploads\/2016\/01\/giuliano7-300x190.jpg 300w, https:\/\/www.sceltedigusto.it\/public\/wp-content\/uploads\/2016\/01\/giuliano7.jpg 960w\" sizes=\"(max-width: 300px) 100vw, 300px\" \/><\/a>Ludwig Feuerbach ha posto un altro importantissimo accento sul legame tra l&#8217;essenza di ci\u00f2 che siamo in relazione a ci\u00f2 di cui ci cibiamo: lei come la pensa?<\/strong><\/p>\n<p><em>Penso che Feuerbach abbia ragione quando dice che un popolo ha opportunit\u00e0 di migliorare se migliora la propria alimentazione. Spesso proprio richiamando il titolo di Feuerbach \u201cl&#8217;uomo \u00e8 ci\u00f2 che mangia\u201d. Alimentarsi bene non \u00e8 solo un diritto che si acquisisce come essere umano libero di una societ\u00e0 libera, ma \u00e8 anche un dovere nei confronti della comunit\u00e0. Noi siamo indissolubilmente legati alla nostra alimentazione e spesso ci identifichiamo come popolo pi\u00f9 a livello enogastronomico che sociale. Per intenderci ci indigniamo pi\u00f9 per l&#8217;ormai famigerato dado nella caponata, che per problematiche sociali di rilevanza sicuramente maggiore. Questo perch\u00e8 il cibo \u00e8 identit\u00e0 e proprio per quello che ho asserito prima, \u00e8 legato a doppio filo alla nostra storia, ai nostri affetti, alle nostre esperienze e ci lega come figli di uno stesso piatto, anche se non figli di uno stesso popolo. La alimentazione crea la base del nostro rapporto con il resto del mondo e questa importanza talvolta non \u00e8 bene evidenziata. Del resto<strong> Virginia Woolf<\/strong> affermava che \u201cun uomo non pu\u00f2 pensare bene, amare bene, dormire bene, se non ha mangiato bene\u201d.<\/em><\/p>\n<p><strong><a href=\"http:\/\/www.sceltedigusto.it\/public\/wp-content\/uploads\/2016\/01\/giuliano8.jpg\"><img loading=\"lazy\" class=\"wp-image-10713 alignleft\" src=\"http:\/\/www.sceltedigusto.it\/public\/wp-content\/uploads\/2016\/01\/giuliano8-300x225.jpg\" alt=\"giuliano8\" width=\"320\" height=\"240\" srcset=\"https:\/\/www.sceltedigusto.it\/public\/wp-content\/uploads\/2016\/01\/giuliano8-300x225.jpg 300w, https:\/\/www.sceltedigusto.it\/public\/wp-content\/uploads\/2016\/01\/giuliano8.jpg 960w\" sizes=\"(max-width: 320px) 100vw, 320px\" \/><\/a>Lucrezio,epicureo, nel suo poema De rerum natura cercava di fugare la paura della morte ricorrendo a un\u2019immagine \u201cculinaria\u201d sostenendo che &#8220;chi si accinge a morire deve ragionare come un convitato sazio quando finisce il banchetto: se la vita trascorsa \u00e9 stata colma di gioia, allora ci si pu\u00f2 ritirare da essa come un convitato sazio e felice dopo un lauto banchetto (-). Ma anche Seneca ed, in tempi pi\u00f9 recenti, Nietzsche e Kant come pure Rousseau, Marx, Schopenhauer, Bloch fanno riferimento al cibo. Il materialista La Mettrie tra tutti pare si ingozzasse di cibo al punto da morirne. Scuole di pensiero diverse, comune denominatore il cibo: che la filosofia sia in realt\u00e0 fortemente propedeutica ad un&#8217;attivit\u00e0 come la sua?<\/strong><\/p>\n<p><em>La filosofia eletta da molti a madre di tutte le scienze umane, \u00e8 uno strumento di intellezione di cui si sono serviti lungo i millenni uomini che con le loro menti hanno contribuito allo sviluppo del pensiero del mondo. Ci\u00f2 nonostante non bisogna scordare che la filosofia, come anche la cucina, \u00e8 vita ed \u00e8 pensata da esseri umani, che sono dotati di enormi facolt\u00e0 intellettuali ma certamente anche di una corporeit\u00e0 che reclama la propria importanza. Non mi stupisce quindi che i maggiori filosofi di epoca classica fino a giungere al &#8216;900 abbiano dovuto far riferimento parlando di filosofia al cibo. La cucina e la materia prima che attraverso la propria arte viene plasmata sono una forma di filosofia. <a href=\"http:\/\/www.sceltedigusto.it\/public\/wp-content\/uploads\/2016\/01\/giuliano4.jpg\"><img loading=\"lazy\" class=\" wp-image-10709 alignright\" src=\"http:\/\/www.sceltedigusto.it\/public\/wp-content\/uploads\/2016\/01\/giuliano4-300x300.jpg\" alt=\"giuliano4\" width=\"249\" height=\"249\" srcset=\"https:\/\/www.sceltedigusto.it\/public\/wp-content\/uploads\/2016\/01\/giuliano4-300x300.jpg 300w, https:\/\/www.sceltedigusto.it\/public\/wp-content\/uploads\/2016\/01\/giuliano4-150x150.jpg 150w, https:\/\/www.sceltedigusto.it\/public\/wp-content\/uploads\/2016\/01\/giuliano4-210x210.jpg 210w, https:\/\/www.sceltedigusto.it\/public\/wp-content\/uploads\/2016\/01\/giuliano4.jpg 640w\" sizes=\"(max-width: 249px) 100vw, 249px\" \/><\/a>Il grande strumento che una persona che conosca la storia della filosofia possiede \u00e8 quello di dominare questi processi e riuscire a direzionarli al fine di elaborare concetti nuovi, filosofie alimentari che possano creare sviluppo, innovazione, emancipazione a partire da una tradizione necessaria, senza la quale non potrebbe esistere il nuovo. Quindi le dir\u00f2 in sincerit\u00e0 che ritengo propedeutica la filosofia come la matematica, come l&#8217;italiano, come la letteratura e come le altre componenti della cultura di un individuo che lo qualificano come essere pensante e che lo aiutano a dominare l&#8217;uso di un&#8217;arte sulla quale si fonda il benessere dell&#8217;uomo. Del resto <strong>Terenzio<\/strong> diceva nell&#8217;Heautontimorumenos<\/em><br \/>\n<em> \u201c homo sum, humani nihil a me alienum puto\u201d Sono uomo, nulla di quanto riguardi gli uomini ritengo alieno da me.<\/em><\/p>\n<p><strong><a href=\"http:\/\/www.sceltedigusto.it\/public\/wp-content\/uploads\/2016\/01\/giuliano-broccoli.jpg\"><img loading=\"lazy\" class=\"size-medium wp-image-10720 alignleft\" src=\"http:\/\/www.sceltedigusto.it\/public\/wp-content\/uploads\/2016\/01\/giuliano-broccoli-300x225.jpg\" alt=\"giuliano broccoli\" width=\"300\" height=\"225\" srcset=\"https:\/\/www.sceltedigusto.it\/public\/wp-content\/uploads\/2016\/01\/giuliano-broccoli-300x225.jpg 300w, https:\/\/www.sceltedigusto.it\/public\/wp-content\/uploads\/2016\/01\/giuliano-broccoli.jpg 960w\" sizes=\"(max-width: 300px) 100vw, 300px\" \/><\/a>Mettendo da parte i libri e aprendo i ricettari, quale piatto le \u00e8 particolarmente caro?<\/strong><\/p>\n<p><em>La pasta con i \u201c<strong>Broccoli arriminati<\/strong>\u201d, perch\u00e8 mi ricorda molto i miei nonni materni ora scomparsi, con cui sono cresciuto e mia nonna in particolare, che mi ha insegnato a cucinarla quando ero ragazzino. E&#8217; un piatto che racconta la mia terra, la mia famiglia, le mie tradizioni e per questo lo propongo sempre in qualche modo nei menu che ho redatto. Ultimamente ho addirittura messo questo condimento all&#8217;interno di una arancina che abbiamo proposto come fuori menu al <strong>Ghiottone Raffinato<\/strong>, riscuotendo l&#8217;affetto e la soddisfazione dei clienti. Per me \u00e8 stata una grande gioia<\/em><\/p>\n<p><strong><br \/>\n<a href=\"http:\/\/www.sceltedigusto.it\/public\/wp-content\/uploads\/2016\/01\/giuliano-carbonara.jpg\"><img loading=\"lazy\" class=\"size-medium wp-image-10721 alignright\" src=\"http:\/\/www.sceltedigusto.it\/public\/wp-content\/uploads\/2016\/01\/giuliano-carbonara-300x225.jpg\" alt=\"giuliano carbonara\" width=\"300\" height=\"225\" srcset=\"https:\/\/www.sceltedigusto.it\/public\/wp-content\/uploads\/2016\/01\/giuliano-carbonara-300x225.jpg 300w, https:\/\/www.sceltedigusto.it\/public\/wp-content\/uploads\/2016\/01\/giuliano-carbonara.jpg 960w\" sizes=\"(max-width: 300px) 100vw, 300px\" \/><\/a>Pi\u00f9 tradizione, pi\u00f9 innovazione o un equilibrato blend tra le due?<\/strong><\/p>\n<p><em>La sfida che ogni cuoco oggi affronta, \u00e8 quella di avere la capacit\u00e0 di pensare un piatto tradizionale con uno sguardo nuovo, perspicuo e intelligente, non pensando esclusivamente alla necessit\u00e0 di appagare l&#8217;appetito, ma anche a stimolare la fantasia, le emozioni e la sensibilit\u00e0 di ognuno. La cucina \u00e8 forse l&#8217;unica arte che pu\u00f2 servirsi di tutti e cinque i sensi datici in dote dalla Natura. Un piatto deve essere ammirato senz&#8217;altro ma anche annusato, ascoltato, toccato e infine gustato nell&#8217;interezza della sua realizzazione. Chi manipola il cibo, deve sapere, che sta operando un atto miracoloso, quello della creazione. Ecco! La cucina \u00e8 creazione. Il nuovo che celebra l&#8217;antico, \u00e8 colore, gusto, armonia. La cucina \u00e8 vita. Ognuno di noi ne parla almeno una volta al giorno. La cucina \u00e8 poesia, per chi la ama. Per questo amo partire dai sapori che mi hanno insegnato i miei nonni e la mia famiglia e cerco di trovare un modo nuovo, di reinterpretare quei gusti, con accostamenti fantasiosi, ma sempre rispettosi del tempo e della storia. La mia formazione poi mi spinge a trovare sempre un collegamento con la storia, con l&#8217;arte di cui la mia terra e la mia gente sono ricchi. Sposo quindi un equilibrato blend tra tradizione e innovazione.<\/em><\/p>\n<p><strong><a href=\"http:\/\/www.sceltedigusto.it\/public\/wp-content\/uploads\/2016\/01\/giuliano-pesce.jpg\"><img loading=\"lazy\" class=\"wp-image-10723 alignleft\" src=\"http:\/\/www.sceltedigusto.it\/public\/wp-content\/uploads\/2016\/01\/giuliano-pesce-300x225.jpg\" alt=\"giuliano pesce\" width=\"331\" height=\"248\" srcset=\"https:\/\/www.sceltedigusto.it\/public\/wp-content\/uploads\/2016\/01\/giuliano-pesce-300x225.jpg 300w, https:\/\/www.sceltedigusto.it\/public\/wp-content\/uploads\/2016\/01\/giuliano-pesce.jpg 960w\" sizes=\"(max-width: 331px) 100vw, 331px\" \/><\/a>Quanto conta il soddisfacimento del senso estetico nella riuscita di un piatto?<\/strong><\/p>\n<p><em>Il senso estetico di un piatto conta quasi quanto la sostanza del piatto stesso. Quello che dico pu\u00f2 risultare una eresia, ma penso sinceramente che come un bel piatto senza anima valga nulla , allo stesso modo un buon piatto saporito privo di appeal visivo, di senso cromatico, dilapidi tutto il lavoro fatto sul gusto scoraggiando l&#8217;avventore gi\u00e0 all&#8217;assaggio e ridimensionandone il successo in termini di soddisfazione. Come detto prima tutti i 5 sensi devono gioire a tavola e la vista \u00e8 uno dei protagonisti tra questi.<\/em><\/p>\n<p><strong>Pi\u00f9 forma o pi\u00f9 sostanza?<\/strong><\/p>\n<p><em>Sicuramente pi\u00f9 sostanza. L&#8217;anima \u00e8 sempre pi\u00f9 importante dell&#8217;involucro. Ma guai a sottovalutare la forma. Ad alti livelli, la sostanza dovrebbe essere pressocch\u00e8 omogenea. La forma pu\u00f2 talvolta diventare decisiva<\/em><\/p>\n<p><strong>I suoi progetti futuri dove la porteranno? In un&#8217;Agora o in altre cucine?<\/strong><\/p>\n<p><em>Al momento sono proiettato sul completamento del mio percorso di studi da un lato, ma non trascuro assolutamente la mia professione che mi accompagner\u00e0 per il resto della mia vita. Amo utilizzare le mie conoscenze per addentrarmi nel mondo della cucina e nutrire la mia mente, conoscendo ogni giorno qualcosa di nuovo e cercando di migliorare sempre la performance in funzione dei miei clienti. Per il resto sono coinvolto nelle attivit\u00e0 della A.p.c.p.pa &#8211; <strong>Associazione provinciale cuochi e pasticceri di Palermo<\/strong> &#8211; \u00a0all&#8217;interno della quale ricopro il ruolo di coordinatore delle demo e dei corsi e sto preparandomi per collaborare con il <strong>Culinary Team<\/strong> di Palermo, allenato dal Maestro <strong>Giuseppe Giuliano<\/strong>, per le prossime olimpiadi di cucina e pasticceria a Novembre ad Erfurt in Germania<\/em><\/p>\n<p><strong><a href=\"http:\/\/www.sceltedigusto.it\/public\/wp-content\/uploads\/2016\/01\/giuliano-arancina.jpg\"><img loading=\"lazy\" class=\" wp-image-10722 alignright\" src=\"http:\/\/www.sceltedigusto.it\/public\/wp-content\/uploads\/2016\/01\/giuliano-arancina-300x230.jpg\" alt=\"giuliano arancina\" width=\"267\" height=\"205\" srcset=\"https:\/\/www.sceltedigusto.it\/public\/wp-content\/uploads\/2016\/01\/giuliano-arancina-300x230.jpg 300w, https:\/\/www.sceltedigusto.it\/public\/wp-content\/uploads\/2016\/01\/giuliano-arancina.jpg 960w\" sizes=\"(max-width: 267px) 100vw, 267px\" \/><\/a>Il Ghiottone Raffinato ed anche erudito, a quanto pare: se dovesse consigliare un piatto ai miei lettori quale sarebbe?<\/strong><\/p>\n<p><em>Mi sento di consigliare un piatto che ho chiamato Delfi in omaggio all&#8217;isola Sacra agli antichi Greci, sede del tempio oracolare, al quale da ogni parte della Grecia ci si recava per interrogare il futuro. Si tratta di una <strong>arancina<\/strong> propriamente detta con un ripieno di gambero rosso di Mazara, tentacoli di polpo e vongole, su di una bisque calda di gambero e una spuma sempre di gambero ma in crudit\u00e0. Nel piatto quindi coabitano diverse cotture e consistenze di pochi semplici ingredienti che cercano di amarsi al fine di rendere amabile l&#8217;insieme dei sapori. Per il resto sono legato ad ogni singolo piatto del mio menu, quindi in generale li consiglierei diffusamente.<\/em><\/p>\n<p>&nbsp;<\/p>\n<p><strong>Alessandra Verzera<\/strong><\/p>\n<p>&nbsp;<\/p>\n","protected":false},"excerpt":{"rendered":"<p>Nel salotto di Palermo esiste un locale che costituisce una delle migliori poltrone in cui accomodarsi quando si entra appunto in quel salotto. La strada \u00e8 la Via Principe di Belmonte, ed il locale \u00e8 Il Ghiottone Raffinato, di fatto nell&#8217;unica traversa sulla destra entrando in Via Principe di Belmonte dalla Via Ruggero Settimo. Le [&hellip;]<\/p>\n","protected":false},"author":18,"featured_media":10718,"comment_status":"open","ping_status":"open","sticky":false,"template":"","format":"standard","meta":[],"categories":[8,5435,5],"tags":[6227,7095,7092,7089,7091,7094,7090,1008,7096,7093],"jetpack_featured_media_url":"https:\/\/www.sceltedigusto.it\/public\/wp-content\/uploads\/2016\/01\/giuliano1.jpg","_links":{"self":[{"href":"https:\/\/www.sceltedigusto.it\/public\/wp-json\/wp\/v2\/posts\/10717"}],"collection":[{"href":"https:\/\/www.sceltedigusto.it\/public\/wp-json\/wp\/v2\/posts"}],"about":[{"href":"https:\/\/www.sceltedigusto.it\/public\/wp-json\/wp\/v2\/types\/post"}],"author":[{"embeddable":true,"href":"https:\/\/www.sceltedigusto.it\/public\/wp-json\/wp\/v2\/users\/18"}],"replies":[{"embeddable":true,"href":"https:\/\/www.sceltedigusto.it\/public\/wp-json\/wp\/v2\/comments?post=10717"}],"version-history":[{"count":2,"href":"https:\/\/www.sceltedigusto.it\/public\/wp-json\/wp\/v2\/posts\/10717\/revisions"}],"predecessor-version":[{"id":10727,"href":"https:\/\/www.sceltedigusto.it\/public\/wp-json\/wp\/v2\/posts\/10717\/revisions\/10727"}],"wp:featuredmedia":[{"embeddable":true,"href":"https:\/\/www.sceltedigusto.it\/public\/wp-json\/wp\/v2\/media\/10718"}],"wp:attachment":[{"href":"https:\/\/www.sceltedigusto.it\/public\/wp-json\/wp\/v2\/media?parent=10717"}],"wp:term":[{"taxonomy":"category","embeddable":true,"href":"https:\/\/www.sceltedigusto.it\/public\/wp-json\/wp\/v2\/categories?post=10717"},{"taxonomy":"post_tag","embeddable":true,"href":"https:\/\/www.sceltedigusto.it\/public\/wp-json\/wp\/v2\/tags?post=10717"}],"curies":[{"name":"wp","href":"https:\/\/api.w.org\/{rel}","templated":true}]}}