{"id":1059,"date":"2011-08-18T15:26:42","date_gmt":"2011-08-18T13:26:42","guid":{"rendered":"http:\/\/www.sceltedigusto.it\/public\/Test\/a-cefalu-nel-blu-dipinto-di-blu\/"},"modified":"2015-12-20T07:24:02","modified_gmt":"2015-12-20T06:24:02","slug":"a-cefalu-nel-blu-dipinto-di-blu","status":"publish","type":"post","link":"https:\/\/www.sceltedigusto.it\/public\/a-cefalu-nel-blu-dipinto-di-blu\/","title":{"rendered":"A Cefal\u00f9, nel blu dipinto di blu"},"content":{"rendered":"<h3><img loading=\"lazy\" class=\"  wp-image-1041 alignleft\" src=\"http:\/\/www.sceltedigusto.it\/public\/Test\/wp-content\/uploads\/2011\/08\/tramonto cefal.jpg\" alt=\"\" width=\"209\" height=\"278\" border=\"0\" srcset=\"https:\/\/www.sceltedigusto.it\/public\/wp-content\/uploads\/2011\/08\/tramonto%20cefal.jpg 280w, https:\/\/www.sceltedigusto.it\/public\/wp-content\/uploads\/2011\/08\/tramonto%20cefal-225x300.jpg 225w\" sizes=\"(max-width: 209px) 100vw, 209px\" \/><\/h3>\n<h3 style=\"text-align: justify;\">La corsa di Cefal\u00f9 era iniziata gloriosamente e parallelamente a quella di Taormina, alcuni decenni addietro: le due cittadine, l\u2019una in provincia di Palermo e l\u2019altra in quella di Messina, si contendevano la palma della miglior localit\u00e0 turistico balneare della Sicilia. Poi la corsa di Cefal\u00f9 si \u00e8 arrestata. E Taormina ha preso tutto: fama, glamour, turisti. Ma adesso Cefal\u00f9 sta rialzando la testa.<\/h3>\n<p>&nbsp;<\/p>\n<p style=\"text-align: justify;\"><span style=\"font-family: verdana,geneva;\">La Cefal\u00f9 che ricordavo, di pi\u00f9 di una ventina di anni fa, non \u00e8 molto diversa dalla Cefal\u00f9 che ho rivisto e rivisitato con piacere. Bella lo \u00e8 sempre stata, ma vent\u2019anni fa era anche una localit\u00e0 molto \u00e0 la page. Richiesta dal turismo straniero e nazionale, per i palermitani era una vera fortuna averla tanto a portata di mano. <\/span><\/p>\n<p><span style=\"font-family: verdana,geneva;\"><img loading=\"lazy\" class=\" size-full wp-image-1042 alignright\" src=\"http:\/\/www.sceltedigusto.it\/public\/Test\/wp-content\/uploads\/2011\/08\/panorama lungomare.jpg\" alt=\"\" width=\"340\" height=\"255\" border=\"0\" srcset=\"https:\/\/www.sceltedigusto.it\/public\/wp-content\/uploads\/2011\/08\/panorama%20lungomare.jpg 340w, https:\/\/www.sceltedigusto.it\/public\/wp-content\/uploads\/2011\/08\/panorama%20lungomare-300x225.jpg 300w\" sizes=\"(max-width: 340px) 100vw, 340px\" \/><\/span><\/p>\n<p style=\"text-align: justify;\"><span style=\"font-family: verdana,geneva;\">Sono scomparsi alcuni ristoranti \u201cstorici\u201d \u2013 uno per tutti l\u2019Osterio Magno &#8211;\u00a0 ma in compenso sono comparsi i cestini portarifiuti ed una serie di servizi che prima non c\u2019erano. Cefal\u00f9 ha fermato la sua corsa alla fama a causa di scelte amministrative sbagliate e ad investimenti non realizzati. La prima e pi\u00f9 vistosa mancanza del comune marinaro \u00e8 stata per anni la cronica mancanza di strutture ricettive. Solo due hotels sulla bocca di tutti: il Costa Verde, che \u00e8 a Cefal\u00f9 per modo di dire, ed il Riva del Sole, che \u00e8 nel cuore di Cefal\u00f9 ma che \u00e8 sempre stato e rimarr\u00e0 sempre troppo piccolo. Il resto della ricettivit\u00e0 era affidato a qualche alberghetto di paese e qualche affittacamere e, in tempi pi\u00f9 recenti, alla coscienza di qualche gestore di Bed &amp; Breakfast: e le fregature negli anni si sono davvero sprecate sempre in virt\u00f9 di quella strana anomalia tipicamente sicula che induce a pensare che il turista vada sempre e comunque fregato, meglio se anche spennato vivo.<\/span><\/p>\n<p style=\"text-align: justify;\"><span style=\"font-family: verdana,geneva;\"><img loading=\"lazy\" class=\"  wp-image-1043\" src=\"http:\/\/www.sceltedigusto.it\/public\/Test\/wp-content\/uploads\/2011\/08\/cefalu-sea-palace.jpg\" alt=\"\" width=\"346\" height=\"259\" border=\"0\" srcset=\"https:\/\/www.sceltedigusto.it\/public\/wp-content\/uploads\/2011\/08\/cefalu-sea-palace.jpg 550w, https:\/\/www.sceltedigusto.it\/public\/wp-content\/uploads\/2011\/08\/cefalu-sea-palace-300x224.jpg 300w\" sizes=\"(max-width: 346px) 100vw, 346px\" \/> <img loading=\"lazy\" class=\"  wp-image-1044\" src=\"http:\/\/www.sceltedigusto.it\/public\/Test\/wp-content\/uploads\/2011\/08\/sea palace.jpg\" alt=\"\" width=\"349\" height=\"262\" border=\"0\" srcset=\"https:\/\/www.sceltedigusto.it\/public\/wp-content\/uploads\/2011\/08\/sea%20palace.jpg 750w, https:\/\/www.sceltedigusto.it\/public\/wp-content\/uploads\/2011\/08\/sea%20palace-300x224.jpg 300w\" sizes=\"(max-width: 349px) 100vw, 349px\" \/><\/span><\/p>\n<p style=\"text-align: justify;\"><span style=\"font-family: verdana,geneva;\">Ma da poco pi\u00f9 di due anni le cose sono radicalmente cambiate. I pionieri della ricettivit\u00e0 di qualit\u00e0 a Cefal\u00f9 sono stati i coniugi Lombardo. Lei solida e verace figlia di armatore, lui esponente politico rodato con qualche carica assessorile alle spalle. \u00a0I due hanno dato vita al primo albergo di lusso proprio nel cuore di Cefal\u00f9, senza n\u00e9 se e n\u00e9 ma e senza compromessi. Il Cefal\u00f9 Sea Palace \u00e8 un bell\u2019albergo quattro stelle lusso situato proprio sul lungomare Giardina ed a qualche centinaio di passi dal delizioso centro storico della cittadina. <\/span><\/p>\n<p><span style=\"font-family: verdana,geneva;\"><img loading=\"lazy\" class=\"  wp-image-1045 alignleft\" src=\"http:\/\/www.sceltedigusto.it\/public\/Test\/wp-content\/uploads\/2011\/08\/cefalu-sea-palace-4.jpg\" alt=\"\" width=\"340\" height=\"235\" border=\"0\" srcset=\"https:\/\/www.sceltedigusto.it\/public\/wp-content\/uploads\/2011\/08\/cefalu-sea-palace-4.jpg 450w, https:\/\/www.sceltedigusto.it\/public\/wp-content\/uploads\/2011\/08\/cefalu-sea-palace-4-300x207.jpg 300w\" sizes=\"(max-width: 340px) 100vw, 340px\" \/> Di certo non \u00e8 economico, ma questa \u00e8 stata la scelta dei proprietari, che vogliono riportare a Cefal\u00f9 un certo tipo di turista e non certo il \u201cweekendaro mordi e fuggi\u201d. Quindi, senza l\u2019assillo dell\u2019auto e degli incolonnamenti, non sono tutti a poter godere di una finestra sul blu del mare di Cefal\u00f9, se quella finestra appartiene ad una camera del Sea Palace: ma chi riesce a concedersi questo piccolo lusso riporter\u00e0 a casa ricordi indimenticabili tra cui alcuni dei pi\u00f9 bei tramonti siciliani. Mi colp\u00ec, quando visitai e soggiornai al Sea Palace a meno di un mese dalla sua apertura, il fatto che su quel lungomare vi fosse una serie di casermoni in costruzione lasciati a s\u00e9 stessi e che non costituivano di certo una bella cornice a quell\u2019hotel decisamente elegante.<\/span><\/p>\n<p><span style=\"font-family: verdana,geneva;\"><img loading=\"lazy\" class=\"  wp-image-1046 alignright\" src=\"http:\/\/www.sceltedigusto.it\/public\/Test\/wp-content\/uploads\/2011\/08\/astro_suite_hotel_cefalu_nord-piscina_03.jpg\" alt=\"\" width=\"403\" height=\"236\" border=\"0\" srcset=\"https:\/\/www.sceltedigusto.it\/public\/wp-content\/uploads\/2011\/08\/astro_suite_hotel_cefalu_nord-piscina_03.jpg 1280w, https:\/\/www.sceltedigusto.it\/public\/wp-content\/uploads\/2011\/08\/astro_suite_hotel_cefalu_nord-piscina_03-300x175.jpg 300w, https:\/\/www.sceltedigusto.it\/public\/wp-content\/uploads\/2011\/08\/astro_suite_hotel_cefalu_nord-piscina_03-1024x600.jpg 1024w\" sizes=\"(max-width: 403px) 100vw, 403px\" \/><br \/>\n<\/span><\/p>\n<p style=\"text-align: justify;\"><span style=\"font-family: verdana,geneva;\">Sono tornata un mese fa e, colpo di scena, ho visto che uno dei casermoni\u00a0 \u00e8 diventato una bella struttura ricettiva, una RTA, ed ho anche appreso che l\u2019ultimo scheletro con le gru al vento diverr\u00e0 ben presto un\u2019altra struttura di pari livello rispetto a quelle gi\u00e0 esistenti. <\/span><\/p>\n<p><span style=\"font-family: verdana,geneva;\"><img loading=\"lazy\" class=\"  wp-image-1048 alignleft\" src=\"http:\/\/www.sceltedigusto.it\/public\/Test\/wp-content\/uploads\/2011\/08\/astro2.jpg\" alt=\"\" width=\"395\" height=\"209\" border=\"0\" srcset=\"https:\/\/www.sceltedigusto.it\/public\/wp-content\/uploads\/2011\/08\/astro2.jpg 1280w, https:\/\/www.sceltedigusto.it\/public\/wp-content\/uploads\/2011\/08\/astro2-300x158.jpg 300w, https:\/\/www.sceltedigusto.it\/public\/wp-content\/uploads\/2011\/08\/astro2-1024x542.jpg 1024w\" sizes=\"(max-width: 395px) 100vw, 395px\" \/><\/span><\/p>\n<p style=\"text-align: justify;\"><span style=\"font-family: verdana,geneva;\">Architettonicamente abbastanza simile al Sea Palace, l\u2019 Astro Suite Hotel \u2013 quattro stelle \u2013 costituisce per\u00f2 una soluzione pi\u00f9 idonea a soddisfare giovani famiglie, se non altro perch\u00e9 meno dispendiosa, ma non solo. Infatti tutte le camere sono delle suite composte da ampia camera matrimoniale, disimpegno, bagno e grande soggiorno con cucina attrezzata e divano letto a doppio letto estraibile. <\/span><\/p>\n<p><span style=\"font-family: verdana,geneva;\"><img loading=\"lazy\" class=\"  wp-image-1049 alignright\" src=\"http:\/\/www.sceltedigusto.it\/public\/Test\/wp-content\/uploads\/2011\/08\/astro5.jpg\" alt=\"\" width=\"387\" height=\"212\" border=\"0\" srcset=\"https:\/\/www.sceltedigusto.it\/public\/wp-content\/uploads\/2011\/08\/astro5.jpg 1280w, https:\/\/www.sceltedigusto.it\/public\/wp-content\/uploads\/2011\/08\/astro5-300x164.jpg 300w, https:\/\/www.sceltedigusto.it\/public\/wp-content\/uploads\/2011\/08\/astro5-1024x560.jpg 1024w\" sizes=\"(max-width: 387px) 100vw, 387px\" \/><\/span><\/p>\n<p style=\"text-align: justify;\"><span style=\"font-family: verdana,geneva;\">Va da s\u00e9 che per qualsiasi mamma sar\u00e0 molto pi\u00f9 facile preparare una pappina al proprio bimbo disponendo di una cucina completa persino di grande frigo e forno a microonde. La camera matrimoniale in s\u00e9 gode di un bel terrazzo sul mare ed il soggiorno di un\u2019ampia\u00a0 finestratura con vista paese. \u00a0La biancheria \u00e8 di buona qualit\u00e0. <\/span><\/p>\n<p><span style=\"font-family: verdana,geneva;\">\u00a0<img loading=\"lazy\" class=\"wp-image-1051 alignleft\" src=\"http:\/\/www.sceltedigusto.it\/public\/Test\/wp-content\/uploads\/2011\/08\/oblo.jpg\" alt=\"\" width=\"321\" height=\"241\" border=\"0\" srcset=\"https:\/\/www.sceltedigusto.it\/public\/wp-content\/uploads\/2011\/08\/oblo.jpg 4320w, https:\/\/www.sceltedigusto.it\/public\/wp-content\/uploads\/2011\/08\/oblo-300x225.jpg 300w, https:\/\/www.sceltedigusto.it\/public\/wp-content\/uploads\/2011\/08\/oblo-1024x768.jpg 1024w\" sizes=\"(max-width: 321px) 100vw, 321px\" \/>Il bagno \u00e8 una chicca: la sua finestra \u00e8 un obl\u00f2, ed il mio guardava sia sul mare che sul paese, e cos\u00ec mi \u00e8 capitato di fare la doccia guardando la pancia di un gabbiano che volava sull\u2019hotel ed il campanile del meraviglioso Duomo allo stesso tempo. Ma la cosa notevole di questo posto sono proprio gli spazi. Ed i colori. Nelle intenzioni dell\u2019architetto c\u2019era quella di far somigliare l\u2019hotel ad una nave: ed infatti le suites sono dislocate su due piani e su due ali, indicate con i nomi di \u201cPonte A\u201d e \u201cPonte B\u201d, ed i colori sono quelli evocativi del mare e del cielo: le uniche cose che si osservano di fatto dal ponte di una nave. E cos\u00ec i pavimenti sono blu, i divani azzurri, e blu sono le tende mentre colore sabbia sono gli arredi e le ampie e comode armadiature, mentre le porte sono di un bellissimo blu d\u2019Antibes. C\u2019\u00e8 spazio per riporre qualsiasi cosa in quella tavolozza dei toni del blu.<\/span><\/p>\n<p><span style=\"font-family: verdana,geneva;\"><img loading=\"lazy\" class=\"  wp-image-1052 alignright\" src=\"http:\/\/www.sceltedigusto.it\/public\/Test\/wp-content\/uploads\/2011\/08\/astro6.jpg\" alt=\"\" width=\"374\" height=\"249\" border=\"0\" srcset=\"https:\/\/www.sceltedigusto.it\/public\/wp-content\/uploads\/2011\/08\/astro6.jpg 600w, https:\/\/www.sceltedigusto.it\/public\/wp-content\/uploads\/2011\/08\/astro6-300x200.jpg 300w\" sizes=\"(max-width: 374px) 100vw, 374px\" \/> <img loading=\"lazy\" class=\"  wp-image-1053\" src=\"http:\/\/www.sceltedigusto.it\/public\/Test\/wp-content\/uploads\/2011\/08\/astro9.jpg\" alt=\"\" width=\"363\" height=\"223\" border=\"0\" srcset=\"https:\/\/www.sceltedigusto.it\/public\/wp-content\/uploads\/2011\/08\/astro9.jpg 1280w, https:\/\/www.sceltedigusto.it\/public\/wp-content\/uploads\/2011\/08\/astro9-300x184.jpg 300w, https:\/\/www.sceltedigusto.it\/public\/wp-content\/uploads\/2011\/08\/astro9-1024x628.jpg 1024w\" sizes=\"(max-width: 363px) 100vw, 363px\" \/><br \/>\n<\/span><\/p>\n<p style=\"text-align: justify;\"><span style=\"font-family: verdana,geneva;\">Anche in questo caso ho soggiornato in una struttura aperta da meno di un mese, usufruendo di una bella camera con vista e di una colazione genuina ed abbondante. L\u2019occhio costante ma mai invadente del gestore, ha garantito che tutto funzionasse al meglio : e devo dire che \u00e8 stato tutto all\u2019altezza delle aspettative, considerato anche un doveroso momento di rodaggio. La nota positiva pi\u00f9 evidente \u00e8 l\u2019estrema gentilezza del personale, ben pi\u00f9 che disponibile. Un caff\u00e8 in camera ci metteva si e no tre minuti ad arrivare: e tanta solerzia non \u00e8 da tutti. A seguire, la convenzione con la spiaggia attrezzata immediatamente dall\u2019altra parte della strada, che dispone anche di un baretto dove si pu\u00f2 consumare un ottimo\u00a0 pranzo leggero, assistiti dall\u2019affabilit\u00e0 di Osvaldo Mandelli, e poi \u2013 ma questo lo davo per scontato \u2013 l\u2019estrema pulizia di tutti gli ambienti.<\/span><\/p>\n<p><span style=\"font-family: verdana,geneva;\"><img loading=\"lazy\" class=\"  wp-image-1054 alignleft\" src=\"http:\/\/www.sceltedigusto.it\/public\/Test\/wp-content\/uploads\/2011\/08\/astro7.jpg\" alt=\"\" width=\"332\" height=\"221\" border=\"0\" srcset=\"https:\/\/www.sceltedigusto.it\/public\/wp-content\/uploads\/2011\/08\/astro7.jpg 600w, https:\/\/www.sceltedigusto.it\/public\/wp-content\/uploads\/2011\/08\/astro7-300x200.jpg 300w\" sizes=\"(max-width: 332px) 100vw, 332px\" \/><\/span><\/p>\n<p style=\"text-align: justify;\"><span style=\"font-family: verdana,geneva;\">Una nota meno positiva riguarda la piscina: \u00e8 davvero piccola ed \u00e8 alta circa un metro e venti. Pi\u00f9 adatta ai bambini che agli adulti; ed in effetti gli adulti c\u2019erano per lo pi\u00f9 per accudire i propri bambini. Senonch\u00e8 il\u00a0 mare \u00e8 talmente vicino e talmente tanto bello che la piccolezza della piscina assume un\u2019importanza molto relativa: di fatto c\u2019\u00e8, e va benissimo se non altro per prendere ancora un po\u2019 di sole prima di salire in camera per prepararsi a godere l\u2019incanto della citt\u00e0 di Cefal\u00f9 alla sera, con la suggestiva passeggiata animata \u00a0dai venditori ambulanti che espongono variopinte mercanzie e tutto un susseguirsi di piccoli locali e pizzerie costantemente gremiti di gente. Un piccolo consiglio: tenetevi alla larga da quei locali in cui un insistente \u201ctiradentro\u201d vuole per forza trovarvi un tavolo: spenderete magari poco, ma mangerete cibo di qualit\u00e0 scadente. <\/span><\/p>\n<p><span style=\"font-family: verdana,geneva;\"><img loading=\"lazy\" class=\"  wp-image-1055 alignright\" src=\"http:\/\/www.sceltedigusto.it\/public\/Test\/wp-content\/uploads\/2011\/08\/porticciolo.jpg\" alt=\"\" width=\"361\" height=\"271\" border=\"0\" srcset=\"https:\/\/www.sceltedigusto.it\/public\/wp-content\/uploads\/2011\/08\/porticciolo.jpg 500w, https:\/\/www.sceltedigusto.it\/public\/wp-content\/uploads\/2011\/08\/porticciolo-300x225.jpg 300w\" sizes=\"(max-width: 361px) 100vw, 361px\" \/> <img loading=\"lazy\" class=\" size-full wp-image-1056\" src=\"http:\/\/www.sceltedigusto.it\/public\/Test\/wp-content\/uploads\/2011\/08\/scoglio.jpg\" alt=\"\" width=\"384\" height=\"288\" border=\"0\" srcset=\"https:\/\/www.sceltedigusto.it\/public\/wp-content\/uploads\/2011\/08\/scoglio.jpg 384w, https:\/\/www.sceltedigusto.it\/public\/wp-content\/uploads\/2011\/08\/scoglio-300x225.jpg 300w\" sizes=\"(max-width: 384px) 100vw, 384px\" \/><\/span><\/p>\n<p style=\"text-align: justify;\"><span style=\"font-family: verdana,geneva;\">Se potete, addentratevi un po\u2019 di pi\u00f9 tra i vicoletti del paese, dove un altro locale storico continua la sua esistenza continuando a servire buon cibo in una cornice spettacolare: parlo de Lo Scoglio Ubriaco, ma anche de Il Porticciolo.<\/span><\/p>\n<p><span style=\"font-family: verdana,geneva;\"><img loading=\"lazy\" class=\"  wp-image-1057 alignleft\" src=\"http:\/\/www.sceltedigusto.it\/public\/Test\/wp-content\/uploads\/2011\/08\/antipasto.jpg\" alt=\"\" width=\"280\" height=\"214\" border=\"0\" srcset=\"https:\/\/www.sceltedigusto.it\/public\/wp-content\/uploads\/2011\/08\/antipasto.jpg 457w, https:\/\/www.sceltedigusto.it\/public\/wp-content\/uploads\/2011\/08\/antipasto-300x229.jpg 300w\" sizes=\"(max-width: 280px) 100vw, 280px\" \/><\/span><\/p>\n<p style=\"text-align: justify;\"><span style=\"font-family: verdana,geneva;\">Non tornerei per nessuna ragione al Ragno d\u2019Oro, che d\u2019oro aveva solo il conto, e che invece ricordavo come uno tra i migliori. <\/span><\/p>\n<p style=\"text-align: justify;\">\n<p style=\"text-align: justify;\"><span style=\"font-family: verdana,geneva;\">Per il resto Cefal\u00f9 val sempre la pena di una passeggiata e, potendo, anche di un sia pur breve soggiorno.<\/span><\/p>\n<p><strong>Alessandra Verzera<\/strong><\/p>\n","protected":false},"excerpt":{"rendered":"<p>La corsa di Cefal\u00f9 era iniziata gloriosamente e parallelamente a quella di Taormina, alcuni decenni addietro: le due cittadine, l\u2019una in provincia di Palermo e l\u2019altra in quella di Messina, si contendevano la palma della miglior localit\u00e0 turistico balneare della Sicilia. Poi la corsa di Cefal\u00f9 si \u00e8 arrestata. E Taormina ha preso tutto: fama, [&hellip;]<\/p>\n","protected":false},"author":18,"featured_media":10289,"comment_status":"open","ping_status":"open","sticky":false,"template":"","format":"standard","meta":[],"categories":[13],"tags":[1497,82,1496,1501,1502,1499,1503,1500,1498],"jetpack_featured_media_url":"https:\/\/www.sceltedigusto.it\/public\/wp-content\/uploads\/2011\/08\/ragno-doro.jpg","_links":{"self":[{"href":"https:\/\/www.sceltedigusto.it\/public\/wp-json\/wp\/v2\/posts\/1059"}],"collection":[{"href":"https:\/\/www.sceltedigusto.it\/public\/wp-json\/wp\/v2\/posts"}],"about":[{"href":"https:\/\/www.sceltedigusto.it\/public\/wp-json\/wp\/v2\/types\/post"}],"author":[{"embeddable":true,"href":"https:\/\/www.sceltedigusto.it\/public\/wp-json\/wp\/v2\/users\/18"}],"replies":[{"embeddable":true,"href":"https:\/\/www.sceltedigusto.it\/public\/wp-json\/wp\/v2\/comments?post=1059"}],"version-history":[{"count":3,"href":"https:\/\/www.sceltedigusto.it\/public\/wp-json\/wp\/v2\/posts\/1059\/revisions"}],"predecessor-version":[{"id":10290,"href":"https:\/\/www.sceltedigusto.it\/public\/wp-json\/wp\/v2\/posts\/1059\/revisions\/10290"}],"wp:featuredmedia":[{"embeddable":true,"href":"https:\/\/www.sceltedigusto.it\/public\/wp-json\/wp\/v2\/media\/10289"}],"wp:attachment":[{"href":"https:\/\/www.sceltedigusto.it\/public\/wp-json\/wp\/v2\/media?parent=1059"}],"wp:term":[{"taxonomy":"category","embeddable":true,"href":"https:\/\/www.sceltedigusto.it\/public\/wp-json\/wp\/v2\/categories?post=1059"},{"taxonomy":"post_tag","embeddable":true,"href":"https:\/\/www.sceltedigusto.it\/public\/wp-json\/wp\/v2\/tags?post=1059"}],"curies":[{"name":"wp","href":"https:\/\/api.w.org\/{rel}","templated":true}]}}