{"id":102,"date":"2013-11-16T21:13:24","date_gmt":"2013-11-16T20:13:24","guid":{"rendered":"http:\/\/www.sceltedigusto.it\/public\/Test\/?p=102"},"modified":"2013-11-28T18:03:02","modified_gmt":"2013-11-28T17:03:02","slug":"tre-giorni-mille-saluti-un-solo-grazie-il-mio","status":"publish","type":"post","link":"https:\/\/www.sceltedigusto.it\/public\/tre-giorni-mille-saluti-un-solo-grazie-il-mio\/","title":{"rendered":"Tre giorni, mille saluti: un solo grazie. Il mio."},"content":{"rendered":"<p><img src=\"images\/stories\/mille.jpg\" border=\"0\" \/><\/p>\n<h3>E&#8217; un dato di fatto incontrovertibile come sempre lo sono i numeri : in tre giorni siete stati in <strong>mille<\/strong> a visitarci, idealmente a darci il vostro benvenuto ed il vostro saluto. Eppure il mio giornale \u00e8 nato in sordina: noi che lo abbiamo &#8220;gestato&#8221; di certo lo abbiamo sentito molto, ma sappiamo di essere arrivati un po&#8217; in ritardo, perch\u00e8 spesso succede cos\u00ec che vengono in mente altre idee, altri dettagli, altri particolari, persino altri colori.<\/h3>\n<p>  <!--more-->  <\/p>\n<p style=\"text-align: justify;\"><span style=\"font-size: x-small;\"><span style=\"font-family: verdana,geneva;\">E cos\u00ec chi ha tecnicamente realizzato questo sito si \u00e8 adattato ai nostri entusiasmi &#8220;correndoci &#8221; dietro: ed io che conosco me stessa e la mia smania per certi perfezionismi so anche che non \u00e8 sempre facile starmi dietro. Ma siamo arrivati. Ad accoglierci abbiamo trovato mille di voi; ed \u00e8 stata un&#8217;emozione forte, una bella ventata di entusiasmo. E siete stati tantissimi sebbene i primi due giorni siano stati difficili, per un problema di corretta visualizzazione prontamente segnalato da voi e altrettanto prontamente da noi risolto. Siete stati e continuate ad essere presenti anche con i vostri suggerimenti: so, e sento, che diventeremo molti e molti di pi\u00f9. Cos\u00ec ringrazio chi ha voglia di aggiungersi alla squadra e chi \u00e8 felice di averlo gi\u00e0 fatto. Ringrazio i colleghi che condividono quotidianamente con me questo entusiasmo e questi numeri estremamente significativi: ringrazio in particolare <strong>Arianna Zito<\/strong> e <strong>Antonio Fiasconaro<\/strong> &#8211; &#8220;vecchi&#8221; colleghi a caccia di quel quid gustoso e diverso &#8211; e che insieme a me hanno &#8220;festeggiato&#8221; i mille lettori. Un risultato eccellente, corroborato dalla gioia di chi &#8211; sebbene con 25 anni di carriera alle spalle in media &#8211; non ha mai perso un briciolo di entusiasmo rispetto a questa meravigliosa professione: come una splendida rosa anche se nasconde sempre alcune spine. Ringrazio il collega di &#8220;lungo corso&#8221; <strong>Giorgio Contino<\/strong> che sebbene fisicamente distante, ci \u00e8 stato sempre accanto. Ringrazio anche chi a questa professione si accosta e chi l&#8217;ha appena iniziata: due per tutti, <strong>Tiziana Nicoletti<\/strong> e <strong>Vincenzo Leone<\/strong>, che forniscono al giornale un apporto fondamentale. E ringrazio parimenti tutti gli altri che, a vario titolo, apportano il loro contributo al mio giornale. In ultimo, ma non da ultimo, ringrazio<strong> l&#8217;Editore<\/strong> che ha creduto in questo progetto abbracciandolo incondizionatamente ed adoperandosi al meglio per portarlo alla luce, alcune volte in aperto contrasto con la redazione, ma sempre efficacemente in favore di un progetto comune. Ringrazio <strong>Gaetano Scialabba<\/strong> e <strong>Antonio<\/strong> <strong>Minutella<\/strong> che spesso hanno &#8220;sopportato&#8221; i miei impazienti malumori e che ancora ne sopporteranno. A tutti voi regalo alcuni frammenti del nostro lavoro, immagini di quando avremmo voluto tutto e subito senza tener conto n\u00e8 delle tempistiche tecniche n\u00e8 dell&#8217;organizzazione: di quando tutti indistintamente fremevamo per essere on line, detestando il fatto di dover talvolta mordere il freno. Sono immagini private, della mia casa e di chi mi sta a fianco, che oggi sento di voler condividere con voi che tanti complimenti mi tributate e che mi attribuite meriti che non sono solo miei e che felicemente condivido con il &#8220;team&#8221;.<\/span><\/span><\/p>\n<p>\u00a0<\/p>\n<p><img loading=\"lazy\" class=\" size-full wp-image-98\" src=\"http:\/\/www.sceltedigusto.it\/public\/Test\/wp-content\/uploads\/2011\/04\/scelte di gusto 119.jpg\" border=\"0\" width=\"242\" height=\"191\" width=\"640\" height=\"480\" \/> <strong> Antonio Minutella e Gaetano Scialabba insieme ad Andrea Piovesan.<\/strong><\/p>\n<p><img loading=\"lazy\" class=\" size-full wp-image-99\" src=\"http:\/\/www.sceltedigusto.it\/public\/Test\/wp-content\/uploads\/2011\/04\/nikonfebbraio 380.jpg\" border=\"0\" width=\"244\" height=\"295\" width=\"480\" height=\"640\" \/><strong> Il &#8220;Gotha&#8221; della gerenza : Editore e Direttore.<\/strong><\/p>\n<p><img loading=\"lazy\" class=\" size-full wp-image-100\" src=\"http:\/\/www.sceltedigusto.it\/public\/Test\/wp-content\/uploads\/2011\/04\/nikonfebbraio 382.jpg\" border=\"0\" width=\"356\" height=\"215\" width=\"640\" height=\"480\" \/> <strong> Arianna Zito, vagamente preoccupata.<\/strong><\/p>\n<p>\u00a0<\/p>\n<p><img loading=\"lazy\" class=\" size-full wp-image-101\" src=\"http:\/\/www.sceltedigusto.it\/public\/Test\/wp-content\/uploads\/2011\/04\/scelte di gusto 127.jpg\" border=\"0\" width=\"440\" height=\"329\" width=\"640\" height=\"480\" srcset=\"https:\/\/www.sceltedigusto.it\/public\/wp-content\/uploads\/2011\/04\/scelte%20di%20gusto%20127.jpg 640w, https:\/\/www.sceltedigusto.it\/public\/wp-content\/uploads\/2011\/04\/scelte%20di%20gusto%20127-300x225.jpg 300w\" sizes=\"(max-width: 440px) 100vw, 440px\" \/><\/p>\n<p><strong>Gaetano Scialabba e Andrea Piovesan : nero su bianco.<\/strong><\/p>\n<p style=\"text-align: justify;\"><span style=\"font-size: x-small;\"><span style=\"font-family: verdana,geneva;\">Ma soprattutto ringrazio voi lettori, che ci fate sentire e percepire la vostra presenza fornendo il vostro sostegno anche sotto forma di suggerimento: a tale proposito abbiamo in cantiere alcune aggiunzioni di cui non vi parlo ancora forse anche per una punta di scaramanzia. Ma voi che avete avanzato idee e suggerimenti sappiate che sono stati accolti e che ci stiamo lavorando su. Cosa dire ancora? Nulla, se non un ulteriore grazie di cuore ed un&#8217;esortazione a continuare a seguirci. Scelte di Gusto \u00e8 stato prima un&#8217;idea, \u00e8 diventato poi un progetto e da pochi giorni \u00e8 una realt\u00e0 che al primo bilancio dopo soli tre giorni diventa anche bellissima, che piace ed interessa sempre di pi\u00f9. Rimanete con noi: il nostro giornale \u00e8 anche il vostro.<\/span><\/span><\/p>\n<p style=\"text-align: justify;\"><span style=\"font-family: verdana,geneva;\">Grazie a tutti.<\/span><\/p>\n<p>\u00a0<\/p>\n<p><strong>Alessandra Verzera<\/strong><\/p>\n<p><strong>Direttore Responsabile.<\/strong><\/p>\n","protected":false},"excerpt":{"rendered":"<p>E&#8217; un dato di fatto incontrovertibile come sempre lo sono i numeri : in tre giorni siete stati in mille a visitarci, idealmente a darci il vostro benvenuto ed il vostro saluto. Eppure il mio giornale \u00e8 nato in sordina: noi che lo abbiamo &#8220;gestato&#8221; di certo lo abbiamo sentito molto, ma sappiamo di essere [&hellip;]<\/p>\n","protected":false},"author":18,"featured_media":0,"comment_status":"open","ping_status":"open","sticky":false,"template":"","format":"standard","meta":[],"categories":[4],"tags":[],"jetpack_featured_media_url":"","_links":{"self":[{"href":"https:\/\/www.sceltedigusto.it\/public\/wp-json\/wp\/v2\/posts\/102"}],"collection":[{"href":"https:\/\/www.sceltedigusto.it\/public\/wp-json\/wp\/v2\/posts"}],"about":[{"href":"https:\/\/www.sceltedigusto.it\/public\/wp-json\/wp\/v2\/types\/post"}],"author":[{"embeddable":true,"href":"https:\/\/www.sceltedigusto.it\/public\/wp-json\/wp\/v2\/users\/18"}],"replies":[{"embeddable":true,"href":"https:\/\/www.sceltedigusto.it\/public\/wp-json\/wp\/v2\/comments?post=102"}],"version-history":[{"count":1,"href":"https:\/\/www.sceltedigusto.it\/public\/wp-json\/wp\/v2\/posts\/102\/revisions"}],"predecessor-version":[{"id":4556,"href":"https:\/\/www.sceltedigusto.it\/public\/wp-json\/wp\/v2\/posts\/102\/revisions\/4556"}],"wp:attachment":[{"href":"https:\/\/www.sceltedigusto.it\/public\/wp-json\/wp\/v2\/media?parent=102"}],"wp:term":[{"taxonomy":"category","embeddable":true,"href":"https:\/\/www.sceltedigusto.it\/public\/wp-json\/wp\/v2\/categories?post=102"},{"taxonomy":"post_tag","embeddable":true,"href":"https:\/\/www.sceltedigusto.it\/public\/wp-json\/wp\/v2\/tags?post=102"}],"curies":[{"name":"wp","href":"https:\/\/api.w.org\/{rel}","templated":true}]}}