{"id":10171,"date":"2015-12-17T10:08:09","date_gmt":"2015-12-17T09:08:09","guid":{"rendered":"http:\/\/www.sceltedigusto.it\/public\/?p=10171"},"modified":"2015-12-17T17:54:46","modified_gmt":"2015-12-17T16:54:46","slug":"la-granita-si-mette-in-mostra","status":"publish","type":"post","link":"https:\/\/www.sceltedigusto.it\/public\/la-granita-si-mette-in-mostra\/","title":{"rendered":"La granita si mette in mostra"},"content":{"rendered":"<div><img loading=\"lazy\" class=\"size-full wp-image-10172 alignleft\" src=\"http:\/\/www.sceltedigusto.it\/public\/wp-content\/uploads\/2015\/12\/images.jpg\" alt=\"images\" width=\"275\" height=\"183\" srcset=\"https:\/\/www.sceltedigusto.it\/public\/wp-content\/uploads\/2015\/12\/images.jpg 275w, https:\/\/www.sceltedigusto.it\/public\/wp-content\/uploads\/2015\/12\/images-150x100.jpg 150w\" sizes=\"(max-width: 275px) 100vw, 275px\" \/>Domenica 20 dicembre, alle ore 17.00, presso il museo di Trecastagni, ex Chiostro di San Francesco (piazzale Vecchio Municipio), sar\u00e0 inaugurata la mostra interattiva <strong><em>Dalle Neviere e Nevaroli di Sicilia alla storia della Granita Siciliana<\/em><\/strong>,<strong>promossa e realizzata dall&#8217;Assessorato regionale dei Beni Culturali e dell&#8217;Identit\u00e0 Siciliana<\/strong>, con il patrocinio del Comune di Trecastagni (CT), e visitabile fino al 31 dicembre 2015. Un tuffo nel passato per conoscere e scoprire nel dettaglio e dall&#8217;origine la storia del commercio della neve e della granita artigianale in Sicilia, i suoi personaggi, il territorio, le materie prime.&nbsp;<\/p>\n<p>\u201c<strong>L&#8217;Assessorato regionale dei beni culturali e dell&#8217;Identit\u00e0 siciliana<\/strong> che da poco ho l&#8217;onore di dirigere \u2013 afferma<strong>Carlo Vermiglio<\/strong> \u00ad ha voluto promuovere e realizzare questa iniziativa per far conoscere al vasto pubblico un importante tassello della storia economica e sociale dell&#8217;isola. Fino all&#8217;affermazione della refrigerazione artificiale negli anni Cinquanta del secolo scorso, la neve delle nostre montagne \u00ad e in particolare dell&#8217;Etna, principale \u201cserbatoio\u201d della Sicilia \u00ad costitu\u00ec un&#8217;importante fonte di lavoro e di godimento per il palato, alimentando la produzione di gelati e sorbetti molto apprezzati tra &#8216;700 e &#8216;800 per la loro qualit\u00e0 e variet\u00e0 anche dai viaggiatori del Grand Tour\u201d.<\/p>\n<p><a href=\"http:\/\/www.sceltedigusto.it\/public\/wp-content\/uploads\/2015\/12\/copertina.jpg\"><img loading=\"lazy\" class=\"size-medium wp-image-10173 alignright\" src=\"http:\/\/www.sceltedigusto.it\/public\/wp-content\/uploads\/2015\/12\/copertina-300x300.jpg\" alt=\"copertina\" width=\"300\" height=\"300\" srcset=\"https:\/\/www.sceltedigusto.it\/public\/wp-content\/uploads\/2015\/12\/copertina-300x300.jpg 300w, https:\/\/www.sceltedigusto.it\/public\/wp-content\/uploads\/2015\/12\/copertina-150x150.jpg 150w, https:\/\/www.sceltedigusto.it\/public\/wp-content\/uploads\/2015\/12\/copertina-210x210.jpg 210w, https:\/\/www.sceltedigusto.it\/public\/wp-content\/uploads\/2015\/12\/copertina.jpg 819w\" sizes=\"(max-width: 300px) 100vw, 300px\" \/><\/a><\/p>\n<p>La mostra, a <strong>cura di Tiziana Privitera<\/strong>, nasce dalla collaborazione tra la startup innovativa Interactivia e Progetti Collaterali. Il percorso espositivo si articola in otto spazi che, con strumenti tradizionali e tecnologie innovative nel campo della \u00a0isualizzazione dei contenuti, coinvolgeranno i cinque sensi per favorire l&#8217;approccio con patrimonio identitario siciliano e sensibilizzare le nuove generazioni sui mestieri antichi fatti di personaggi storici e strumenti artigianali.<\/p>\n<p>\u201cIl visitatore \u00ad spiega la Privitera \u00ad sar\u00e0 trasportato in un contesto dove potr\u00e0 ammirare pezzi storici e fotografie, leggere testi descrittivi e curiosit\u00e0, vivere un\u2019esperienza unica attraverso i cinque sensi.<\/p>\n<p>L\u2019allestimento \u00e8 caratterizzato dall\u2019utilizzo di materiali tipici della tradizione: antichi pozzetti da trasporto, mantecatori manuali a refrigerazione con ghiaccio e sale, arnesi da lavoro, paglia, sacchi in juta, che, partendo dagli antichi Nevaroli, rimandano ai personaggi e agli strumenti che hanno fatto la storia della Granita Siciliana\u201d.<\/p>\n<p>Diverse istallazioni interattive daranno luogo a una stimolazione polisensoriale: visiva, attraverso videocamere che rilevano i movimenti, luci, monitor, proiettori, macchine del fumo; olfattiva, grazie a speciali diffusori di essenze; sonora, attraverso altoparlanti; o ancora tattile, attraverso l&#8217;uso di dispositivi di movimento o sensibili al tatto (display, semplici bottoni). In una stanza polisensoriale interattiva, grazie all&#8217;utilizzo della tecnica delle \u201cinteractive videoprojection\u201d, sar\u00e0 ricreato uno scenario virtuale dove i visitatori, semplicemente passeggiando all&#8217;interno della stanza, potranno interagire con le proiezioni rivivendo cosi le sensazioni che avrebbero provato all&#8217;esterno.<\/p>\n<p>E poi, in programma i laboratori dedicati alla realizzazione della granita fatta a mano: si proceder\u00e0 insieme al pubblico alla preparazione della \u201csalamoia\u201d, miscela eutettica utile alla realizzazione della granita, e si realizzer\u00e0 la granita nell\u2019apposito pozzetto immerso nel ghiaccio e sale, fino a farla degustare al pubblico presente, facendo vivere un\u2019esperienza indimenticabile e fuori dal tempo.<\/p>\n<p><strong>All&#8217;inaugurazione della mostra interverranno Anthony Barbagallo<\/strong> Assessore regionale al Turismo, Sport e Spettacolo, <strong>Giovanni Barbagallo<\/strong> Sindaco del Comune di Trecastagni<strong>, Fulvia Caffo <\/strong>Soprintendente per i Beni culturali e ambientali di Catania, Giuseppe Castiglione Sottosegretario Ministero Politiche agricole, alimentari e forestali, <strong>Luigi Messina<\/strong> Responsabile Unico del Procedimento <strong>e Tiziana Privitera <\/strong>Curatrice della Mostra.<\/p>\n<p>&nbsp;<\/p>\n<p>Orari apertura:<\/p>\n<p>&nbsp;<\/p>\n<p>da luned\u00ec a venerd\u00ec ore 09.00 \u2013 13.00<\/p>\n<p>domenica ore 09.00 \u2013 13.00 \/ 16.00 \u2013 20.00<\/p>\n<p>con visite guidate alle ore 09.30 e solo la domenica anche alle ore 16.30<\/p>\n<p>&nbsp;<\/p>\n<p>CHIUSA il 25 e 26 dicembre<\/p>\n<p>&nbsp;<\/p>\n<\/div>\n<p>&nbsp;<\/p>\n","protected":false},"excerpt":{"rendered":"<p>Domenica 20 dicembre, alle ore 17.00, presso il museo di Trecastagni, ex Chiostro di San Francesco (piazzale Vecchio Municipio), sar\u00e0 inaugurata la mostra interattiva Dalle Neviere e Nevaroli di Sicilia alla storia della Granita Siciliana,promossa e realizzata dall&#8217;Assessorato regionale dei Beni Culturali e dell&#8217;Identit\u00e0 Siciliana, con il patrocinio del Comune di Trecastagni (CT), e visitabile [&hellip;]<\/p>\n","protected":false},"author":15,"featured_media":10172,"comment_status":"open","ping_status":"open","sticky":false,"template":"","format":"standard","meta":[],"categories":[4],"tags":[4313,1542,7029,7028],"jetpack_featured_media_url":"https:\/\/www.sceltedigusto.it\/public\/wp-content\/uploads\/2015\/12\/images.jpg","_links":{"self":[{"href":"https:\/\/www.sceltedigusto.it\/public\/wp-json\/wp\/v2\/posts\/10171"}],"collection":[{"href":"https:\/\/www.sceltedigusto.it\/public\/wp-json\/wp\/v2\/posts"}],"about":[{"href":"https:\/\/www.sceltedigusto.it\/public\/wp-json\/wp\/v2\/types\/post"}],"author":[{"embeddable":true,"href":"https:\/\/www.sceltedigusto.it\/public\/wp-json\/wp\/v2\/users\/15"}],"replies":[{"embeddable":true,"href":"https:\/\/www.sceltedigusto.it\/public\/wp-json\/wp\/v2\/comments?post=10171"}],"version-history":[{"count":4,"href":"https:\/\/www.sceltedigusto.it\/public\/wp-json\/wp\/v2\/posts\/10171\/revisions"}],"predecessor-version":[{"id":10188,"href":"https:\/\/www.sceltedigusto.it\/public\/wp-json\/wp\/v2\/posts\/10171\/revisions\/10188"}],"wp:featuredmedia":[{"embeddable":true,"href":"https:\/\/www.sceltedigusto.it\/public\/wp-json\/wp\/v2\/media\/10172"}],"wp:attachment":[{"href":"https:\/\/www.sceltedigusto.it\/public\/wp-json\/wp\/v2\/media?parent=10171"}],"wp:term":[{"taxonomy":"category","embeddable":true,"href":"https:\/\/www.sceltedigusto.it\/public\/wp-json\/wp\/v2\/categories?post=10171"},{"taxonomy":"post_tag","embeddable":true,"href":"https:\/\/www.sceltedigusto.it\/public\/wp-json\/wp\/v2\/tags?post=10171"}],"curies":[{"name":"wp","href":"https:\/\/api.w.org\/{rel}","templated":true}]}}