{"id":10165,"date":"2015-12-10T09:54:50","date_gmt":"2015-12-10T08:54:50","guid":{"rendered":"http:\/\/www.sceltedigusto.it\/public\/?p=10165"},"modified":"2015-12-17T10:01:30","modified_gmt":"2015-12-17T09:01:30","slug":"10165","status":"publish","type":"post","link":"https:\/\/www.sceltedigusto.it\/public\/10165\/","title":{"rendered":"Un successo per la sagra del Tirrimmulliru e della Nuvoletta"},"content":{"rendered":"<p><em>di Federica Genovese<\/em><\/p>\n<p>Si \u00e8 conclusa a Randazzo, nel giorno dell&#8217;Immacolata Concezione, la seconda edizione della \u201csagra del Tirrimmulliru e della Nuvoletta\u201d, con un bilancio positivo.<\/p>\n<p><a href=\"http:\/\/www.sceltedigusto.it\/public\/wp-content\/uploads\/2015\/12\/formaggio-1.jpg\"><img loading=\"lazy\" class=\"size-medium wp-image-10167 alignleft\" src=\"http:\/\/www.sceltedigusto.it\/public\/wp-content\/uploads\/2015\/12\/formaggio-1-300x225.jpg\" alt=\"formaggio 1\" width=\"300\" height=\"225\" srcset=\"https:\/\/www.sceltedigusto.it\/public\/wp-content\/uploads\/2015\/12\/formaggio-1-300x225.jpg 300w, https:\/\/www.sceltedigusto.it\/public\/wp-content\/uploads\/2015\/12\/formaggio-1.jpg 960w\" sizes=\"(max-width: 300px) 100vw, 300px\" \/><\/a><\/p>\n<p>Un programma ricchissimo di avvenimenti, aventi tutti come finalit\u00e0 la promozione dei prodotti locali.<\/p>\n<p>Si parla al plurale proprio perch\u00e8 Randazzo vanta un territorio vasto e variegato dove da secoli ci si dedica, oltre che alla pastorizia ed a tutte le attivit\u00e0 ad essa connesse, a molte colture ed alla raccolta di prodotti che crescono spontaneamente, un esempio tra tutti, i funghi nelle loro pi\u00f9 ricercate e conosciute variet\u00e0, dal porcino dell&#8217;Etna e dei Nebrodi al pleurotus ferulae (fungo di ferla).<\/p>\n<p>&nbsp;<\/p>\n<p>Degustazioni dunque, per far conoscere le prelibatezze qui prodotte, all&#8217;ordine del giorno.<\/p>\n<p>Tra queste, un posto di rilevo hanno avuto i salumi ed i prodotti caseari.<\/p>\n<p>Quelle dedicate ai formaggi poi, hanno fatto conoscere due tra le specialit\u00e0 del settore pi\u00f9 pregiate e ricercate nel mercato di nicchia: la \u201cprovola sfoglia\u201d, premiata da\u00a0 Alma caseus nel 2014, e la \u201c provola verdello\u201d, entrambe prodotte dal caseificio \u201c La Cava\u201d , azienda che va avanti oramai\u00a0 da tre generazioni, le quali nel tempo hanno saputo accostare la tradizione all&#8217;innovazione.<\/p>\n<p>&nbsp;<\/p>\n<p>Una degustazione \u201c doc\u201d \u00e8 sicuramente quella dedicata all&#8217;olio d&#8217;oliva, guidata dal presidente dell&#8217;Associazione Produttori Olio di Catania, Giosu\u00e8 Catania.<\/p>\n<p>L&#8217;evento \u00e8 stato realizzato soprattutto con l&#8217;intento di far crescere l&#8217;interesse nei produttori locali che dispongono di notevoli estensioni di uliveti, affinch\u00e8 il prodotto venga etichettato e commercializzato.<\/p>\n<p>Ci\u00f2 non solo nella prospettiva di far conoscere un prodotto di qualit\u00e0 e dalle caratteristiche eccellenti sempre pi\u00f9 riconosciute e legittimate, ma anche perseguendo un indirizzo pi\u00f9 propriamente politico, dove si intende creare un nuovo sbocco occupazionale.<\/p>\n<p>&nbsp;<\/p>\n<p>I dolci, protagonisti principali e di richiamo dell&#8217;evento, hanno ottenuto il loro, meritato, successo.<img loading=\"lazy\" class=\"alignnone size-medium wp-image-10168 alignright\" src=\"http:\/\/www.sceltedigusto.it\/public\/wp-content\/uploads\/2015\/12\/formaggio-4-300x225.jpg\" alt=\"formaggio 4\" width=\"300\" height=\"225\" srcset=\"https:\/\/www.sceltedigusto.it\/public\/wp-content\/uploads\/2015\/12\/formaggio-4-300x225.jpg 300w, https:\/\/www.sceltedigusto.it\/public\/wp-content\/uploads\/2015\/12\/formaggio-4.jpg 960w\" sizes=\"(max-width: 300px) 100vw, 300px\" \/><\/p>\n<p>&nbsp;<\/p>\n<p>Anche la questione linguistica ha avuto il suo spazio all&#8217;interno di questo evento.<\/p>\n<p>Si \u00e8 infatti tenuta presso l&#8217;aula consiliare Falcone -Borsellino del comune, la conferenza \u201cCultura alimentare e dialetto nella Sicilia lombarda\u201d, in cui il prof. Salvatore C. Trovato, dopo un&#8217; interessantissimo excursus linguistico su alcuni fenomeni culinari, ha interagito con i partecipanti per cercare di comprende quale sia l&#8217;origine etimologica di questo antichissimo dolce che \u00e8 appunto il \u201c Tirrimmulliro\u201d.<\/p>\n<p>Anche se si \u00e8 ancora lontani da soluzioni definitive, pare per\u00f2 che la conferenza abbia raggiunto gli scopi prefissati e portato qualche dettaglio in pi\u00f9 alla ricerca. L&#8217;anno prossimo ne sapremo di pi\u00f9!<\/p>\n<p>&nbsp;<\/p>\n<p>Non solo \u201c Tirrimmulliri\u201d e \u201c Nuvolette\u201d, i pasticceri randazzesi infatti si sono cimentati in una serie di showcooking in cui hanno riproposto, fuori dai loro laboratori, la preparazione di alcuni tra i dolci pi\u00f9 tradizionali della cittadina.<\/p>\n<p>Con grande passione ed entusiasmo, sotto gli occhi di un pubblico pi\u00f9 che mai curioso e delle telecamere, hanno fatto s\u00ec che prendessero forma \u201cnucattuli\u201d, \u201cpasticciotti alla ricotta\u201d,\u201dcassatelle alla mandorla\u201d e le altre specialit\u00e0 prodotte nelle loro pasticcerie tutto l&#8217;anno.<\/p>\n<p><a href=\"http:\/\/www.sceltedigusto.it\/public\/wp-content\/uploads\/2015\/12\/cassata.jpg\"><img loading=\"lazy\" class=\"size-medium wp-image-10166 alignleft\" src=\"http:\/\/www.sceltedigusto.it\/public\/wp-content\/uploads\/2015\/12\/cassata-300x224.jpg\" alt=\"cassata\" width=\"300\" height=\"224\" srcset=\"https:\/\/www.sceltedigusto.it\/public\/wp-content\/uploads\/2015\/12\/cassata-300x224.jpg 300w, https:\/\/www.sceltedigusto.it\/public\/wp-content\/uploads\/2015\/12\/cassata-1024x764.jpg 1024w, https:\/\/www.sceltedigusto.it\/public\/wp-content\/uploads\/2015\/12\/cassata.jpg 1600w\" sizes=\"(max-width: 300px) 100vw, 300px\" \/><\/a><\/p>\n<p>A concludere questi dolcissimi spettacoli, con un impatto di grande effetto, lo showcoocking tenutosi giorno sette dicembre, quando i pasticceri dell&#8217;associazione culturale \u201c Duciezio \u201d, insieme alle maestranze locali, hanno\u00a0 realizzato una cassata gigante, poi offerta al pubblico.<\/p>\n<p>Un&#8217;occasione di arricchimento non solo per gli appassionati esterni, ma soprattutto per la comunit\u00e0 randazzese che si \u00e8 onorata di ospitare i rappresentanti pi\u00f9 importanti della pasticceria siciliana, e li ha visti collaborare entusiasticamente tutti riuniti sotto al vulcano, a dare spettacolo proprio in concomitanza alla magia delle spettacolari eruzioni laviche.<\/p>\n<p>Cos\u00ec \u00e8 la Sicilia, magia e spettacolo, per il palato e per gli occhi.<\/p>\n<p>&nbsp;<\/p>\n","protected":false},"excerpt":{"rendered":"<p>di Federica Genovese Si \u00e8 conclusa a Randazzo, nel giorno dell&#8217;Immacolata Concezione, la seconda edizione della \u201csagra del Tirrimmulliru e della Nuvoletta\u201d, con un bilancio positivo. Un programma ricchissimo di avvenimenti, aventi tutti come finalit\u00e0 la promozione dei prodotti locali. Si parla al plurale proprio perch\u00e8 Randazzo vanta un territorio vasto e variegato dove da [&hellip;]<\/p>\n","protected":false},"author":15,"featured_media":0,"comment_status":"open","ping_status":"open","sticky":false,"template":"","format":"standard","meta":[],"categories":[5435],"tags":[496,6926,4313,7027],"jetpack_featured_media_url":"","_links":{"self":[{"href":"https:\/\/www.sceltedigusto.it\/public\/wp-json\/wp\/v2\/posts\/10165"}],"collection":[{"href":"https:\/\/www.sceltedigusto.it\/public\/wp-json\/wp\/v2\/posts"}],"about":[{"href":"https:\/\/www.sceltedigusto.it\/public\/wp-json\/wp\/v2\/types\/post"}],"author":[{"embeddable":true,"href":"https:\/\/www.sceltedigusto.it\/public\/wp-json\/wp\/v2\/users\/15"}],"replies":[{"embeddable":true,"href":"https:\/\/www.sceltedigusto.it\/public\/wp-json\/wp\/v2\/comments?post=10165"}],"version-history":[{"count":2,"href":"https:\/\/www.sceltedigusto.it\/public\/wp-json\/wp\/v2\/posts\/10165\/revisions"}],"predecessor-version":[{"id":10170,"href":"https:\/\/www.sceltedigusto.it\/public\/wp-json\/wp\/v2\/posts\/10165\/revisions\/10170"}],"wp:attachment":[{"href":"https:\/\/www.sceltedigusto.it\/public\/wp-json\/wp\/v2\/media?parent=10165"}],"wp:term":[{"taxonomy":"category","embeddable":true,"href":"https:\/\/www.sceltedigusto.it\/public\/wp-json\/wp\/v2\/categories?post=10165"},{"taxonomy":"post_tag","embeddable":true,"href":"https:\/\/www.sceltedigusto.it\/public\/wp-json\/wp\/v2\/tags?post=10165"}],"curies":[{"name":"wp","href":"https:\/\/api.w.org\/{rel}","templated":true}]}}