{"id":10033,"date":"2015-12-04T11:54:42","date_gmt":"2015-12-04T10:54:42","guid":{"rendered":"http:\/\/www.sceltedigusto.it\/public\/?p=10033"},"modified":"2015-12-04T11:54:42","modified_gmt":"2015-12-04T10:54:42","slug":"a-marigliano-al-via-la-seconda-edizione-de-alla-corte-del-gusto","status":"publish","type":"post","link":"https:\/\/www.sceltedigusto.it\/public\/a-marigliano-al-via-la-seconda-edizione-de-alla-corte-del-gusto\/","title":{"rendered":"A Marigliano al via la seconda edizione de \u201cAlla Corte del Gusto\u201d"},"content":{"rendered":"<p><strong>A Marigliano al via la seconda edizione de \u201cAlla Corte del Gusto\u201d<\/strong><\/p>\n<p><em><a href=\"http:\/\/www.sceltedigusto.it\/public\/wp-content\/uploads\/2015\/12\/Locandina-alla-corte-del-gusto-Merigliano-LR.jpg\"><img loading=\"lazy\" class=\"alignleft wp-image-10031 size-medium\" src=\"http:\/\/www.sceltedigusto.it\/public\/wp-content\/uploads\/2015\/12\/Locandina-alla-corte-del-gusto-Merigliano-LR-205x300.jpg\" alt=\"Locandina-alla-corte-del-gusto-Merigliano-LR\" width=\"205\" height=\"300\" srcset=\"https:\/\/www.sceltedigusto.it\/public\/wp-content\/uploads\/2015\/12\/Locandina-alla-corte-del-gusto-Merigliano-LR-205x300.jpg 205w, https:\/\/www.sceltedigusto.it\/public\/wp-content\/uploads\/2015\/12\/Locandina-alla-corte-del-gusto-Merigliano-LR-700x1024.jpg 700w, https:\/\/www.sceltedigusto.it\/public\/wp-content\/uploads\/2015\/12\/Locandina-alla-corte-del-gusto-Merigliano-LR.jpg 935w\" sizes=\"(max-width: 205px) 100vw, 205px\" \/><\/a>Domani l&#8217;inizio dell\u2019attesa kermesse che si terr\u00e0 presso il Castello Ducale di Marigliano dal 5 all&#8217;8 Dicembre 2015.<\/em><\/p>\n<p>Mancano poche ore all&#8217;inizio della seconda edizione de &#8220;Alla Corte del Gusto&#8221;, atteso evento volto alla valorizzazione di tutte le eccellenze campane, organizzato dall&#8217;Associazione Culturale Terre di Campania. La manifestazione si terr\u00e0 a Marigliano, presso il Castello Ducale, dl 5 all\u20198 dicembre. Si comincia sabato 5, alle ore 10,00, con l\u2019incontro-dibattito dal titolo <strong>&#8220;Il Sud che vince&#8221;<\/strong>, dedicato agli studenti delle scuole secondarie di secondo grado. <strong>Claudio Gubitosi<\/strong>, patron del Giffoni Film Festival, porter\u00e0 la propria testimonianza con l\u2019obiettivo di avviare una riflessione sull\u2019argomento della centralit\u00e0 del Sud, non pi\u00f9 \u201cultima ruota del carro\u201d, ma fucina di idee, imprese e uomini che si distinguono sul territorio nazionale ed internazionale. Durante il dibattito interverranno anche: <strong>Francesco De Core<\/strong>, Caporedattore de Il Mattino e Scrittore e <strong>Simone Ottaiano<\/strong>, Presidente Associazione Terre di Campania. Modera <strong>Carmela Maietta<\/strong>, Giornalista de Il Mattino. A seguire si terr\u00e0 l&#8217;inaugurazione della mostra d&#8217;arte contemporanea <strong>&#8220;Terra Felice&#8221;<\/strong> curata da <strong>Antonio Geirola<\/strong> e realizzata con il sostegno del <strong>DAMA Museum<\/strong>, che sar\u00e0 visitabile per tutta la durata dell\u2019evento. La mattinata si concluder\u00e0 con una degustazione di piatti di pasta tradizionale offerti dal pastificio le Gemme del Vesuvio e preparati dal Ristornate Dam\u00e0 di Marigliano. Nel pomeriggio si terr\u00e0 il primo dei tanti laboratorio di degustazione che animeranno la quattro giorni. Si tratta di &#8220;Olio, oro giallo&#8221;, laboratorio di avvicinamento alla conoscenza dell&#8217;olio extravergine di oliva, a cura dell&#8217;Agronomo <strong>Ivan Rizzitelli<\/strong>, e durante il quale interverr\u00e0 l&#8217;azienda Agricola &#8220;San Comaio di Zungoli&#8221;. In serata spazio alla Cena di Solidariet\u00e0. Un fitto men\u00f9, ricco di prodotti tipici campani, realizzato dallo chef <strong>Marco de Cesare<\/strong> del Ristorante Amabile di Cercola, delizier\u00e0 gli ospiti. L&#8217;antipasto prevede un viaggio all&#8217;interno del mondo dei formaggi: tattica di bufala con composta di mirtilli, ricottina di bufala con miele di acacia o di castagno, taleggio di bufala, blu di bufala con composta di albicocca pellecchiella. Tagliata di salame Napoli e lattuga canasta completeranno il tutto. Il primo piatto sar\u00f2 a sfondo mediterraneo mentre per il secondo \u00e8 prevista una coppa di maiale nero casertano ripieno con noci, funghi porcini e champignon con salsa di castagne su vellutata di patate e broccoli di rapa saltati e treccione di bufala del Caseificio \u201cLe Forme del Latte\u201d. A concludere un gustoso dolce realizzata dal ristorante Dam\u00e0. Durante tutto l&#8217;evento sar\u00e0 possibile visitare il <strong>&#8220;Mercatino delle eccellenze&#8221;, <\/strong>una mostra mercato delle bont\u00e0 agroalimentari campane dove il pane, la pasta, il vino, l&#8217;olio, i formaggi, i salumi e i prodotti dell&#8217;orto saranno i protagonisti. <strong>L\u2019evento proseguir\u00e0 domenica 8 con un ricco programma consultabile sul sito web www.allacortedelgusto.it.<\/strong><\/p>\n","protected":false},"excerpt":{"rendered":"<p>A Marigliano al via la seconda edizione de \u201cAlla Corte del Gusto\u201d Domani l&#8217;inizio dell\u2019attesa kermesse che si terr\u00e0 presso il Castello Ducale di Marigliano dal 5 all&#8217;8 Dicembre 2015. Mancano poche ore all&#8217;inizio della seconda edizione de &#8220;Alla Corte del Gusto&#8221;, atteso evento volto alla valorizzazione di tutte le eccellenze campane, organizzato dall&#8217;Associazione Culturale [&hellip;]<\/p>\n","protected":false},"author":18,"featured_media":10032,"comment_status":"open","ping_status":"open","sticky":false,"template":"","format":"standard","meta":[],"categories":[4,29],"tags":[6931,6942,6933,6940,6932,6935,6943,1601,790,1736,6937,6936,6938,6945,6946,6930,1535,460,383,6944,591,1441,6939,6934,6941,209],"jetpack_featured_media_url":"https:\/\/www.sceltedigusto.it\/public\/wp-content\/uploads\/2015\/12\/grafica-Merigliano-2015.jpg","_links":{"self":[{"href":"https:\/\/www.sceltedigusto.it\/public\/wp-json\/wp\/v2\/posts\/10033"}],"collection":[{"href":"https:\/\/www.sceltedigusto.it\/public\/wp-json\/wp\/v2\/posts"}],"about":[{"href":"https:\/\/www.sceltedigusto.it\/public\/wp-json\/wp\/v2\/types\/post"}],"author":[{"embeddable":true,"href":"https:\/\/www.sceltedigusto.it\/public\/wp-json\/wp\/v2\/users\/18"}],"replies":[{"embeddable":true,"href":"https:\/\/www.sceltedigusto.it\/public\/wp-json\/wp\/v2\/comments?post=10033"}],"version-history":[{"count":1,"href":"https:\/\/www.sceltedigusto.it\/public\/wp-json\/wp\/v2\/posts\/10033\/revisions"}],"predecessor-version":[{"id":10034,"href":"https:\/\/www.sceltedigusto.it\/public\/wp-json\/wp\/v2\/posts\/10033\/revisions\/10034"}],"wp:featuredmedia":[{"embeddable":true,"href":"https:\/\/www.sceltedigusto.it\/public\/wp-json\/wp\/v2\/media\/10032"}],"wp:attachment":[{"href":"https:\/\/www.sceltedigusto.it\/public\/wp-json\/wp\/v2\/media?parent=10033"}],"wp:term":[{"taxonomy":"category","embeddable":true,"href":"https:\/\/www.sceltedigusto.it\/public\/wp-json\/wp\/v2\/categories?post=10033"},{"taxonomy":"post_tag","embeddable":true,"href":"https:\/\/www.sceltedigusto.it\/public\/wp-json\/wp\/v2\/tags?post=10033"}],"curies":[{"name":"wp","href":"https:\/\/api.w.org\/{rel}","templated":true}]}}